{"id":694,"date":"2014-12-01T11:12:41","date_gmt":"2014-12-01T09:12:41","guid":{"rendered":"http:\/\/blogs.hoy.es\/meteobadajoz\/?p=694"},"modified":"2014-12-01T11:12:41","modified_gmt":"2014-12-01T09:12:41","slug":"tiempo-estable-y-frio-para-comenzar-el-mes-de-diciembre","status":"publish","type":"post","link":"https:\/\/blogs.hoy.es\/meteobadajoz\/2014\/12\/01\/tiempo-estable-y-frio-para-comenzar-el-mes-de-diciembre\/","title":{"rendered":"Tiempo estable y fr\u00edo para comenzar el mes de diciembre"},"content":{"rendered":"<p align=\"LEFT\"><strong><span style=\"color: #000000;\"><span style=\"font-size: 14px;\"><span style=\"font-family: 'Segoe UI';\">\u00bb<\/span><\/span><span style=\"color: #000000;\"><span style=\"font-size: 14px;\"><span style=\"font-family: 'Segoe UI', sans-serif;\"> Tras un noviembre lluvioso y suave en temperaturas, diciembre comienza con tiempo m\u00e1s estable y fr\u00edo, sobre todo a medida que avance la semana.<\/span><\/span><\/span><\/span><\/strong><\/p>\n<p style=\"text-align: center;\" align=\"CENTER\"><strong><\/strong><strong><span style=\"color: #000000;\"><span style=\"font-size: 12px;\"><span style=\"font-family: Arial, Helvetica, sans-serif;\"><span><img loading=\"lazy\" class=\"aligncenter\" src=\"\/\/nsae02.casimages.net\/img\/2014\/12\/01\/141201101214375746.png\" alt=\"\" width=\"675\" height=\"338\" \/>Situaci\u00f3n prevista en los pr\u00f3ximos d\u00edas &#8211; Imagen de fondo: V\u00edctor Bautista<\/span><\/span><\/span><\/span><\/strong><\/p>\n<p align=\"LEFT\"><span><span style=\"font-size: 12px;\"><span style=\"font-family: Arial, Helvetica, sans-serif;\"><span><strong>Lunes 1 de Diciembre 2014.<\/strong><\/span><\/span><\/span><span><span><span><span style=\"font-family: Arial, Helvetica, sans-serif;\"><span style=\"font-size: 12px;\"> Mucho ha llovido a lo largo de las \u00faltimas semanas en todo el oeste peninsular, y con temperaturas que se mantuvieron muy suaves debido a la llegada de masas de aire templadas y h\u00famedas desde el Atl\u00e1ntico. A la espera de datos oficiales, es muy probable que este Noviembre 2014 haya sido algo <strong>m\u00e1s c\u00e1lido y lluvioso de lo normal<\/strong>.<!--more--><\/span><\/span><\/span><\/span><\/span><\/span><\/p>\n<p align=\"LEFT\"><span style=\"color: #000000;\"><span style=\"font-size: 12px;\"><span style=\"font-family: Arial, Helvetica, sans-serif;\"><span>Pero llegamos a diciembre, y parece que a medio plazo la tendencia mostrada por la mayor\u00eda de modelos, apunta a que las temperaturas <strong>ir\u00e1n siendo cada vez m\u00e1s fr\u00edas<\/strong>, con m\u00e1ximas por debajo de los 15\u00baC, y m\u00ednimas de entre 2 y 4\u00baC, especialmente hacia el fin de semana.<\/span><\/span><\/span><\/span><\/p>\n<p align=\"LEFT\"><span style=\"color: #000000;\"><span style=\"font-size: 12px;\"><span style=\"font-family: Arial, Helvetica, sans-serif;\"><span>Eso s\u00ed, hasta entonces, estos primeros d\u00edas de la semana tendremos <strong>temperaturas todav\u00eda bastante suaves<\/strong> en Extremadura y en el oeste peninsular, con m\u00e1ximas de 17-20\u00baC, pero con esa tendencia a descender a partir de este martes, y sobre todo a partir del mi\u00e9rcoles.<\/span><\/span><\/span><\/span><\/p>\n<p align=\"LEFT\"><span style=\"color: #ffffff;\">.<\/span><\/p>\n<p align=\"LEFT\"><span style=\"color: #003366;\"><strong><span style=\"font-size: 20px;\"><span style=\"font-family: Arial, Helvetica, sans-serif;\">&#8211; \u00bfPor qu\u00e9 llega el fr\u00edo en los pr\u00f3ximos d\u00edas?<\/span><\/span><\/strong><\/span><\/p>\n<p align=\"LEFT\"><span style=\"color: #000000;\"><span style=\"font-size: 12px;\"><span style=\"font-family: Arial, Helvetica, sans-serif;\"><span>Se ha producido un cambio de patr\u00f3n en la circulaci\u00f3n de vientos que nos ven\u00eda afectando en las \u00faltimas semanas, tras el paso de la \u00faltima gran borrasca por la Pen\u00ednsula Ib\u00e9rica, Baleares y Canarias; si antes est\u00e1bamos afectados por vientos del oeste (de procedencia atl\u00e1ntica), con lluvias y ambiente suave, ahora la situaci\u00f3n ha cambiado a vientos de norte-noreste, que nos llegan desde el interior-norte de Europa, dej\u00e1ndonos una situaci\u00f3n <strong>m\u00e1s estable y fr\u00eda<\/strong>.<\/span><\/span><\/span><\/span><\/p>\n<p align=\"LEFT\"><span style=\"color: #000000;\"><span style=\"font-size: 12px;\"><span style=\"font-family: Arial, Helvetica, sans-serif;\"><span>La diferencia est\u00e1 en que antes encontr\u00e1bamos una masa de aire c\u00e1lido sobre el Mediterr\u00e1neo y todo el interior-sur de Europa (la dorsal que sub\u00eda desde \u00c1frica), pero la irrupci\u00f3n de la profund\u00edsima borrasca de estos \u00faltimos d\u00edas y el descenso de aire fr\u00edo tan al sur, a tenido un <strong>gran impacto en la meteorolog\u00eda de su alrededor<\/strong>,\u00a0provocando importantes cambios.<\/span><\/span><\/span><\/span><\/p>\n<p align=\"LEFT\"><span style=\"color: #000000;\"><span style=\"font-size: 12px;\"><span style=\"font-family: Arial, Helvetica, sans-serif;\"><span>La borrasca ha terminado anclada en el Mediterr\u00e1neo, y desde ah\u00ed bombea un flujo continuo de vientos de noreste a trav\u00e9s del interior de Europa, succionando tambi\u00e9n parte del aire fr\u00edo que afecta al este del continente, por donde las temperaturas actualmente son bastante bajas.<\/span><\/span><\/span><\/span><\/p>\n<p align=\"LEFT\"><span style=\"color: #000000;\"><span style=\"font-size: 12px;\"><span style=\"font-family: Arial, Helvetica, sans-serif;\"><span>Por otra parte, los desalojos polares que vierten desde Norteam\u00e9rica hacia el Atl\u00e1ntico son cada vez <strong>m\u00e1s intensos<\/strong>, y el ambiente por el que se desplazan favorece cada vez m\u00e1s que esas masas de aire <strong>lleguen con ganas a Europa<\/strong>. En los pr\u00f3ximos d\u00edas, ser\u00e1n partes de esas masas de aire fr\u00edo las que se colar\u00e1n por el norte y noreste de la Pen\u00ednsula Ib\u00e9rica, haciendo que las temperaturas <strong>desciendan de forma acusada<\/strong>, produci\u00e9ndose las primeras heladas.<\/span><\/span><\/span><\/span><\/p>\n<p style=\"text-align: center;\" align=\"LEFT\"><strong><span style=\"font-family: Arial, Helvetica, sans-serif;\"><span style=\"font-size: 12px;\"><img loading=\"lazy\" class=\"aligncenter\" src=\"\/\/nsae02.casimages.net\/img\/2014\/11\/30\/141130093516118837.png\" alt=\"\" width=\"675\" height=\"338\" \/>Temperaturas m\u00ednimas en superficie, lunes 1 de diciembre 2014 &#8211; Modelo GFS<\/span><\/span><\/strong><\/p>\n<p align=\"LEFT\"><span><span><span><span style=\"font-family: Arial, Helvetica, sans-serif;\"><span style=\"font-size: 12px;\">En el mapa superior se muestran las temperaturas m\u00ednimas en toda Europa este lunes al amanecer, cuando se dan las temperaturas m\u00e1s bajas de la jornada: <strong>aire muy fr\u00edo afecta a Rusia y al este de Europa<\/strong>, que incluso se adentra por el interior del\u00a0continente\u00a0dejando valores de temperatura m\u00ednima a primeras horas del d\u00eda de unos -1 y -5\u00baC.<\/span><\/span><\/span><\/span><\/span><\/p>\n<p align=\"LEFT\"><span><span><span><span style=\"font-family: Arial, Helvetica, sans-serif;\"><span style=\"font-size: 12px;\">Mientras tanto, en la Pen\u00ednsula Ib\u00e9rica, las temperaturas m\u00ednimas durante estos primeros d\u00edas de la semana todav\u00eda no nos dejan heladas, o no al menos en zonas llanas, por donde las m\u00ednimas ser\u00e1n de 2 a 6\u00baC en general; a\u00fan as\u00ed, <strong>amanecer fr\u00edo<\/strong> en todo el interior del pa\u00eds.<\/span><\/span><\/span><\/span><\/span><\/p>\n<p style=\"text-align: center;\" align=\"LEFT\"><span><span><span><span style=\"font-family: Arial, Helvetica, sans-serif;\"><span style=\"font-size: 12px;\"><strong><span style=\"font-family: Arial, Helvetica, sans-serif;\"><img loading=\"lazy\" class=\"aligncenter\" src=\"\/\/nsae02.casimages.net\/img\/2014\/11\/30\/141130093527699205.png\" alt=\"\" width=\"600\" height=\"300\" \/>Temperaturas m\u00ednimas en superficie, domingo 7 de diciembre 2014 &#8211; Modelo GFS<\/span><\/strong><\/span><\/span><\/span><\/span><\/span><\/p>\n<p align=\"LEFT\"><span><span><span><span><span><span style=\"font-family: Arial, Helvetica, sans-serif;\"><span style=\"font-size: 12px;\"><strong><\/strong>En cambio, a partir de mediados de semana, y sobre todo de cara al fin de semana, las <\/span><\/span><strong style=\"font-family: Arial, Helvetica, sans-serif; font-size: 12px;\">bajas temperaturas se extender\u00e1n a otras muchas zonas de Europa<\/strong><span style=\"font-family: Arial, Helvetica, sans-serif;\"><span style=\"font-size: 12px;\">, y tambi\u00e9n a Espa\u00f1a. Comparad el mapa superior, con el mostrado un poco m\u00e1s arriba; los colores rosados se extienden por gran parte de la Pen\u00ednsula Ib\u00e9rica, lo que nos indica temperaturas al borde de la helada, o incluso valores negativos durante el pr\u00f3ximo fin de semana.<\/span><\/span><\/span><\/span><\/span><\/span><\/span><\/p>\n<p align=\"LEFT\"><span style=\"font-family: Arial, Helvetica, sans-serif; font-size: 12px;\">Adem\u00e1s, esta situaci\u00f3n de ambiente bastante m\u00e1s fr\u00edo no s\u00f3lo nos acompa\u00f1ar\u00e1 durante esta primera semana de diciembre, sino que parece <strong>persistir tambi\u00e9n a medio-largo plazo<\/strong>, con la llegada de nuevas masas de aire fr\u00edo a Europa, y su posterior entrada por el norte peninsular. Tambi\u00e9n es bastante probable la formaci\u00f3n de <strong>algunos bancos de niebla<\/strong> a primera hora de la ma\u00f1ana durante los pr\u00f3ximos d\u00edas, lo t\u00edpico de esta \u00e9poca fr\u00eda y h\u00fameda.<\/span><\/p>\n<p align=\"LEFT\"><span style=\"color: #000000;\"><span style=\"font-size: 12px;\"><span style=\"font-family: Arial, Helvetica, sans-serif;\"><span>-A parte del descenso progresivo de las temperaturas en la pen\u00ednsula, la novedad con respecto a las \u00faltimas semanas es que parece que <strong>se cierra la <em>&#8220;puerta atl\u00e1ntica&#8221; <\/em><\/strong>\u00a0que tantos frentes ha dejado pasar. El anticicl\u00f3n de las Azores <strong>vuelve a ganar terreno<\/strong> a medio-largo plazo, y eso nos dejar\u00e1 bajo la influencia de tiempo bastante m\u00e1s estable y fr\u00edo durante los pr\u00f3ximos 5-7 d\u00edas. A ver cu\u00e1nto tiempo dura.<\/span><\/span><\/span><\/span><\/p>\n<p align=\"LEFT\"><span style=\"color: #ffffff;\"><span style=\"font-family: Arial, Helvetica, sans-serif;\"><span>.<\/span><\/span><\/span><\/p>\n<p align=\"CENTER\"><span style=\"color: #808080;\"><span style=\"font-size: 12px;\"><span style=\"font-family: Arial, Helvetica, sans-serif;\">Por Javier Pi\u00f1ero Fuentes &#8211; \u00a9 MeteoBadajoz 2014<\/span><\/span><\/span><\/p>\n<p align=\"CENTER\"><span style=\"color: #808080;\"><span style=\"font-size: 12px;\"><span style=\"font-family: arial, sans-serif;\">meteobadajoz@gmail.com<\/span><\/span><\/span><\/p>\n<p align=\"CENTER\"><strong><span style=\"color: #000000;\"><span style=\"font-size: 12px;\"><span style=\"font-family: Arial, Helvetica, sans-serif;\"><span>Puedes seguir cada situaci\u00f3n a trav\u00e9s de la cuenta de Twitter <\/span><\/span><\/span><\/span><\/strong><strong><a href=\"https:\/\/twitter.com\/MeteoBadajoz\" target=\"_blank\" rel=\"external nofollow\"><span style=\"color: #ff0000;\"><span style=\"font-size: 12px;\"><span style=\"font-family: Arial, Helvetica, sans-serif;\"><span>@MeteoBadajoz<\/span><\/span><\/span><\/span><\/a><\/strong><strong><span style=\"color: #000000;\"><span style=\"font-size: 12px;\"><span style=\"font-family: Arial, Helvetica, sans-serif;\"><span>, o Facebook <\/span><\/span><\/span><\/span><\/strong><strong><a href=\"https:\/\/www.facebook.com\/pages\/MeteoBadajoz\/236436716399890\" target=\"_blank\" rel=\"external nofollow\"><span style=\"color: #ff0000;\"><span style=\"font-size: 12px;\"><span style=\"font-family: Arial, Helvetica, sans-serif;\"><span>MeteoBadajoz<\/span><\/span><\/span><\/span><\/a><\/strong><strong><span style=\"color: #000000;\"><span style=\"font-size: 12px;\"><span style=\"font-family: Arial, Helvetica, sans-serif;\"><span>, donde estar\u00e1s informado en todo momento de c\u00f3mo evolucionan los d\u00edas, as\u00ed como de noticias de inter\u00e9s meteorol\u00f3gico.<\/span><\/span><\/span><\/span><\/strong><\/p>\n<p align=\"CENTER\"><strong><span style=\"color: #000000;\"><span style=\"font-size: 12px;\"><span style=\"font-family: Arial, Helvetica, sans-serif;\"><span><span style=\"text-decoration: underline;\"><strong>Si el art\u00edculo te ha parecido interesante, puedes ayudar a divulgarlo a trav\u00e9s de las redes sociales, con ayuda de los botones para compartir.<\/strong><\/span><\/span><\/span><\/span><\/span><\/strong><\/p>\n<p align=\"CENTER\"><strong><span style=\"color: #000000;\"><span style=\"font-size: 12px;\"><span style=\"font-family: Arial, Helvetica, sans-serif;\"><span>\u00a1\u00a1Gracias y un saludo a los lectores del blog!!<\/span><\/span><\/span><\/span><\/strong><\/p>\n<!-- AddThis Advanced Settings generic via filter on the_content --><!-- AddThis Share Buttons generic via filter on the_content -->","protected":false},"excerpt":{"rendered":"<p>\u00bb Tras un noviembre lluvioso y suave en temperaturas, diciembre comienza con tiempo m\u00e1s estable y fr\u00edo, sobre todo a medida que avance la semana. Situaci\u00f3n prevista en los pr\u00f3ximos d\u00edas &#8211; Imagen de fondo: V\u00edctor Bautista Lunes 1 de Diciembre 2014. Mucho ha llovido a lo largo de las \u00faltimas semanas en todo el [&hellip;]<!-- AddThis Advanced Settings generic via filter on get_the_excerpt --><!-- AddThis Share Buttons generic via filter on get_the_excerpt --><\/p>\n","protected":false},"author":75,"featured_media":0,"comment_status":"open","ping_status":"closed","sticky":false,"template":"","format":"standard","meta":[],"categories":[4,5],"tags":[7,12,18,55,62,117],"_links":{"self":[{"href":"https:\/\/blogs.hoy.es\/meteobadajoz\/wp-json\/wp\/v2\/posts\/694"}],"collection":[{"href":"https:\/\/blogs.hoy.es\/meteobadajoz\/wp-json\/wp\/v2\/posts"}],"about":[{"href":"https:\/\/blogs.hoy.es\/meteobadajoz\/wp-json\/wp\/v2\/types\/post"}],"author":[{"embeddable":true,"href":"https:\/\/blogs.hoy.es\/meteobadajoz\/wp-json\/wp\/v2\/users\/75"}],"replies":[{"embeddable":true,"href":"https:\/\/blogs.hoy.es\/meteobadajoz\/wp-json\/wp\/v2\/comments?post=694"}],"version-history":[{"count":0,"href":"https:\/\/blogs.hoy.es\/meteobadajoz\/wp-json\/wp\/v2\/posts\/694\/revisions"}],"wp:attachment":[{"href":"https:\/\/blogs.hoy.es\/meteobadajoz\/wp-json\/wp\/v2\/media?parent=694"}],"wp:term":[{"taxonomy":"category","embeddable":true,"href":"https:\/\/blogs.hoy.es\/meteobadajoz\/wp-json\/wp\/v2\/categories?post=694"},{"taxonomy":"post_tag","embeddable":true,"href":"https:\/\/blogs.hoy.es\/meteobadajoz\/wp-json\/wp\/v2\/tags?post=694"}],"curies":[{"name":"wp","href":"https:\/\/api.w.org\/{rel}","templated":true}]}}