{"id":697,"date":"2014-12-07T17:58:47","date_gmt":"2014-12-07T15:58:47","guid":{"rendered":"http:\/\/blogs.hoy.es\/meteobadajoz\/?p=697"},"modified":"2014-12-07T17:58:47","modified_gmt":"2014-12-07T15:58:47","slug":"bloqueo-anticiclonico-todo-el-mes-de-diciembre","status":"publish","type":"post","link":"https:\/\/blogs.hoy.es\/meteobadajoz\/2014\/12\/07\/bloqueo-anticiclonico-todo-el-mes-de-diciembre\/","title":{"rendered":"\u00bfBloqueo anticicl\u00f3nico durante gran parte del mes de diciembre?"},"content":{"rendered":"<p align=\"LEFT\"><strong><span style=\"color: #000000;\"><span style=\"font-size: 14px;\"><span style=\"font-family: 'Segoe UI';\">\u00bb<\/span><\/span><span style=\"color: #000000;\"><span style=\"font-size: 14px;\"><span style=\"font-family: 'Segoe UI', sans-serif;\">\u00a0La tendencia a medio-largo plazo indica que la situaci\u00f3n anticicl\u00f3nica que afecta actualmente a la Pen\u00ednsula Ib\u00e9rica, podr\u00eda continuar durante las pr\u00f3ximas dos semanas, salvo el paso de alguna vaguada.<\/span><\/span><\/span><\/span><\/strong><\/p>\n<p style=\"text-align: center;\" align=\"CENTER\"><strong><\/strong><strong><span style=\"color: #000000;\"><span style=\"font-size: 12px;\"><span style=\"font-family: Arial, Helvetica, sans-serif;\"><span><img loading=\"lazy\" class=\"aligncenter\" src=\"\/\/nsae02.casimages.net\/img\/2014\/12\/07\/141207042819451201.png\" alt=\"\" width=\"611\" height=\"346\" \/>Dominio claro del anticicl\u00f3n para la segunda semana de Diciembre 2014<\/span><\/span><\/span><\/span><\/strong><\/p>\n<p style=\"text-align: left;\" align=\"CENTER\"><strong><\/strong><span style=\"font-size: 12px;\"><span style=\"font-family: Arial, Helvetica, sans-serif;\"><strong>Domingo 7 de Diciembre 2014.<\/strong><\/span><\/span><span><span style=\"font-size: 12px;\"><span style=\"font-family: Arial, Helvetica, sans-serif;\"> El inicio de este mes de diciembre est\u00e1 transcurriendo con una situaci\u00f3n estable en gran parte del pa\u00eds, a excepci\u00f3n del Cant\u00e1brico, donde el flujo de norte est\u00e1 dejando precipitaciones continuas, y nevadas a partir de cotas no demasiado altas; una situaci\u00f3n que parece que continuar\u00e1 durante el inicio de la pr\u00f3xima semana.<\/span><\/span><\/span><\/p>\n<p align=\"LEFT\"><span style=\"color: #000000;\"><span style=\"font-size: 12px;\"><span style=\"font-family: Arial, Helvetica, sans-serif;\"><span>Sin embargo, en el resto de la pen\u00ednsula, este fin de semana estamos viendo <strong>mucho Sol y temperaturas bastante fr\u00edas<\/strong> tanto por el d\u00eda, como sobre todo durante la madrugada, con heladas en todo el interior y nieblas e inversiones t\u00e9rmicas acusadas en zonas de valle.<\/span><\/span><\/span><\/span><\/p>\n<p align=\"LEFT\"><span style=\"color: #000000;\"><span style=\"font-size: 12px;\"><span style=\"font-family: Arial, Helvetica, sans-serif;\"><span>Pero al margen de las consecuencias de esta situaci\u00f3n de estabilidad y fr\u00edo, lo que muchos nos preguntamos es: <em>\u00bfhasta cu\u00e1ndo esta situaci\u00f3n de estabilidad en la Pen\u00ednsula Ib\u00e9rica?<\/em> Pues bien, parece que <strong>seguir\u00e1 durante bastantes d\u00edas<\/strong>, aunque con algunas excepciones&#8230;<!--more--><\/span><\/span><\/span><\/span><\/p>\n<p align=\"LEFT\"><span style=\"color: #ffffff;\">.<\/span><\/p>\n<p align=\"LEFT\"><span style=\"color: #000000;\"><span style=\"font-size: 12px;\"><span style=\"font-family: Arial, Helvetica, sans-serif;\"><span><span style=\"color: #000080;\"><span style=\"font-size: 20px;\"><strong>&#8211; An\u00e1lisis a medio-largo plazo (pr\u00f3ximas 3 semanas)*<\/strong><\/span><!--more--><\/span><\/span><\/span><\/span><\/span><\/p>\n<p style=\"text-align: center;\" align=\"CENTER\"><span style=\"color: #000000;\"><span style=\"font-size: 12px;\"><span style=\"font-family: Arial, Helvetica, sans-serif;\"><span><strong><img loading=\"lazy\" class=\"aligncenter\" src=\"\/\/nsae02.casimages.net\/img\/2014\/12\/06\/141206062151986730.png\" alt=\"\" width=\"596\" height=\"426\" \/>Anomal\u00edas de presi\u00f3n, primera semana (1-7 de Dic. 2014) &#8211; Modelo IFS\/ECMWF<\/strong><\/span><\/span><\/span><\/span><\/p>\n<p align=\"LEFT\"><span style=\"color: #000000;\"><span style=\"font-size: 12px;\"><span style=\"font-family: Arial, Helvetica, sans-serif;\"><span>Esta primera semana completa del mes nos est\u00e1 dejando, a nivel general, un importante reforzamiento y reaparici\u00f3n del anticicl\u00f3n de las Azores-Bermudas, que hace \u201cpuente\u201d a trav\u00e9s de Europa con otro anticicl\u00f3n que tenemos al este del continente y en la zona de Rusia.<\/span><\/span><\/span><\/span><\/p>\n<p align=\"LEFT\"><span style=\"color: #000000;\"><span style=\"font-size: 12px;\"><span style=\"font-family: Arial, Helvetica, sans-serif;\">Entre esos dos anticiclones, por el interior de Europa, se van sucediendo descolgamientos de aire fr\u00edo que realimentan la zona de baja presi\u00f3n que se ha establecido sobre el Mediterr\u00e1neo, tras la irrupci\u00f3n de la <a href=\"https:\/\/blogs.hoy.es\/meteobadajoz\/2014\/11\/26\/llega-la-primera-gran-borrasca-de-la-temporada\/#.VINcEDGG880\" target=\"_blank\">profund\u00edsima borrasca que nos visit\u00f3 a finales de noviembre<\/a> y que, recordemos, finalmente acab\u00f3 en el Mediterr\u00e1neo.<\/span><\/span><\/span><\/p>\n<p align=\"LEFT\"><span><span><span><span style=\"font-family: Arial, Helvetica, sans-serif;\"><span style=\"font-size: 12px;\">Eso <strong>supuso un cambio bastante importante<\/strong> en la configuraci\u00f3n atmosf\u00e9rica reinante en Europa, con el desplazamiento de la dorsal norteafricana hacia el\u00a0Mediterr\u00e1neo\u00a0m\u00e1s oriental,\u00a0quedando gran parte del continente en una zona de continuo descenso de masas de aire fr\u00edo desde latitudes m\u00e1s altas, llegando al Mediterr\u00e1neo.<\/span><\/span><\/span><\/span><\/span><\/p>\n<p align=\"LEFT\"><span><span><span><span style=\"font-family: Arial, Helvetica, sans-serif;\"><span style=\"font-size: 12px;\">Mientras tanto, en Espa\u00f1a situaci\u00f3n de altas presiones al oeste peninsular, y estabilidad generalizada en la mayor parte del pa\u00eds, con flujo de norte y retenci\u00f3n de nubosidad y precipitaciones en la cara norte de los\u00a0principales\u00a0sistemas monta\u00f1osos, con ambiente fr\u00edo y cotas no demasiado altas.<\/span><\/span><\/span><\/span><\/span><\/p>\n<p style=\"text-align: center;\" align=\"CENTER\"><span style=\"color: #000000;\"><span style=\"font-size: 12px;\"><span style=\"font-family: Arial, Helvetica, sans-serif;\"><span><strong><img loading=\"lazy\" class=\"aligncenter\" src=\"\/\/nsae02.casimages.net\/img\/2014\/12\/06\/141206062317329887.png\" alt=\"\" width=\"589\" height=\"426\" \/>Anomal\u00edas de presi\u00f3n, segunda semana (8-14 de Dic. 2014)<\/strong><strong>\u00a0&#8211; Modelo IFS\/ECMWF<\/strong><\/span><\/span><\/span><\/span><\/p>\n<p align=\"LEFT\"><span style=\"color: #000000;\"><span style=\"font-size: 12px;\"><span style=\"font-family: Arial, Helvetica, sans-serif;\"><span>Pero echamos un vistazo a los pron\u00f3sticos para las inmediatas semanas, comenzando por esta pr\u00f3xima (del 8-14 de Dic.), en la que parece que el anticicl\u00f3n de las Azores <strong>se acercar\u00e1 a\u00fan m\u00e1s al oeste peninsular<\/strong>, mientras que el centro del anticicl\u00f3n del este de Europa acabar\u00eda desplaz\u00e1ndose hacia Rusia, vencido por el enorme empuje del aire muy fr\u00edo que llega al norte de Europa, y las profund\u00edsimas borrascas atl\u00e1nticas que circulan por esa latitud.<\/span><\/span><\/span><\/span><\/p>\n<p align=\"LEFT\"><span><span><span><span style=\"font-family: Arial, Helvetica, sans-serif;\"><span style=\"font-size: 12px;\">En la Pen\u00ednsula Ib\u00e9rica, como vemos, el modelo del centro europeo muestra una <strong>notable anomal\u00eda positiva de presi\u00f3n<\/strong> en el Atl\u00e1ntico, frente a las costas\u00a0occidentales\u00a0de la pen\u00ednsula, que abarca principalmente a muchas zonas del suroeste de Europa. Pero claro&#8230; el problema de \u00e9stos mapas es que son muy generales, y aunque es cierto que la pr\u00f3xima semana volver\u00e1 a ser muy tranquila en muchas zonas del pa\u00eds, la segunda mitad de la misma podr\u00eda dejarnos la entrada de un frente por el noroeste peninsular hacia el fin de semana.<\/span><\/span><\/span><\/span><\/span><\/p>\n<p style=\"text-align: center;\" align=\"LEFT\"><strong><span style=\"font-family: Arial, Helvetica, sans-serif;\"><span style=\"font-size: 12px;\"><img loading=\"lazy\" class=\"aligncenter\" src=\"\/\/nsae02.casimages.net\/img\/2014\/12\/07\/141207010204837262.gif\" alt=\"\" width=\"647\" height=\"372\" \/>Precipitaciones para el vie-s\u00e1b-dom (12,13,14 de Dic. 2014) &#8211; Modelo IFS\/ECMWF<\/span><\/span><\/strong><\/p>\n<p align=\"LEFT\"><span><span><span><span style=\"font-family: Arial, Helvetica, sans-serif;\"><span style=\"font-size: 12px;\">A\u00fan no est\u00e1 demasiado claro pero, de momento, los dos grandes modelos (as\u00ed como sus ensembles) coinciden en que todo el &#8220;traj\u00edn&#8221; que circula por el norte de Europa estos d\u00edas, acabar\u00eda dej\u00e1ndonos el paso de una vaguada que barrer\u00eda todo el oeste de Europa, y que tambi\u00e9n notar\u00edamos en la pen\u00ednsula con <strong>el paso de un frente poco activo en general<\/strong>.<\/span><\/span><\/span><\/span><\/span><\/p>\n<p align=\"LEFT\"><span><span><span><span style=\"font-family: Arial, Helvetica, sans-serif;\"><span style=\"font-size: 12px;\">S\u00ed es cierto que en las \u00faltimas salidas de GFS, le da al frente algo m\u00e1s de importancia (incluso con la posibilidad de nevadas hacia el interior del este y sureste peninsular), pero a juzgar por los ensembles no veo -en mi opini\u00f3n- que pueda darse tal situaci\u00f3n, ya que de momento son escenarios aislados, y\u00a0<strong>&#8220;gana m\u00e1s&#8221; lo que muestra el modelo europeo<\/strong>.<\/span><\/span><\/span><\/span><\/span><\/p>\n<p align=\"LEFT\"><span><span><span><span style=\"font-family: Arial, Helvetica, sans-serif;\"><span style=\"font-size: 12px;\">En cualquier caso, parece que ser\u00eda algo puntual, ya que tras esa probable inestabilidad volver\u00eda a meterse el anticicl\u00f3n por el oeste, y <strong>la calma volver\u00eda a muchas zonas<\/strong> de la pen\u00ednsula, que es en esencia lo que nos muestran estos mapas semanales.<\/span><\/span><\/span><\/span><\/span><\/p>\n<p style=\"text-align: center;\" align=\"CENTER\"><span style=\"color: #000000;\"><span style=\"font-size: 12px;\"><span style=\"font-family: Arial, Helvetica, sans-serif;\"><span><strong><img loading=\"lazy\" class=\"aligncenter\" src=\"\/\/nsae02.casimages.net\/img\/2014\/12\/06\/1412060623307627.png\" alt=\"\" width=\"589\" height=\"425\" \/>Anomal\u00edas de presi\u00f3n, tercera semana (15-21 de Dic. 2014)<\/strong><strong>\u00a0&#8211; Modelo IFS\/ECMWF<\/strong><\/span><\/span><\/span><\/span><\/p>\n<p align=\"LEFT\"><span style=\"color: #000000;\"><span style=\"font-size: 12px;\"><span style=\"font-family: Arial, Helvetica, sans-serif;\"><span>Avanzamos a la tercera semana del mes de diciembre, alej\u00e1ndonos de la fecha actual y, por tanto, con <strong>bastante m\u00e1s incertidumbre<\/strong>. De momento, el modelo del ECMWF prev\u00e9 una situaci\u00f3n sin\u00f3ptica muy parecida en gran parte del continente europeo, nuevamente con la presencia del <strong>anticicl\u00f3n al oeste peninsular<\/strong>, y paso de borrascas por el norte de Europa.<\/span><\/span><\/span><\/span><\/p>\n<p align=\"LEFT\"><span><span><span><span style=\"font-family: Arial, Helvetica, sans-serif;\"><span style=\"font-size: 12px;\"><strong><\/strong><strong><\/strong>La situaci\u00f3n en la pen\u00ednsula podr\u00eda ser muy parecida, con tiempo estable y fr\u00edo en muchas zonas, y probablemente con flujo de norte o noroeste. Evidentemente, eso no quita que haya algunas excepciones, por el <strong>posible paso de algunos\u00a0frentes<\/strong>,\u00a0igual como ve\u00edamos que ocurrir\u00e1 a finales de esta pr\u00f3xima semana, aunque eso ir\u00e1\u00a0en\u00a0funci\u00f3n\u00a0de\u00a0d\u00f3nde se\u00a0sit\u00fae\u00a0el centro del anticicl\u00f3n (la mayor\u00eda de veces, muy cerca del oeste peninsular).<\/span><\/span><\/span><\/span><\/span><\/p>\n<p align=\"LEFT\"><span><span><span><span style=\"font-family: Arial, Helvetica, sans-serif;\"><span style=\"font-size: 12px;\">M\u00e1s adelante, hacia la \u00faltima semana de diciembre, no merece la pena mostrar el mapa porque es un pron\u00f3stico tan lejano, que no merece entrar en an\u00e1lisis. A\u00fan as\u00ed, parece que todav\u00eda se muestran <strong>ligeras anomal\u00edas positivas de presi\u00f3n<\/strong> al oeste peninsular por lo que, a fecha de hoy, para Navidades podr\u00edamos seguir con este mismo patr\u00f3n&#8230; Ya veremos qu\u00e9 es lo que acaba pasando, y c\u00f3mo evolucionan las inmediatas semanas.<\/span><\/span><\/span><\/span><\/span><\/p>\n<p align=\"LEFT\"><span style=\"color: #000000;\"><span style=\"font-size: 12px;\"><span style=\"font-family: Arial, Helvetica, sans-serif;\"><span>Como siempre, <strong>prudencia con este tipo de mapas de anomal\u00edas<\/strong>,\u00a0que para nada nos est\u00e1 diciendo que siempre vaya a predominar el anticicl\u00f3n en las pr\u00f3ximas semanas. En estos mapas, a medida que nos alejamos de las condiciones iniciales (esto es: los datos de observaciones m\u00e1s recientes de los que parte el modelo para hacer posteriormente evolucionar la atm\u00f3sfera), las anomal\u00edas se ven muy suavizadas a largo plazo, dada la <strong>gran incertidumbre<\/strong>.\u00a0Siempre debemos toma estos mapas como <strong>tendencias a grandes rasgos<\/strong>, sobre todo porque estamos en una \u00e9poca muy din\u00e1mica en el Hemisferio Norte.<\/span><\/span><\/span><\/span><\/p>\n<p align=\"LEFT\"><span style=\"color: #000000;\"><span style=\"font-size: 12px;\"><span style=\"font-family: Arial, Helvetica, sans-serif;\"><span>-As\u00ed pues, como hemos visto, parece bastante probable que esta situaci\u00f3n anticicl\u00f3nica <strong>contin\u00fae cerca de nosotros<\/strong> durante los pr\u00f3ximos d\u00edas, y puede que tambi\u00e9n <strong>durante estas inmediatas dos semanas<\/strong>: patr\u00f3n de borrascas por latitudes altas del continente, y cintur\u00f3n anticicl\u00f3nico en latitudes medias, a veces desde Norteam\u00e9rica, cruzando el Atl\u00e1ntico y Europa, hasta Rusia. Sin duda, destaca la marcada circulaci\u00f3n zonal que afectar\u00e1 a buena parte del norte de Europa, principalmente al Reino Unido y Noruega, donde impactar\u00e1n sucesivamente los frentes atl\u00e1nticos <strong>con lluvias y nevadas en cotas bastante bajas<\/strong>.<\/span><\/span><\/span><\/span><\/p>\n<p align=\"LEFT\"><span style=\"color: #ffffff;\"><span style=\"font-family: Arial, Helvetica, sans-serif;\"><span>.<\/span><\/span><\/span><\/p>\n<p align=\"CENTER\"><span style=\"color: #808080;\"><span style=\"font-size: 12px;\"><span style=\"font-family: Arial, Helvetica, sans-serif;\">Por Javier Pi\u00f1ero Fuentes &#8211; \u00a9 MeteoBadajoz 2014<\/span><\/span><\/span><\/p>\n<p align=\"CENTER\"><span style=\"color: #808080;\"><span style=\"font-size: 12px;\"><span style=\"font-family: arial, sans-serif;\">meteobadajoz@gmail.com<\/span><\/span><\/span><\/p>\n<p align=\"CENTER\"><strong><span style=\"color: #000000;\"><span style=\"font-size: 12px;\"><span style=\"font-family: Arial, Helvetica, sans-serif;\"><span>Puedes seguir cada situaci\u00f3n a trav\u00e9s de la cuenta de Twitter <\/span><\/span><\/span><\/span><\/strong><strong><a href=\"https:\/\/twitter.com\/MeteoBadajoz\" target=\"_blank\" rel=\"external nofollow\"><span style=\"color: #ff0000;\"><span style=\"font-size: 12px;\"><span style=\"font-family: Arial, Helvetica, sans-serif;\"><span>@MeteoBadajoz<\/span><\/span><\/span><\/span><\/a><\/strong><strong><span style=\"color: #000000;\"><span style=\"font-size: 12px;\"><span style=\"font-family: Arial, Helvetica, sans-serif;\"><span>, o Facebook <\/span><\/span><\/span><\/span><\/strong><strong><a href=\"https:\/\/www.facebook.com\/pages\/MeteoBadajoz\/236436716399890\" target=\"_blank\" rel=\"external nofollow\"><span style=\"color: #ff0000;\"><span style=\"font-size: 12px;\"><span style=\"font-family: Arial, Helvetica, sans-serif;\"><span>MeteoBadajoz<\/span><\/span><\/span><\/span><\/a><\/strong><strong><span style=\"color: #000000;\"><span style=\"font-size: 12px;\"><span style=\"font-family: Arial, Helvetica, sans-serif;\"><span>, donde estar\u00e1s informado en todo momento de c\u00f3mo evolucionan los d\u00edas, as\u00ed como de noticias de inter\u00e9s meteorol\u00f3gico.<\/span><\/span><\/span><\/span><\/strong><\/p>\n<p align=\"CENTER\"><strong><span style=\"color: #000000;\"><span style=\"font-size: 12px;\"><span style=\"font-family: Arial, Helvetica, sans-serif;\"><span><span style=\"text-decoration: underline;\"><strong>Si el art\u00edculo te ha parecido interesante, puedes ayudar a divulgarlo a trav\u00e9s de las redes sociales, con ayuda de los botones para compartir.<\/strong><\/span><\/span><\/span><\/span><\/span><\/strong><\/p>\n<p align=\"CENTER\"><strong><span style=\"color: #000000;\"><span style=\"font-size: 12px;\"><span style=\"font-family: Arial, Helvetica, sans-serif;\"><span>\u00a1\u00a1Gracias y un saludo a los lectores del blog!!<\/span><\/span><\/span><\/span><\/strong><\/p>\n<!-- AddThis Advanced Settings generic via filter on the_content --><!-- AddThis Share Buttons generic via filter on the_content -->","protected":false},"excerpt":{"rendered":"<p>\u00bb\u00a0La tendencia a medio-largo plazo indica que la situaci\u00f3n anticicl\u00f3nica que afecta actualmente a la Pen\u00ednsula Ib\u00e9rica, podr\u00eda continuar durante las pr\u00f3ximas dos semanas, salvo el paso de alguna vaguada. Dominio claro del anticicl\u00f3n para la segunda semana de Diciembre 2014 Domingo 7 de Diciembre 2014. El inicio de este mes de diciembre est\u00e1 transcurriendo [&hellip;]<!-- AddThis Advanced Settings generic via filter on get_the_excerpt --><!-- AddThis Share Buttons generic via filter on get_the_excerpt --><\/p>\n","protected":false},"author":75,"featured_media":0,"comment_status":"open","ping_status":"closed","sticky":false,"template":"","format":"standard","meta":[],"categories":[4],"tags":[7,12,15,18,27,36,55,62,73,102,106,117],"_links":{"self":[{"href":"https:\/\/blogs.hoy.es\/meteobadajoz\/wp-json\/wp\/v2\/posts\/697"}],"collection":[{"href":"https:\/\/blogs.hoy.es\/meteobadajoz\/wp-json\/wp\/v2\/posts"}],"about":[{"href":"https:\/\/blogs.hoy.es\/meteobadajoz\/wp-json\/wp\/v2\/types\/post"}],"author":[{"embeddable":true,"href":"https:\/\/blogs.hoy.es\/meteobadajoz\/wp-json\/wp\/v2\/users\/75"}],"replies":[{"embeddable":true,"href":"https:\/\/blogs.hoy.es\/meteobadajoz\/wp-json\/wp\/v2\/comments?post=697"}],"version-history":[{"count":0,"href":"https:\/\/blogs.hoy.es\/meteobadajoz\/wp-json\/wp\/v2\/posts\/697\/revisions"}],"wp:attachment":[{"href":"https:\/\/blogs.hoy.es\/meteobadajoz\/wp-json\/wp\/v2\/media?parent=697"}],"wp:term":[{"taxonomy":"category","embeddable":true,"href":"https:\/\/blogs.hoy.es\/meteobadajoz\/wp-json\/wp\/v2\/categories?post=697"},{"taxonomy":"post_tag","embeddable":true,"href":"https:\/\/blogs.hoy.es\/meteobadajoz\/wp-json\/wp\/v2\/tags?post=697"}],"curies":[{"name":"wp","href":"https:\/\/api.w.org\/{rel}","templated":true}]}}