{"id":700,"date":"2014-12-17T20:37:09","date_gmt":"2014-12-17T18:37:09","guid":{"rendered":"http:\/\/blogs.hoy.es\/meteobadajoz\/?p=700"},"modified":"2014-12-17T20:37:09","modified_gmt":"2014-12-17T18:37:09","slug":"nieblas-persistentes-y-ambiente-frio","status":"publish","type":"post","link":"https:\/\/blogs.hoy.es\/meteobadajoz\/2014\/12\/17\/nieblas-persistentes-y-ambiente-frio\/","title":{"rendered":"Nieblas persistentes y ambiente fr\u00edo"},"content":{"rendered":"<p><strong style=\"font-size: 14px;\"><span style=\"font-family: 'Segoe UI', sans-serif;\">-En los pr\u00f3ximos d\u00edas se esperan nieblas en todo el interior-oeste peninsular que pueden aguantar todo el d\u00eda, dejando cielos cubiertos y ambiente muy fresco y h\u00famedo! Tiempo de oto\u00f1o a pocos d\u00edas del invierno&#8230;<\/span><\/strong><\/p>\n<p style=\"text-align: center;\" align=\"CENTER\"><strong><\/strong><strong><span style=\"color: #000000;\"><span style=\"font-size: 12px;\"><span style=\"font-family: Arial, Helvetica, sans-serif;\"><span><img loading=\"lazy\" class=\"aligncenter\" src=\"\/\/nsae02.casimages.net\/img\/2014\/12\/17\/141217072402158629.png\" alt=\"\" width=\"637\" height=\"332\" \/>Situaci\u00f3n para los pr\u00f3ximos d\u00edas: nieblas en muchas zonas del interior &#8211; Modelo Euro4<\/span><\/span><\/span><\/span><\/strong><\/p>\n<p align=\"LEFT\"><span style=\"font-family: Arial, Helvetica, sans-serif;\"><span style=\"color: #000000;\"><span style=\"font-size: 12px;\"><strong>Mi\u00e9rcoles 17 de Diciembre 2014. <\/strong><\/span><span style=\"color: #000000;\"><span style=\"font-size: 12px;\">Avanzamos por este mes de diciembre de nuevo inmersos en una marcada situaci\u00f3n anticicl\u00f3nica. Como ya se coment\u00f3 hace unos 10 d\u00edas en este mismo blog, el mes de Diciembre 2014 nos est\u00e1 dejando <a href=\"https:\/\/blogs.hoy.es\/meteobadajoz\/2014\/12\/07\/bloqueo-anticiclonico-todo-el-mes-de-diciembre\/#.VJGvOF4Do\" target=\"_blank\">un claro dominio de las altas presiones cerca de la Pen\u00ednsula Ib\u00e9rica<\/a>, y con un tiempo (por lo general y salvo alg\u00fan episodio breve de lluvias) <strong>bastante estable y fresco-fr\u00edo<\/strong> en gran parte del pa\u00eds.<!--more--><\/span><\/span><\/span><\/span><\/p>\n<p align=\"LEFT\"><span style=\"font-family: Arial, Helvetica, sans-serif;\"><span><span style=\"color: #000000;\"><span style=\"font-size: 12px;\">En los pr\u00f3ximos d\u00edas, la Pen\u00ednsula Ib\u00e9rica quedar\u00e1 casi bajo los efectos del centro del anticicl\u00f3n, con presiones de m\u00e1s de 1030-1035 hPa en gran parte del territorio y una marcada situaci\u00f3n de inversi\u00f3n t\u00e9rmica. Todo ello favorecer\u00e1 la formaci\u00f3n de <strong>importantes bancos de niebla en los valles<\/strong> del interior y oeste peninsular sobre todo: Vegas del Guadiana, Valle del Tajo y del Duero y, en menor medida -parece-, en el Valle del Guadalquivir y Ebro.<\/span><\/span><\/span><\/span><\/p>\n<p align=\"LEFT\"><span><span><span><span style=\"font-family: Arial, Helvetica, sans-serif;\"><span style=\"font-size: 12px;\">Lo m\u00e1s destacable es que esas nieblas <strong>aguantar\u00e1n durante gran parte de la jornada<\/strong>, e incluso en muchas zonas <strong>no levantar\u00edan en todo el d\u00eda<\/strong>, como en las Vegas del Guadiana, Tajo y Duero. En algunas zonas quiz\u00e1s estaremos 1 \u00f3 2 d\u00edas (como m\u00ednimo) sin ver el Sol.\u00a0Eso har\u00e1 que las temperaturas se queden muy cortas, con m\u00ednimas de apenas 2-4\u00b0C a\u00a0primera\u00a0hora de la ma\u00f1ana y, m\u00e1s tarde, m\u00e1ximas de s\u00f3lo 8-10\u00b0C.<\/span><\/span><\/span><\/span><\/span><\/p>\n<p align=\"LEFT\"><span style=\"font-family: Arial, Helvetica, sans-serif;\"><span><span style=\"color: #000000;\"><span style=\"font-size: 12px;\">Fuera de las zonas con niebla (zonas medias y altas), la situaci\u00f3n ser\u00e1 <strong>m\u00e1s soleada y con temperaturas m\u00e1s suaves<\/strong>, aunque pocas zonas del interior-oeste se salvar\u00e1n de las nieblas. Los d\u00edas en que parecen ser m\u00e1s probable ser\u00edan el jueves, viernes y s\u00e1bado.\u00a0M\u00e1s de uno deber\u00eda aprovechar para fotografiar buenos mares de nubes desde las zonas de sierra estos d\u00edas! El espect\u00e1culo est\u00e1 garantizado.<\/span><\/span><\/span><\/span><\/p>\n<p align=\"LEFT\"><span><span><span><span style=\"font-family: Arial, Helvetica, sans-serif;\"><span style=\"font-size: 12px;\">Por lo dem\u00e1s, y salvo esas nieblas, situaci\u00f3n de <\/span><\/span><strong style=\"color: #000000; font-family: Arial, Helvetica, sans-serif; font-size: 12px;\">estabilidad generalizada en la mayor parte de la pen\u00ednsula<\/strong><span style=\"font-family: Arial, Helvetica, sans-serif;\"><span style=\"font-size: 12px;\">, que se extender\u00eda incluso hacia la pr\u00f3xima semana. Nochebuena y Navidad <strong>vendr\u00edan con buen tiempo<\/strong> (en principio), aunque puede que tambi\u00e9n tengamos algunas nieblas; ya iremos concretando a medida que avancen los d\u00edas.<\/span><\/span><\/span><\/span><\/span><\/p>\n<p style=\"text-align: center;\" align=\"LEFT\"><strong><span style=\"font-family: Arial, Helvetica, sans-serif;\"><span style=\"font-size: 12px;\"><img loading=\"lazy\" class=\"aligncenter\" src=\"\/\/nsae02.casimages.net\/img\/2014\/12\/17\/141217072231496968.png\" alt=\"\" width=\"614\" height=\"585\" \/>Ensemble de IFS\/ECMWF para todo el Hemisferio Norte, el 27 de Dic. 2014<\/span><\/span><\/strong><\/p>\n<p align=\"LEFT\"><span><span><span><span style=\"font-family: Arial, Helvetica, sans-serif;\"><span style=\"font-size: 12px;\">La novedad con respecto a las \u00faltimas\u00a0actualizaciones de los modelos es que\u00a0hacia finales de la\u00a0semana\u00a0que viene, la regi\u00f3n de altas presiones que ahora mismo nos afecta,\u00a0<strong>tender\u00eda a perder fuerza<\/strong>\u00a0y ya hablar\u00edamos de\u00a0algunos cambios en el Atl\u00e1ntico, que <strong>podr\u00edan traernos novedades<\/strong> en cuanto al tiempo sobre todo coincidiendo con finales de 2014 e inicios de 2015.<\/span><\/span><\/span><\/span><\/span><\/p>\n<p align=\"LEFT\"><span><span><span><span style=\"font-family: Arial, Helvetica, sans-serif;\"><span style=\"font-size: 12px;\">Como se puede ver en el mapa del ensemble del modelo europeo, en algo m\u00e1s de una semana podr\u00edan configurarse un <strong>importante bloqueo anticicl\u00f3nico<\/strong> en latitudes altas, desde Alaska, pasando por Canad\u00e1 y Groenlandia, hasta el Atl\u00e1ntico Norte, a la vez que se establece <strong>un pasillo de borrascas<\/strong> desde la Pen\u00ednsula del Labrador y Terranova (Canad\u00e1) hasta la zona de Azores, dejando la posibilidad de que esa inestabilidad <strong>pueda afectar a la pen\u00ednsula poco despu\u00e9s<\/strong>. Son cosas muy generales y que todav\u00eda quedan bastante lejos de la fecha actual, por lo que se ruega prudencia.<\/span><\/span><\/span><\/span><\/span><\/p>\n<p align=\"LEFT\"><span><span><span><span style=\"font-family: Arial, Helvetica, sans-serif;\"><span style=\"font-size: 12px;\">Lo importante es que al menos se empiezan a ver cambios m\u00e1s evidentes a medio plazo, sobre todo con el debilitamiento de la dorsal y esos posibles bloqueos en latitudes altas, probablemente hacia el norte de Canad\u00e1 y Groenlandia.<br \/>\n<\/span><\/span><\/span><\/span><\/span><\/p>\n<p align=\"LEFT\"><span style=\"color: #ffffff;\"><span style=\"font-family: Arial, Helvetica, sans-serif;\"><span>.<\/span><\/span><\/span><\/p>\n<p align=\"CENTER\"><span style=\"color: #808080;\"><span style=\"font-size: 12px;\"><span style=\"font-family: Arial, Helvetica, sans-serif;\">Por Javier Pi\u00f1ero Fuentes &#8211; \u00a9 MeteoBadajoz 2014<\/span><\/span><\/span><\/p>\n<p align=\"CENTER\"><span style=\"color: #808080;\"><span style=\"font-size: 12px;\"><span style=\"font-family: arial, sans-serif;\">meteobadajoz@gmail.com<\/span><\/span><\/span><\/p>\n<p align=\"CENTER\"><strong><span style=\"color: #000000;\"><span style=\"font-size: 12px;\"><span style=\"font-family: Arial, Helvetica, sans-serif;\"><span>Puedes seguir cada situaci\u00f3n a trav\u00e9s de la cuenta de Twitter <\/span><\/span><\/span><\/span><\/strong><strong><a href=\"https:\/\/twitter.com\/MeteoBadajoz\" target=\"_blank\" rel=\"external nofollow\"><span style=\"color: #ff0000;\"><span style=\"font-size: 12px;\"><span style=\"font-family: Arial, Helvetica, sans-serif;\"><span>@MeteoBadajoz<\/span><\/span><\/span><\/span><\/a><\/strong><strong><span style=\"color: #000000;\"><span style=\"font-size: 12px;\"><span style=\"font-family: Arial, Helvetica, sans-serif;\"><span>, o Facebook <\/span><\/span><\/span><\/span><\/strong><strong><a href=\"https:\/\/www.facebook.com\/pages\/MeteoBadajoz\/236436716399890\" target=\"_blank\" rel=\"external nofollow\"><span style=\"color: #ff0000;\"><span style=\"font-size: 12px;\"><span style=\"font-family: Arial, Helvetica, sans-serif;\"><span>MeteoBadajoz<\/span><\/span><\/span><\/span><\/a><\/strong><strong><span style=\"color: #000000;\"><span style=\"font-size: 12px;\"><span style=\"font-family: Arial, Helvetica, sans-serif;\"><span>, donde estar\u00e1s informado en todo momento de c\u00f3mo evolucionan los d\u00edas, as\u00ed como de noticias de inter\u00e9s meteorol\u00f3gico.<\/span><\/span><\/span><\/span><\/strong><\/p>\n<p align=\"CENTER\"><strong><span style=\"color: #000000;\"><span style=\"font-size: 12px;\"><span style=\"font-family: Arial, Helvetica, sans-serif;\"><span><span style=\"text-decoration: underline;\"><strong>Si el art\u00edculo te ha parecido interesante, puedes ayudar a divulgarlo a trav\u00e9s de las redes sociales, con ayuda de los botones para compartir.<\/strong><\/span><\/span><\/span><\/span><\/span><\/strong><\/p>\n<p align=\"CENTER\"><strong><span style=\"color: #000000;\"><span style=\"font-size: 12px;\"><span style=\"font-family: Arial, Helvetica, sans-serif;\"><span>\u00a1\u00a1Gracias y un saludo a los lectores del blog!!<\/span><\/span><\/span><\/span><\/strong><\/p>\n<!-- AddThis Advanced Settings generic via filter on the_content --><!-- AddThis Share Buttons generic via filter on the_content -->","protected":false},"excerpt":{"rendered":"<p>-En los pr\u00f3ximos d\u00edas se esperan nieblas en todo el interior-oeste peninsular que pueden aguantar todo el d\u00eda, dejando cielos cubiertos y ambiente muy fresco y h\u00famedo! Tiempo de oto\u00f1o a pocos d\u00edas del invierno&#8230; Situaci\u00f3n para los pr\u00f3ximos d\u00edas: nieblas en muchas zonas del interior &#8211; Modelo Euro4 Mi\u00e9rcoles 17 de Diciembre 2014. Avanzamos [&hellip;]<!-- AddThis Advanced Settings generic via filter on get_the_excerpt --><!-- AddThis Share Buttons generic via filter on get_the_excerpt --><\/p>\n","protected":false},"author":75,"featured_media":0,"comment_status":"open","ping_status":"closed","sticky":false,"template":"","format":"standard","meta":[],"categories":[4,5],"tags":[7,15,18,55,62,73,107,117],"_links":{"self":[{"href":"https:\/\/blogs.hoy.es\/meteobadajoz\/wp-json\/wp\/v2\/posts\/700"}],"collection":[{"href":"https:\/\/blogs.hoy.es\/meteobadajoz\/wp-json\/wp\/v2\/posts"}],"about":[{"href":"https:\/\/blogs.hoy.es\/meteobadajoz\/wp-json\/wp\/v2\/types\/post"}],"author":[{"embeddable":true,"href":"https:\/\/blogs.hoy.es\/meteobadajoz\/wp-json\/wp\/v2\/users\/75"}],"replies":[{"embeddable":true,"href":"https:\/\/blogs.hoy.es\/meteobadajoz\/wp-json\/wp\/v2\/comments?post=700"}],"version-history":[{"count":0,"href":"https:\/\/blogs.hoy.es\/meteobadajoz\/wp-json\/wp\/v2\/posts\/700\/revisions"}],"wp:attachment":[{"href":"https:\/\/blogs.hoy.es\/meteobadajoz\/wp-json\/wp\/v2\/media?parent=700"}],"wp:term":[{"taxonomy":"category","embeddable":true,"href":"https:\/\/blogs.hoy.es\/meteobadajoz\/wp-json\/wp\/v2\/categories?post=700"},{"taxonomy":"post_tag","embeddable":true,"href":"https:\/\/blogs.hoy.es\/meteobadajoz\/wp-json\/wp\/v2\/tags?post=700"}],"curies":[{"name":"wp","href":"https:\/\/api.w.org\/{rel}","templated":true}]}}