{"id":705,"date":"2015-01-24T22:20:20","date_gmt":"2015-01-24T20:20:20","guid":{"rendered":"http:\/\/blogs.hoy.es\/meteobadajoz\/?p=705"},"modified":"2015-01-24T22:20:20","modified_gmt":"2015-01-24T20:20:20","slug":"vigilando-cambios","status":"publish","type":"post","link":"https:\/\/blogs.hoy.es\/meteobadajoz\/2015\/01\/24\/vigilando-cambios\/","title":{"rendered":"Vigilando cambios para finales de enero, y de cara a febrero"},"content":{"rendered":"<p align=\"LEFT\"><strong><span style=\"color: #000000;\"><span style=\"font-size: 15px;\"><span style=\"font-family: 'Segoe UI', sans-serif;\">-Patr\u00f3n m\u00e1s fr\u00edo y h\u00famedo para Europa en los pr\u00f3ximos d\u00edas. Enero acabar\u00eda posiblemente con un nuevo cambio de tiempo en Espa\u00f1a, y febrero podr\u00eda traernos cambios m\u00e1s evidentes a nivel hemisf\u00e9rico.<\/span><\/span><\/span><\/strong><\/p>\n<p style=\"text-align: center;\" align=\"LEFT\"><strong style=\"font-family: Arial, Helvetica, sans-serif;\"><span style=\"color: #000000;\"><span style=\"font-size: 12px;\"><strong><img loading=\"lazy\" class=\"aligncenter\" src=\"\/\/nsae02.casimages.net\/img\/2015\/01\/24\/150124072721205421.png\" alt=\"\" width=\"614\" height=\"331\" \/><\/strong><\/span><\/span><\/strong><\/p>\n<p align=\"LEFT\"><span><span style=\"text-decoration: underline;\"><strong style=\"font-family: Arial, Helvetica, sans-serif;\"><span style=\"color: #000000; text-decoration: underline;\"><span style=\"font-size: 12px;\"><strong>S\u00e1bado 24 de Enero 2015<\/strong><\/span><\/span><\/strong><\/span><span style=\"color: #000000;\"><span style=\"text-decoration: underline;\"><span style=\"font-size: 12px;\">.<\/span><\/span><span style=\"font-size: 12px;\">\u00a0<\/span><span><span style=\"font-family: Arial, Helvetica, sans-serif;\"><span style=\"font-size: 12px;\">El actual Invierno 2014-15 est\u00e1\u00a0transcurriendo\u00a0de momento con muy poco movimiento a nivel general en Espa\u00f1a, aunque los\u00a0\u00faltimos d\u00edas estuvieron marcados por un tiempo inestable y fr\u00edo, que incluso dej\u00f3 nevadas en cotas relativamente bajas. Ahora parece que tenemos por delante un <strong>nuevo episodio de tiempo estable y fr\u00edo<\/strong>, aunque es muy probable que no vaya a durar demasiado, o al menos la estabilidad no ser\u00eda muy generalizada.<!--more--><\/span><\/span><\/span><\/span><\/span><\/p>\n<p align=\"LEFT\"><span><span style=\"font-family: Arial, Helvetica, sans-serif;\"><span style=\"font-size: 12px;\">Pero la novedad es que empieza a verse configuraciones\u00a0atmosf\u00e9ricas\u00a0a nivel general muy interesantes a medio-largo plazo (comenzando incluso desde\u00a0ya, a corto plazo), como el <strong>reforzamiento del anticicl\u00f3n siberiano<\/strong>, que a d\u00eda de hoy comienza a ganar fuerza desde el oeste de Rusia, para ganar m\u00e1s intensidad y extenderse sobre buena parte de Asia.<\/span><\/span><\/span><\/p>\n<p>&nbsp;<\/p>\n<p align=\"LEFT\"><span><span><span><span style=\"font-family: Arial, Helvetica, sans-serif;\"><span style=\"font-size: 12px;\"><a title=\"Ampliar\" href=\"http:\/\/nsae02.casimages.net\/img\/2015\/01\/24\/150124071143341010.png\" target=\"_blank\" rel=\"external nofollow\"><img loading=\"lazy\" class=\"alignleft\" title=\"Ampliar\" src=\"\/\/nsae02.casimages.net\/img\/2015\/01\/24\/150124071143341010.png\" alt=\"\" width=\"261\" height=\"219\" \/><\/a>Por otro lado, y quiz\u00e1s m\u00e1s importante, en la otra cara del hemisferio, tambi\u00e9n empieza a verse la formaci\u00f3n de varios anticiclones con algo de sustento c\u00e1lido en altura\u00a0hacia Alaska, Canad\u00e1, e incluso en zonas del \u00c1rtico, provocando por all\u00ed un <strong>intenso y extenso bloqueo anticicl\u00f3nico<\/strong>, haciendo que las\u00a0borrascas\u00a0tengan que desplazarse hacia otras zonas del Hemisferio\u00a0Norte.<\/span><\/span><\/span><\/span><\/span><\/p>\n<p align=\"LEFT\"><span style=\"color: #ffffff;\">.<\/span><\/p>\n<p align=\"LEFT\"><strong style=\"color: #000080;\"><span style=\"font-family: Arial, Helvetica, sans-serif;\"><span style=\"font-size: 20px;\">\u00bfQu\u00e9 consecuencias puede tener todo esto?<\/span><\/span><\/strong><\/p>\n<p align=\"LEFT\"><span style=\"font-family: Arial, Helvetica, sans-serif;\"><span style=\"font-size: 12px;\">A la espera de ver c\u00f3mo acabar\u00e1 desarroll\u00e1ndose esa situaci\u00f3n, y las consecuencias que pueda tener de cara a febrero, de momento hay algo que salta a la vista en las predicciones a medio plazo, y es que <strong>Europa podr\u00eda sufrir un buen arre\u00f3n de fr\u00edo y precipitaciones<\/strong> por gran parte de los pa\u00edses del centro y norte del continente. Algo que por cierto coincide y mucho con lo que <a href=\"https:\/\/blogs.hoy.es\/meteobadajoz\/2014\/12\/29\/previsiones-invierno-2014-15-todo-lo-que-necesitas-saber\/\" target=\"_blank\">vimos en el \u00faltimo post, con las previsiones para este invierno<\/a>.<\/span><\/span><\/p>\n<p align=\"LEFT\"><span style=\"font-family: Arial, Helvetica, sans-serif;\"><span><span style=\"font-size: 12px;\">Es destacable c\u00f3mo, en unos d\u00edas, gran parte de las latitudes altas del Hemisferio Norte estar\u00edan dominadas por altas presiones, sobre todo zonas del Pac\u00edfico Norte y Norteam\u00e9rica, llegando hasta el Atl\u00e1ntico. Pero llama especialmente la atenci\u00f3n la presencia de un <strong>gran sistema de baja presi\u00f3n<\/strong> ubicado sobre la vertical del interior-norte de Europa, que podemos ver muy bien en el mapa que encabeza este post, para finales de este mes de Enero.<\/span><\/span><\/span><\/p>\n<p style=\"text-align: center;\" align=\"LEFT\"><a title=\"Ampliar\" href=\"http:\/\/nsae02.casimages.net\/img\/2015\/01\/24\/150124122712622358.png\" target=\"_blank\" rel=\"external nofollow\"><img loading=\"lazy\" class=\"aligncenter\" title=\"Ampliar\" src=\"\/\/nsae02.casimages.net\/img\/2015\/01\/24\/150124122712622358.png\" alt=\"\" width=\"648\" height=\"324\" \/><\/a><\/p>\n<p style=\"text-align: center;\" align=\"LEFT\"><strong><span style=\"font-family: Arial, Helvetica, sans-serif;\"><span style=\"font-size: 12px;\">Unanimidad entre ensembles de ECMWF y GFS para inicios de Febrero&#8217;15 &#8211; Meteociel<\/span><\/span><\/strong><\/p>\n<p align=\"LEFT\"><span><span style=\"font-family: Arial, Helvetica, sans-serif;\"><span style=\"font-size: 12px;\">Por otra parte, los desalojos de aire fr\u00edo m\u00e1s importantes verter\u00edan hacia las\u00a0zonas de siempre; norte de Asia y Norteam\u00e9rica principalmente. Cierto es que ese gran sistema depresionario <strong>podr\u00eda arrastrar mucho aire fr\u00edo<\/strong> directamente desde el \u00c1rtico y echarlo sobre el continente europeo, pero no ser\u00eda tan destacable como en las dos zonas mencionadas anteriormente. En Europa no tenemos tanta continentalidad al norte, y eso limita bastante las advecciones de aire fr\u00edo, aunque \u00e9stas provengan directamente desde el \u00c1rtico, como ser\u00eda el caso a medio plazo.<\/span><\/span><\/span><\/p>\n<p align=\"LEFT\"><span><span style=\"font-family: Arial, Helvetica, sans-serif;\"><span style=\"font-size: 12px;\">El anticicl\u00f3n siberiano, tras granar intensidad y extensi\u00f3n, podr\u00eda mantenerse inamovible sobre Asia, haciendo de muro para las borrascas y masas de aire fr\u00edo, que no descender\u00edan tanto de latitud (como suele suceder en unas &#8220;condiciones normales&#8221;).\u00a0Podr\u00edamos decir que la zona de Asia es una zona de &#8220;desahogo&#8221; para el v\u00f3rtice polar (troposf\u00e9rico), en la que suele residir una parte importante de las masas de aire fr\u00edo y centros de baja presi\u00f3n. Pero si esa zona de &#8220;desahogo&#8221; deja de estar disponible por la presencia de un anticicl\u00f3n siberiano m\u00e1s potente y con geopotenciales algo m\u00e1s altos, esa tendencia a desahogarse tiene que hacerlo por otro lado, y en este caso parece que podr\u00eda ser <strong>hacia Europa y sobre todo Norteam\u00e9rica<\/strong>.<\/span><\/span><\/span><\/p>\n<p align=\"LEFT\"><span><span style=\"font-family: Arial, Helvetica, sans-serif;\"><span style=\"font-size: 12px;\">Y qu\u00e9 mejor forma de ver la evoluci\u00f3n del v\u00f3rtice polar troposf\u00e9rico que echando un vistazo a las temperaturas en 500 hPa (unos 5.500 m de altitud). Ah\u00ed podemos ver incluso el viaje de algunas masas de aire fr\u00edo de este a oeste en latitudes altas, al contrario de la circulaci\u00f3n general (lo que indica cierta <strong>reversi\u00f3n de la circulaci\u00f3n<\/strong> en latitudes altas del hemisferio).<\/span><\/span><\/span><\/p>\n<p style=\"text-align: center;\" align=\"LEFT\"><strong><span><span><span style=\"font-family: Arial, Helvetica, sans-serif;\"><span style=\"font-size: 12px;\"><a title=\"Ampliar\" href=\"http:\/\/nsae02.casimages.net\/img\/2015\/01\/23\/150123081340231743.gif\" target=\"_blank\" rel=\"external nofollow\"><img loading=\"lazy\" class=\"aligncenter\" title=\"Ampliar\" src=\"\/\/nsae02.casimages.net\/img\/2015\/01\/23\/150123081340231743.gif\" alt=\"\" width=\"520\" height=\"480\" \/><\/a>Evoluci\u00f3n\u00a0de las temperaturas en 500 hPa, 23-31 de Enero&#8217;15 &#8211; GFS\/Meteociel<\/span><\/span><\/span><\/span><\/strong><\/p>\n<p align=\"LEFT\"><span style=\"font-size: 12px; font-family: Arial, Helvetica, sans-serif;\">-A pesar de que los ensembles son muy parecidos, todav\u00eda no est\u00e1 nada dicho, ya que a\u00fan son predicciones a m\u00e1s de 200 horas vista. Lo m\u00e1s probable es que de momento las posibles consecuencias en Espa\u00f1a se puedan traducir en una <strong>marcada situaci\u00f3n de noroeste<\/strong>, que <strong>podr\u00eda dejar la entrada de algunos frentes<\/strong>. Entre el anticicl\u00f3n de las Azores y esa tremenda regi\u00f3n de bajas presiones sobre el continente europeo podr\u00eda formarse un\u00a0<strong>largo pasillo de vientos del norte-noroeste (ojo, quiz\u00e1s de procedencia \u00e1rtica)<\/strong>, pero a d\u00eda de hoy, aunque las temperaturas bajar\u00edan bastante en toda la pen\u00ednsula debido a la entrada de mucho aire fr\u00edo por el norte, en principio las precipitaciones se centrar\u00edan especialmente en el Cant\u00e1brico y Pirineos (con\u00a0<strong>nevadas bastante copiosas en cotas medias-altas<\/strong>), siendo menos probables cuanto m\u00e1s al sur de la pen\u00ednsula.<\/span><\/p>\n<p align=\"LEFT\"><span style=\"font-size: 12px; font-family: Arial, Helvetica, sans-serif;\">Tal cual lo muestran a d\u00eda de hoy los modelos tendr\u00edamos, primero, una situaci\u00f3n de noroeste, para posiblemente acabar con situaci\u00f3n de norte en torno a finales de Enero o en los primeros d\u00edas de Febrero, aunque \u00e9sto \u00faltimo es lo que todav\u00eda habr\u00eda que <em>coger con pinzas<\/em>. Parece que<strong> predominar\u00eda noroeste en general<\/strong>, as\u00ed que en la pen\u00ednsula tendr\u00edamos el roce o impacto de algunos frentes, pero afectando, como dec\u00eda, sobre todo al norte peninsular.<\/span><\/p>\n<p align=\"LEFT\"><span style=\"color: #ffffff;\">.<\/span><\/p>\n<p align=\"LEFT\"><span style=\"color: #003366;\"><strong><span style=\"font-family: Arial, Helvetica, sans-serif;\"><span style=\"font-size: 20px;\">-Incertidumbre respecto a lo que pueda ocurrir en febrero: \u00bfveremos consecuencias del CSE?<\/span><\/span><\/strong><\/span><\/p>\n<p align=\"LEFT\"><span style=\"font-family: Arial, Helvetica, sans-serif;\"><span style=\"font-size: 12px;\">A lo que personalmente creo que habr\u00eda que prestar m\u00e1s atenci\u00f3n es a lo que acabe pasando despu\u00e9s, ya <strong>metidos en el mes de febrero<\/strong>. Est\u00e1 relativamente claro, viendo los ensembles a medio plazo, que empieza a haber cambios importantes en determinadas partes del hemisferio, y que como consecuencia parece que van a provocar la presencia de mucha actividad cicl\u00f3nica hacia el entorno de Europa en unos d\u00edas, con una <strong>enorme vaguada que descender\u00eda mucho de latitud<\/strong>, pero tambi\u00e9n la <strong>persistencia de esos centros de alta presi\u00f3n<\/strong> comentados al principio de este post. \u00bfPodr\u00eda ser \u00e9sto el inicio de un posible reflejo en la Troposfera del Calentamiento S\u00fabito Estratosf\u00e9rico de las \u00faltimas semanas? Quiz\u00e1s s\u00ed, pero no debemos relacionar un episodio de fr\u00edo-nevadas propio del invierno, con los efectos del CSE de las \u00faltimas semanas, y que todav\u00eda mantiene al V\u00f3rtice muy desplazado y debilitado.<\/span><\/span><\/p>\n<p style=\"text-align: center;\" align=\"LEFT\"><strong><span style=\"font-size: 12px; font-family: Arial, Helvetica, sans-serif;\"><a title=\"Ampliar\" href=\"http:\/\/nsae02.casimages.net\/img\/2015\/01\/24\/150124065133963085.png\" target=\"_blank\" rel=\"external nofollow\"><img loading=\"lazy\" class=\"aligncenter\" title=\"Ampliar\" src=\"\/\/nsae02.casimages.net\/img\/2015\/01\/24\/150124065133963085.png\" alt=\"\" width=\"609\" height=\"227\" \/><\/a>Situaci\u00f3n del VPE (V\u00f3rtice Polar Estratosf\u00e9rico) el 25-31 de Enero&#8217;15 &#8211; ECMWF\/FU Berlin<\/span><\/strong><\/p>\n<p align=\"LEFT\"><span style=\"font-size: 12px; font-family: Arial, Helvetica, sans-serif;\">El V\u00f3rtice Polar, adem\u00e1s de estar <strong>bastante debilitado<\/strong> tras el \u00faltimo calentamiento, se encuentra <strong>muy desplazado de su zona habitual<\/strong> (el \u00c1rtico), situ\u00e1ndose actualmente en el norte de Asia, y manteni\u00e9ndose sobre esa misma zona en los pr\u00f3ximos d\u00edas. Es curioso c\u00f3mo vuelve a producirse, seg\u00fan el modelo europeo, un <strong>nuevo calentamiento en la Estratosfera<\/strong> desde Asia oriental hacia finales de este mes. Ya veremos de qu\u00e9 manera afecta al v\u00f3rtice.<\/span><\/p>\n<p align=\"LEFT\"><span style=\"font-size: 12px; font-family: Arial, Helvetica, sans-serif;\">De momento, si observamos las gr\u00e1ficas del viento zonal, podemos observar esa reversi\u00f3n de la circulaci\u00f3n en latitudes altas\u00a0que ve\u00edamos antes, y que provocar\u00eda el desplazamiento de aire fr\u00edo desde el norte de Siberia, hasta dejarlo a las puertas del norte de Europa.\u00a0(Reversi\u00f3n de la circulaci\u00f3n: movimiento este-oeste, contrario al de la circulaci\u00f3n general, de forma <strong>retr\u00f3grada<\/strong>).<\/span><\/p>\n<p style=\"text-align: center;\" align=\"LEFT\"><span style=\"font-size: 12px; font-family: Arial, Helvetica, sans-serif;\"><strong><a title=\"Ampliar\" href=\"http:\/\/nsae02.casimages.net\/img\/2015\/01\/24\/150124072005917534.png\" target=\"_blank\" rel=\"external nofollow\"><img loading=\"lazy\" class=\"aligncenter\" title=\"Ampliar\" src=\"\/\/nsae02.casimages.net\/img\/2015\/01\/24\/150124072005917534.png\" alt=\"\" width=\"581\" height=\"442\" \/><\/a>Viento zonal medio para el 27 de Enero&#8217;15 &#8211; ECMWF\/FU Berlin<\/strong><\/span><\/p>\n<p style=\"text-align: center;\" align=\"LEFT\"><span style=\"color: #ffffff;\">.<\/span><\/p>\n<p style=\"text-align: left;\" align=\"LEFT\"><span style=\"font-size: 12px; font-family: Arial, Helvetica, sans-serif; color: #003366;\"><span style=\"font-size: 20px;\"><strong>-\u00bfQue podr\u00eda pasar en febrero?<\/strong><\/span><\/span><\/p>\n<p style=\"text-align: left;\" align=\"LEFT\"><span style=\"font-size: 12px; font-family: Arial, Helvetica, sans-serif;\"><strong><\/strong>En mi opini\u00f3n, los cambios previstos para finales de enero-inicios de febrero <strong>podr\u00edan tener un gran impacto<\/strong>, debido a la magnitud tanto de los bloqueos en Alaska y Norteam\u00e9rica, como del enorme sistema de bajas presiones que se echar\u00e1 sobre Europa en los pr\u00f3ximos d\u00edas. Ese &#8220;desorden&#8221; tan destacable de los centros de acci\u00f3n <strong>puede favorecer enormes intercambios de masas de aire<\/strong> desde latitudes altas a latitudes medias y viceversa. Quiz\u00e1s, tras estos primeros cambios, es muy probable que empiecen a formarse bloqueos anticicl\u00f3nicos m\u00e1s evidentes en latitudes altas, como por ejemplo la probable fusi\u00f3n del anticicl\u00f3n de las Azores con el bloqueo de Alaska-\u00c1rtico-Canad\u00e1, v\u00eda Groenlandia. Puede tambi\u00e9n que, tras retirarse el gran sistema depresionario de Europa, el anticicl\u00f3n se eche sobre el continente, y la dorsal suba de latitud y acabe alimentando un bloqueo anticicl\u00f3nico en el interior-norte de Europa.<\/span><\/p>\n<p style=\"text-align: left;\" align=\"LEFT\"><span style=\"font-size: 12px; font-family: Arial, Helvetica, sans-serif;\">Esas posibles opciones supondr\u00edan la instauraci\u00f3n de una circulaci\u00f3n meridiana, aunque con la primera opci\u00f3n ser\u00eda m\u00e1s bien en forma de <strong>llegada de borrascas o frentes desde el Atl\u00e1ntico<\/strong>, mientras que la segunda podr\u00eda ser en forma de una circulaci\u00f3n retr\u00f3grada desde Europa, en otras palabras; un <strong>intento de Siberiana<\/strong> (y \u00e9sta, quiz\u00e1s, la m\u00e1s factible).\u00a0De momento los indices NAO y sobre todo AO tienden a caer en los pr\u00f3ximos d\u00edas (con AO-), aunque parece que podr\u00eda ser algo moment\u00e1neo.<\/span><\/p>\n<p style=\"text-align: left;\" align=\"LEFT\"><span style=\"font-size: 12px; font-family: Arial, Helvetica, sans-serif;\">Ya veremos qu\u00e9 acaba pasando, pero hay que insistir en la alta probabilidad de que en febrero haya una mayor tendencia a la formaci\u00f3n de anticiclones de bloqueo en latitudes altas (<strong>zona muy probable entre el norte de Europa y el norte de Asia<\/strong>). Eso puede favorecer, o bien la llegada de lluvias y tiempo suave desde el oeste, o bien la llegada de mucho fr\u00edo desde Europa.<\/span><\/p>\n<p align=\"LEFT\"><span style=\"color: #ffffff;\"><span style=\"font-family: Arial, Helvetica, sans-serif;\"><span>.<\/span><\/span><\/span><\/p>\n<p align=\"CENTER\"><span style=\"color: #808080;\"><span style=\"font-size: 12px;\"><span style=\"font-family: Arial, Helvetica, sans-serif;\">Por Javier Pi\u00f1ero Fuentes &#8211; \u00a9 MeteoBadajoz 2014<\/span><\/span><\/span><\/p>\n<p align=\"CENTER\"><span style=\"color: #808080;\"><span style=\"font-size: 12px;\"><span style=\"font-family: arial, sans-serif;\">meteobadajoz@gmail.com<\/span><\/span><\/span><\/p>\n<p align=\"CENTER\"><strong><span style=\"color: #000000;\"><span style=\"font-size: 12px;\"><span style=\"font-family: Arial, Helvetica, sans-serif;\"><span>Puedes seguir cada situaci\u00f3n a trav\u00e9s de la cuenta de Twitter <\/span><\/span><\/span><\/span><\/strong><strong><a href=\"https:\/\/twitter.com\/MeteoBadajoz\" target=\"_blank\" rel=\"external nofollow\"><span style=\"color: #ff0000;\"><span style=\"font-size: 12px;\"><span style=\"font-family: Arial, Helvetica, sans-serif;\"><span>@MeteoBadajoz<\/span><\/span><\/span><\/span><\/a><\/strong><strong><span style=\"color: #000000;\"><span style=\"font-size: 12px;\"><span style=\"font-family: Arial, Helvetica, sans-serif;\"><span>, o Facebook <\/span><\/span><\/span><\/span><\/strong><strong><a href=\"https:\/\/www.facebook.com\/pages\/MeteoBadajoz\/236436716399890\" target=\"_blank\" rel=\"external nofollow\"><span style=\"color: #ff0000;\"><span style=\"font-size: 12px;\"><span style=\"font-family: Arial, Helvetica, sans-serif;\"><span>MeteoBadajoz<\/span><\/span><\/span><\/span><\/a><\/strong><strong><span style=\"color: #000000;\"><span style=\"font-size: 12px;\"><span style=\"font-family: Arial, Helvetica, sans-serif;\"><span>, donde estar\u00e1s informado en todo momento de c\u00f3mo evolucionan los d\u00edas, as\u00ed como de noticias de inter\u00e9s meteorol\u00f3gico.<\/span><\/span><\/span><\/span><\/strong><\/p>\n<p align=\"CENTER\"><strong><span style=\"color: #000000;\"><span style=\"font-size: 12px;\"><span style=\"font-family: Arial, Helvetica, sans-serif;\"><span><span style=\"text-decoration: underline;\"><strong>Si el art\u00edculo te ha parecido interesante, puedes ayudar a divulgarlo a trav\u00e9s de las redes sociales, con ayuda de los botones para compartir.<\/strong><\/span><\/span><\/span><\/span><\/span><\/strong><\/p>\n<p align=\"CENTER\"><strong><span style=\"color: #000000;\"><span style=\"font-size: 12px;\"><span style=\"font-family: Arial, Helvetica, sans-serif;\"><span>\u00a1\u00a1Gracias y un saludo a los lectores del blog!!<\/span><\/span><\/span><\/span><\/strong><\/p>\n<!-- AddThis Advanced Settings generic via filter on the_content --><!-- AddThis Share Buttons generic via filter on the_content -->","protected":false},"excerpt":{"rendered":"<p>-Patr\u00f3n m\u00e1s fr\u00edo y h\u00famedo para Europa en los pr\u00f3ximos d\u00edas. Enero acabar\u00eda posiblemente con un nuevo cambio de tiempo en Espa\u00f1a, y febrero podr\u00eda traernos cambios m\u00e1s evidentes a nivel hemisf\u00e9rico. S\u00e1bado 24 de Enero 2015.\u00a0El actual Invierno 2014-15 est\u00e1\u00a0transcurriendo\u00a0de momento con muy poco movimiento a nivel general en Espa\u00f1a, aunque los\u00a0\u00faltimos d\u00edas estuvieron [&hellip;]<!-- AddThis Advanced Settings generic via filter on get_the_excerpt --><!-- AddThis Share Buttons generic via filter on get_the_excerpt --><\/p>\n","protected":false},"author":75,"featured_media":0,"comment_status":"open","ping_status":"closed","sticky":false,"template":"","format":"standard","meta":[],"categories":[4],"tags":[8,36,47,83,85,102,106,143],"_links":{"self":[{"href":"https:\/\/blogs.hoy.es\/meteobadajoz\/wp-json\/wp\/v2\/posts\/705"}],"collection":[{"href":"https:\/\/blogs.hoy.es\/meteobadajoz\/wp-json\/wp\/v2\/posts"}],"about":[{"href":"https:\/\/blogs.hoy.es\/meteobadajoz\/wp-json\/wp\/v2\/types\/post"}],"author":[{"embeddable":true,"href":"https:\/\/blogs.hoy.es\/meteobadajoz\/wp-json\/wp\/v2\/users\/75"}],"replies":[{"embeddable":true,"href":"https:\/\/blogs.hoy.es\/meteobadajoz\/wp-json\/wp\/v2\/comments?post=705"}],"version-history":[{"count":0,"href":"https:\/\/blogs.hoy.es\/meteobadajoz\/wp-json\/wp\/v2\/posts\/705\/revisions"}],"wp:attachment":[{"href":"https:\/\/blogs.hoy.es\/meteobadajoz\/wp-json\/wp\/v2\/media?parent=705"}],"wp:term":[{"taxonomy":"category","embeddable":true,"href":"https:\/\/blogs.hoy.es\/meteobadajoz\/wp-json\/wp\/v2\/categories?post=705"},{"taxonomy":"post_tag","embeddable":true,"href":"https:\/\/blogs.hoy.es\/meteobadajoz\/wp-json\/wp\/v2\/tags?post=705"}],"curies":[{"name":"wp","href":"https:\/\/api.w.org\/{rel}","templated":true}]}}