{"id":711,"date":"2015-02-09T21:08:01","date_gmt":"2015-02-09T19:08:01","guid":{"rendered":"http:\/\/blogs.hoy.es\/meteobadajoz\/?p=711"},"modified":"2015-02-09T21:08:01","modified_gmt":"2015-02-09T19:08:01","slug":"carnavales-2015-con-tiempo-revuelto","status":"publish","type":"post","link":"https:\/\/blogs.hoy.es\/meteobadajoz\/2015\/02\/09\/carnavales-2015-con-tiempo-revuelto\/","title":{"rendered":"Carnavales 2015 con tiempo revuelto"},"content":{"rendered":"<h5><span style=\"text-decoration: underline;\"><img loading=\"lazy\" class=\"aligncenter\" src=\"\/\/nsae02.casimages.net\/img\/2015\/02\/09\/150209052138945155.png\" alt=\"\" width=\"896\" height=\"476\" \/>Lunes 9 de Febrero 2015.<\/span>\u00a0Nos acercamos poco a poco al Carnaval 2015, y aunque estos \u00faltimos d\u00edas parec\u00eda que estar\u00edan marcados generalmente por el tiempo estable y fresco, las \u00faltimas salidas de los modelos han acabado mostrando un panorama bastante distinto: es probable que tengamos la <strong>entrada de varios frentes<\/strong> a lo largo de los pr\u00f3ximos d\u00edas desde el Atl\u00e1ntico, que podr\u00edan dejar <strong>cielos bastante nubosos y precipitaciones<\/strong> en general d\u00e9biles e intermitentes.<!--more--><\/h5>\n<h5>La situaci\u00f3n estar\u00eda dominada por el anticicl\u00f3n de las Azores <strong>bastante debilitado y retirado<\/strong> hacia el sureste de su posici\u00f3n habitual (como muestra el mapa superior), lo cual nos garantiza al menos la llegada de cambios desde el Atl\u00e1ntico. Debido a su ausencia sobre las Azores, permitir\u00e1 que nos puedan alcanzar algunos frentes que en principio <strong>no dejar\u00edan precipitaciones importantes<\/strong>, pero s\u00ed suficientes como para hablar, obviamente, de un <strong>tiempo inestable<\/strong>.<\/h5>\n<h5><a title=\"Ampliar\" href=\"http:\/\/nsae02.casimages.net\/img\/2015\/02\/09\/150209060722721510.png\" target=\"_blank\" rel=\"external nofollow\"><img loading=\"lazy\" class=\"alignleft\" title=\"Ampliar\" src=\"\/\/nsae02.casimages.net\/img\/2015\/02\/09\/150209060722721510.png\" alt=\"\" width=\"368\" height=\"237\" \/><\/a>Tambi\u00e9n hay que destacar que, con esa configuraci\u00f3n, podr\u00edan llegar a la pen\u00ednsula masas de aire templadas y h\u00famedas desde latitudes bajas, que dejar\u00e1n <strong>temperaturas m\u00e1s suaves<\/strong> que las que hemos registrado a lo largo de la pasada semana, con pocas heladas por la ma\u00f1ana, y m\u00e1ximas cercanas a los 14-15\u00baC; aunque tampoco nos enga\u00f1emos, todav\u00eda habr\u00e1 cierta sensaci\u00f3n de fresco.<\/h5>\n<h3><strong><span style=\"color: #000080;\">-\u00bfLlover\u00e1 durante estos Carnavales 2015?<\/span><\/strong><\/h3>\n<h5>En principio parece que s\u00ed, pero <strong>no excesivamente<\/strong>, habr\u00e1 momentos de tregua o incluso de cielos poco nubosos, pero lo cierto es que <strong>hay bastante incertidumbre<\/strong>, luego veremos ese aspecto.<\/h5>\n<h5>De momento, ya en los pr\u00f3ximos d\u00edas tendremos una situaci\u00f3n atmosf\u00e9rica bastante inestable, debido al acercamiento de una peque\u00f1a &#8220;bolsa&#8221; de aire fr\u00edo en altura por el suroeste de la pen\u00ednsula, que reactivar\u00e1 algunas lluvias a partir de este martes y se mantendr\u00edan durante el mi\u00e9rcoles y jueves, ya tendiendo a remitir. Sin embargo, de cara al viernes -y coincidiendo con el inicio del Carnaval- un nuevo frente entrar\u00eda por Galicia y extender\u00eda sus <strong>precipitaciones por todo el oeste<\/strong> peninsular.<\/h5>\n<h5><img loading=\"lazy\" class=\"aligncenter\" src=\"\/\/nsae02.casimages.net\/img\/2015\/02\/09\/150209053450631420.png\" alt=\"\" width=\"1073\" height=\"490\" \/>Como se trata de mostrar en el mapa superior, por lo general ser\u00edan d\u00e9biles o localmente moderadas, siendo m\u00e1s destacables sobre todo cuanto m\u00e1s al noroeste del pa\u00eds. En Extremadura, como vemos, en principio <strong>cielos nubosos y precipitaciones d\u00e9biles<\/strong> que no acumular\u00edan demasiada cantidad de lluvia.<\/h5>\n<h5>En nuestra zona, quiz\u00e1s el paso del frente del viernes s\u00f3lo nos deje algunas lloviznas pasajeras, <strong>poco importantes<\/strong>, pero suficientes para mojar y acabar fastidiando a m\u00e1s de uno.<\/h5>\n<h5><img loading=\"lazy\" class=\"aligncenter\" src=\"\/\/nsae02.casimages.net\/img\/2015\/02\/09\/150209053523326105.png\" alt=\"\" width=\"1084\" height=\"494\" \/>De cara al fin de semana es cuando nos alcanzan de forma m\u00e1s evidente esas masas de aire templadas y h\u00famedas comentadas anteriormente, que traer\u00e1n temperaturas algo m\u00e1s suaves, y sobre todo un <strong>ambiente m\u00e1s h\u00famedo<\/strong>, unido tambi\u00e9n a la entrada de <strong>muchas nubes y precipitaciones d\u00e9biles<\/strong> repartidas por muchas zonas del oeste peninsular, incluyendo Extremadura.<\/h5>\n<h5>Ser\u00edan sobre todo <strong>nubes de tipo medio y bajo<\/strong> dada la gran humedad de la masa de aire atl\u00e1ntica, por lo que tampoco cabr\u00eda esperar lluvias demasiado importantes, sino <strong>m\u00e1s bien cielos muy nubosos o cubiertos y lloviznas, tanto el s\u00e1bado como el domingo (en principio)<\/strong>.<\/h5>\n<h5><img loading=\"lazy\" class=\"aligncenter\" src=\"\/\/nsae02.casimages.net\/img\/2015\/02\/09\/150209053550482612.png\" alt=\"\" width=\"1077\" height=\"500\" \/>Y de cara al lunes-martes (ya con <strong>much\u00edsima incertidumbre<\/strong>), el modelo europeo por ejemplo plantea una <strong>situaci\u00f3n bastante m\u00e1s lluviosa<\/strong> que durante los d\u00edas anteriores; el descolgamiento de una masa de aire fr\u00edo desde el Atl\u00e1ntico Norte, volver\u00eda a dejarnos un <strong>descenso de temperaturas<\/strong>, y lluvias algo m\u00e1s significativas, siendo moderadas en muchas zonas del norte, oeste y sur del pa\u00eds.<\/h5>\n<h5>Ojo, <strong>\u00e9sto debemos &#8220;cogerlo con pinzas&#8221;<\/strong>, porque en realidad nos hemos ido a un pron\u00f3stico de +7 d\u00edas vista, por lo que <strong>su fiabilidad es bastante baja<\/strong>. Sin embargo, es curioso c\u00f3mo tambi\u00e9n otros modelos muestran un frente moderadamente activo hacia primeros de la pr\u00f3xima semana. Iremos viendo.<\/h5>\n<h3><strong><span style=\"color: #000080;\">-La baja fiabilidad de estos pron\u00f3sticos<\/span><\/strong><\/h3>\n<h5>Destaca y mucho la <strong>alta incertidumbre<\/strong> que muestran los modelos <strong>incluso a muy pocos d\u00edas vista<\/strong>. Y es que venimos de unos \u00faltimos d\u00edas de importantes cambios a nivel europeo, con enormes movimientos de masas de aire, o por ejemplo el caso reciente de\u00a0<span style=\"color: #0000ff;\"><strong><a href=\"https:\/\/blogs.hoy.es\/meteobadajoz\/2015\/01\/24\/vigilando-cambios\/\" target=\"_blank\"><span style=\"color: #0000ff;\">aquella enorme borrasca que dej\u00f3 media Europa bajo un intenso temporal<\/span><\/a><\/strong><\/span>. Un <strong>verdadero caos<\/strong>, que se traduce en cosas como esta:<\/h5>\n<h5><a title=\"Ampliar\" href=\"http:\/\/oi62.tinypic.com\/2u8argp.jpg\" target=\"_blank\" rel=\"external nofollow\"><img loading=\"lazy\" class=\"aligncenter\" title=\"Ampliar\" src=\"\/\/oi62.tinypic.com\/2u8argp.jpg\" alt=\"\" width=\"1053\" height=\"561\" \/><\/a>El gr\u00e1fico superior nos muestra la predicci\u00f3n por <em>ensembles<\/em>, \u00bfqu\u00e9 es eso?; para que pod\u00e1is entenderlo, no es m\u00e1s que un m\u00e9todo de predicci\u00f3n que resulta bastante \u00fatil para determinar cu\u00e1nto de fiable es una previsi\u00f3n a un cierto plazo. Digamos que &#8220;se obliga&#8221; al modelo a calcular distintos escenarios (adem\u00e1s del calculado en s\u00ed por el propio modelo), de forma de lo que obtenemos es un <strong>amplio abanico de posibles situaciones<\/strong> a medio plazo. En el caso del gr\u00e1fico superior, donde est\u00e1 representada la cantidad de lluvia para los pr\u00f3ximos d\u00edas en Badajoz, las dos l\u00edneas moradas corresponden a la <em>salida principal<\/em> del modelo europeo, y la que se ha tomado como referencia para la elaboraci\u00f3n de este post. El resto de l\u00edneas (de color azul y de trazo discontinuo) son esos posibles escenarios de los que hemos hablado antes.<\/h5>\n<h5>Como vemos, existe una <strong>gran diferencia<\/strong> entre las posibles cantidades de lluvia que se puedan acumular durante los pr\u00f3ximos d\u00edas en Badajoz, algunas incluso despuntando por encima de los 6 y hasta 8 mm, pero <strong>\u00e9sas est\u00e1n m\u00e1s aisladas<\/strong> y, por tanto, <strong>son menos probables<\/strong>&#8230; no s\u00e9 si capt\u00e1is su funcionamiento. Sin embargo, si observamos en la parte inferior de la gr\u00e1fica, la mayor\u00eda de escenarios plantean una situaci\u00f3n de <strong>precipitaciones d\u00e9biles<\/strong>, no que acumular\u00edan demasiado, convirti\u00e9ndose en un hecho bastante m\u00e1s probable para los pr\u00f3ximos d\u00edas, ya que es donde <strong>menos <em>dispersi\u00f3n<\/em><\/strong> (diferencias) hay entre esos posibles escenarios.<\/h5>\n<h5>Por otro lado, fijaos en el lunes-martes (Mon 16 &#8211; Tue 17), cuando la salida principal del modelo europeo mostraba la entrada de un frente bastante m\u00e1s activo. Mirad c\u00f3mo las l\u00edneas de la salida principal despuntan hasta valores m\u00e1s altos, pero a la vez est\u00e1n <strong>bastante &#8220;solas&#8221;<\/strong>, ya que muy pocos de esos otros posibles escenarios (lineas azules) indican que vaya a llover tanto entre el lunes-martes.<\/h5>\n<h5>As\u00ed que ya lo veis, a pesar de que en principio el tiempo no pinta bien para estos Carnavales 2015, al menos todav\u00eda <strong>queda algo de esperanza para que pueda cambiar<\/strong> de aqu\u00ed a unos d\u00edas, aunque podr\u00edamos ir adelantando que s\u00ed comenzar\u00eda con tiempo revuelto. En unos d\u00edas volveremos con una previsi\u00f3n algo m\u00e1s concreta. Esperemos que algo haya cambiado a mejor.<\/h5>\n<p><span style=\"color: #ffffff;\">.<\/span><\/p>\n<h6 style=\"text-align: center;\"><strong><span style=\"color: #999999;\">Por Javier Pi\u00f1ero Fuentes \u2013 \u00a9 MeteoBadajoz 2015<\/span><\/strong><\/h6>\n<h6 style=\"text-align: center;\"><strong><span style=\"color: #999999;\">meteobadajoz@gmail.com<\/span><\/strong><\/h6>\n<h6 style=\"text-align: center;\"><span style=\"color: #000000;\"><strong>Puedes seguir toda la informaci\u00f3n a trav\u00e9s de Twitter <span style=\"color: #0000ff;\"><a href=\"https:\/\/twitter.com\/MeteoBadajoz\" target=\"_blank\" rel=\"external nofollow\"><span style=\"color: #0000ff;\">@MeteoBadajoz<\/span><\/a><\/span>, o Facebook <span style=\"color: #0000ff;\"><a href=\"https:\/\/www.facebook.com\/MeteoBadajoz\" target=\"_blank\" rel=\"external nofollow\"><span style=\"color: #0000ff;\">MeteoBadajoz<\/span><\/a><\/span><\/strong><\/span><strong>.<\/strong><\/h6>\n<h6 style=\"text-align: center;\"><span style=\"text-decoration: underline;\"><span style=\"color: #000000;\"><strong>Si el art\u00edculo te ha parecido interesante, puedes ayudar a divulgarlo a trav\u00e9s de las redes sociales, con ayuda de los botones para compartir.<\/strong><\/span><\/span><\/h6>\n<h6 style=\"text-align: center;\"><span style=\"color: #000000;\"><strong>\u00a1\u00a1Gracias y un saludo a los lectores del blog!!<\/strong><\/span><\/h6>\n<!-- AddThis Advanced Settings generic via filter on the_content --><!-- AddThis Share Buttons generic via filter on the_content -->","protected":false},"excerpt":{"rendered":"<p>Lunes 9 de Febrero 2015.\u00a0Nos acercamos poco a poco al Carnaval 2015, y aunque estos \u00faltimos d\u00edas parec\u00eda que estar\u00edan marcados generalmente por el tiempo estable y fresco, las \u00faltimas salidas de los modelos han acabado mostrando un panorama bastante distinto: es probable que tengamos la entrada de varios frentes a lo largo de los [&hellip;]<!-- AddThis Advanced Settings generic via filter on get_the_excerpt --><!-- AddThis Share Buttons generic via filter on get_the_excerpt --><\/p>\n","protected":false},"author":75,"featured_media":0,"comment_status":"open","ping_status":"closed","sticky":false,"template":"","format":"standard","meta":[],"categories":[4,5],"tags":[8,42,80,83,85,91,102,122,124],"_links":{"self":[{"href":"https:\/\/blogs.hoy.es\/meteobadajoz\/wp-json\/wp\/v2\/posts\/711"}],"collection":[{"href":"https:\/\/blogs.hoy.es\/meteobadajoz\/wp-json\/wp\/v2\/posts"}],"about":[{"href":"https:\/\/blogs.hoy.es\/meteobadajoz\/wp-json\/wp\/v2\/types\/post"}],"author":[{"embeddable":true,"href":"https:\/\/blogs.hoy.es\/meteobadajoz\/wp-json\/wp\/v2\/users\/75"}],"replies":[{"embeddable":true,"href":"https:\/\/blogs.hoy.es\/meteobadajoz\/wp-json\/wp\/v2\/comments?post=711"}],"version-history":[{"count":0,"href":"https:\/\/blogs.hoy.es\/meteobadajoz\/wp-json\/wp\/v2\/posts\/711\/revisions"}],"wp:attachment":[{"href":"https:\/\/blogs.hoy.es\/meteobadajoz\/wp-json\/wp\/v2\/media?parent=711"}],"wp:term":[{"taxonomy":"category","embeddable":true,"href":"https:\/\/blogs.hoy.es\/meteobadajoz\/wp-json\/wp\/v2\/categories?post=711"},{"taxonomy":"post_tag","embeddable":true,"href":"https:\/\/blogs.hoy.es\/meteobadajoz\/wp-json\/wp\/v2\/tags?post=711"}],"curies":[{"name":"wp","href":"https:\/\/api.w.org\/{rel}","templated":true}]}}