{"id":715,"date":"2015-02-13T21:37:50","date_gmt":"2015-02-13T19:37:50","guid":{"rendered":"http:\/\/blogs.hoy.es\/meteobadajoz\/?p=715"},"modified":"2015-02-13T21:37:50","modified_gmt":"2015-02-13T19:37:50","slug":"carnaval-en-extremadura-cielo-nuboso-y-algunas-lluvias-debiles","status":"publish","type":"post","link":"https:\/\/blogs.hoy.es\/meteobadajoz\/2015\/02\/13\/carnaval-en-extremadura-cielo-nuboso-y-algunas-lluvias-debiles\/","title":{"rendered":"Carnaval en Extremadura: cielo nuboso y algunas lluvias d\u00e9biles"},"content":{"rendered":"<h5><span style=\"text-decoration: underline;\">Viernes 13 de Febrero 2015.<\/span> Se confirma la llegada de algunos frentes para este fin de semana y el inicio de la pr\u00f3xima semana, aunque por lo general dejar\u00e1n <strong>lluvias d\u00e9biles en Extremadura<\/strong>, siendo sobre todo en las madrugadas de este viernes-s\u00e1bado y del s\u00e1bado al domingo.<\/h5>\n<h5>Temperaturas en general <strong>bastante suaves<\/strong>, ya sin heladas a primeras horas, con m\u00ednimas positivas de unos 4-6\u00baC (<strong>muy suaves en la madrugada del s\u00e1bado-domingo, con 8-10\u00baC<\/strong>), y m\u00e1ximas que en las horas centrales del d\u00eda podr\u00e1n superar los 15-16\u00baC. Todo ello con <strong>ambiente bastante h\u00famedo<\/strong> por la llegada de masas de aire templadas y h\u00famedas desde el Atl\u00e1ntico.<!--more--><\/h5>\n<h5><span style=\"text-decoration: underline;\"><a title=\"Ampliar\" href=\"http:\/\/nsae02.casimages.net\/img\/2015\/02\/13\/150213070459218136.png\" target=\"_blank\" rel=\"external nofollow\"><img loading=\"lazy\" class=\"aligncenter\" title=\"Ampliar\" src=\"\/\/nsae02.casimages.net\/img\/2015\/02\/13\/150213070459218136.png\" alt=\"\" width=\"1200\" height=\"927\" \/><\/a><\/span><\/h5>\n<h5>En el mapa superior vemos la probabilidad de lluvia superior o igual a 0,5 mm (muy poco) y, como vemos, <strong>tanto el s\u00e1bado como el domingo ser\u00e1n los d\u00edas en que m\u00e1s probabilidad de lluvia habr\u00e1<\/strong>. Puede que el lunes tambi\u00e9n veamos algunas precipitaciones en la regi\u00f3n, pero ser\u00edan m\u00e1s dispersas que las del s\u00e1bado-domingo, y s\u00f3lo en zonas del sur de Badajoz y norte de C\u00e1ceres.<\/h5>\n<h5>El martes <strong>podr\u00e1 afectarnos un tercer frente<\/strong>, pero parece que entrar\u00eda algo m\u00e1s desgastado que los anteriores, de forma que s\u00f3lo cabr\u00eda esperar algunos chubascos hacia las comarcas del norte y este de Extremadura, mientras que en el resto (en principio) cielos nubosos pero sin precipitaciones.<\/h5>\n<h5>-La &#8220;buena noticia&#8221; es que la parte m\u00e1s importante de estos frentes pasar\u00eda de madrugada (noche del Vie-S\u00e1b, S\u00e1b-Dom, y tarde-noche del lunes), por lo que en las horas centrales del d\u00eda, <strong>la probabilidad de lluvias ser\u00eda mucho m\u00e1s baja que de madrugada<\/strong>, incluso permitiendo la apertura de algunos claros.<\/h5>\n<h5><a title=\"Ampliar\" href=\"http:\/\/nsae02.casimages.net\/img\/2015\/02\/13\/15021307053856484.png\" target=\"_blank\" rel=\"external nofollow\"><img loading=\"lazy\" class=\"aligncenter\" title=\"Ampliar\" src=\"\/\/nsae02.casimages.net\/img\/2015\/02\/13\/15021307053856484.png\" alt=\"\" width=\"1200\" height=\"927\" \/><\/a>Y para comprobar que las lluvias <strong>no ir\u00e1n m\u00e1s all\u00e1 de algunos chubascos d\u00e9biles<\/strong>, el mapa superior viene a mostrarnos la probabilidad de que se acumulen 5 mm de lluvia en los pr\u00f3ximos d\u00edas: como se puede observar, <strong>probabilidad muy baja<\/strong> de que las precipitaciones puedan ni siquiera alcanzar ese registro de 5 mm de lluvia, por lo que <strong>es evidente que no acumular\u00edan demasiado<\/strong>.\u00a0Las mayores cantidades de lluvia cabe esperarlas en zonas del norte y noroeste peninsular, all\u00ed donde reciben de forma m\u00e1s directa la entrada de los frentes que nos llegan desde el Atl\u00e1ntico.<\/h5>\n<h5>Hay que destacar que <strong>no vamos a estar siempre con cielos muy nubosos o cubiertos<\/strong>, ya que hacia el mediod\u00eda del s\u00e1bado y domingo tendr\u00edamos cielos algo m\u00e1s despejados, incluso <strong>quiz\u00e1s con muchos claros en la tarde del domingo<\/strong>, pero ser\u00edan treguas pasajeras entre el paso de cada frente.<\/h5>\n<h5><span style=\"text-decoration: underline;\"><strong>En definitiva:<\/strong><\/span> noches de cielos <strong>muy nubosos y precipitaciones d\u00e9biles<\/strong> (gran parte de ellas, quiz\u00e1s, en forma de lloviznas), y horas centrales del d\u00eda con <strong>apertura de claros y menor riesgo de precipitaciones<\/strong>, permitiendo en muchos casos el desarrollo de todas las celebraciones de este Carnaval, <strong>casi<\/strong> sin ning\u00fan tipo de problema.<\/h5>\n<h5>No obstante, como\u00a0<strong>hay cierta incertidumbre para determinados d\u00edas<\/strong>, recuerda que puedes hacer seguimiento diario de la situaci\u00f3n a trav\u00e9s de <span style=\"color: #ff0000;\"><a href=\"https:\/\/twitter.com\/meteobadajoz\" target=\"_blank\" rel=\"external nofollow\"><span style=\"color: #ff0000;\">@MeteoBadajoz en Twitter<\/span><\/a><\/span>\u00a0o en la <span style=\"color: #ff0000;\"><a href=\"https:\/\/es-es.facebook.com\/MeteoBadajoz\" target=\"_blank\" rel=\"external nofollow\"><span style=\"color: #ff0000;\">p\u00e1gina de Facebook<\/span><\/a><\/span>.<\/h5>\n<h5><\/h5>\n<p><span style=\"color: #ffffff;\">.<\/span><\/p>\n<h6 style=\"text-align: center;\"><strong><span style=\"color: #999999;\">Por Javier Pi\u00f1ero Fuentes \u2013 \u00a9 MeteoBadajoz 2015<\/span><\/strong><\/h6>\n<h6 style=\"text-align: center;\"><strong><span style=\"color: #999999;\">meteobadajoz@gmail.com<\/span><\/strong><\/h6>\n<h6 style=\"text-align: center;\"><span style=\"color: #000000;\"><strong>Puedes seguir toda la informaci\u00f3n a trav\u00e9s de Twitter <span style=\"color: #0000ff;\"><a href=\"https:\/\/twitter.com\/MeteoBadajoz\" target=\"_blank\" rel=\"external nofollow\"><span style=\"color: #0000ff;\">@MeteoBadajoz<\/span><\/a><\/span>, o Facebook <span style=\"color: #0000ff;\"><a href=\"https:\/\/www.facebook.com\/MeteoBadajoz\" target=\"_blank\" rel=\"external nofollow\"><span style=\"color: #0000ff;\">MeteoBadajoz<\/span><\/a><\/span><\/strong><\/span><strong>.<\/strong><\/h6>\n<h6 style=\"text-align: center;\"><span style=\"text-decoration: underline;\"><span style=\"color: #000000;\"><strong>Si el art\u00edculo te ha parecido interesante, puedes ayudar a divulgarlo a trav\u00e9s de las redes sociales, con ayuda de los botones para compartir.<\/strong><\/span><\/span><\/h6>\n<h6 style=\"text-align: center;\"><span style=\"color: #000000;\"><strong>\u00a1\u00a1Gracias y un saludo a los lectores del blog!!<\/strong><\/span><\/h6>\n<!-- AddThis Advanced Settings generic via filter on the_content --><!-- AddThis Share Buttons generic via filter on the_content -->","protected":false},"excerpt":{"rendered":"<p>Viernes 13 de Febrero 2015. Se confirma la llegada de algunos frentes para este fin de semana y el inicio de la pr\u00f3xima semana, aunque por lo general dejar\u00e1n lluvias d\u00e9biles en Extremadura, siendo sobre todo en las madrugadas de este viernes-s\u00e1bado y del s\u00e1bado al domingo. Temperaturas en general bastante suaves, ya sin heladas [&hellip;]<!-- AddThis Advanced Settings generic via filter on get_the_excerpt --><!-- AddThis Share Buttons generic via filter on get_the_excerpt --><\/p>\n","protected":false},"author":75,"featured_media":0,"comment_status":"open","ping_status":"closed","sticky":false,"template":"","format":"standard","meta":[],"categories":[5],"tags":[8,42,66,83,85,91,124],"_links":{"self":[{"href":"https:\/\/blogs.hoy.es\/meteobadajoz\/wp-json\/wp\/v2\/posts\/715"}],"collection":[{"href":"https:\/\/blogs.hoy.es\/meteobadajoz\/wp-json\/wp\/v2\/posts"}],"about":[{"href":"https:\/\/blogs.hoy.es\/meteobadajoz\/wp-json\/wp\/v2\/types\/post"}],"author":[{"embeddable":true,"href":"https:\/\/blogs.hoy.es\/meteobadajoz\/wp-json\/wp\/v2\/users\/75"}],"replies":[{"embeddable":true,"href":"https:\/\/blogs.hoy.es\/meteobadajoz\/wp-json\/wp\/v2\/comments?post=715"}],"version-history":[{"count":0,"href":"https:\/\/blogs.hoy.es\/meteobadajoz\/wp-json\/wp\/v2\/posts\/715\/revisions"}],"wp:attachment":[{"href":"https:\/\/blogs.hoy.es\/meteobadajoz\/wp-json\/wp\/v2\/media?parent=715"}],"wp:term":[{"taxonomy":"category","embeddable":true,"href":"https:\/\/blogs.hoy.es\/meteobadajoz\/wp-json\/wp\/v2\/categories?post=715"},{"taxonomy":"post_tag","embeddable":true,"href":"https:\/\/blogs.hoy.es\/meteobadajoz\/wp-json\/wp\/v2\/tags?post=715"}],"curies":[{"name":"wp","href":"https:\/\/api.w.org\/{rel}","templated":true}]}}