{"id":717,"date":"2015-02-24T21:47:54","date_gmt":"2015-02-24T19:47:54","guid":{"rendered":"http:\/\/blogs.hoy.es\/meteobadajoz\/?p=717"},"modified":"2015-02-24T21:47:54","modified_gmt":"2015-02-24T19:47:54","slug":"marzo-podria-empezar-con-maximas-de-20-25grados","status":"publish","type":"post","link":"https:\/\/blogs.hoy.es\/meteobadajoz\/2015\/02\/24\/marzo-podria-empezar-con-maximas-de-20-25grados\/","title":{"rendered":"Marzo podr\u00eda comenzar con m\u00e1ximas de 20-25\u00baC en la pen\u00ednsula"},"content":{"rendered":"<h5><\/h5>\n<h5><img loading=\"lazy\" class=\"aligncenter size-full wp-image-719\" src=\"\/meteobadajoz\/wp-content\/uploads\/sites\/68\/2015\/02\/174-582SP.png\" alt=\"\" width=\"768\" height=\"428\" srcset=\"https:\/\/static-blogs.hoy.es\/wp-content\/uploads\/sites\/68\/2015\/02\/174-582SP.png 768w, https:\/\/static-blogs.hoy.es\/wp-content\/uploads\/sites\/68\/2015\/02\/174-582SP-300x167.png 300w\" sizes=\"(max-width: 768px) 100vw, 768px\" \/><\/h5>\n<h5><span style=\"text-decoration: underline;\">Martes 24 de Febrero 2015.<\/span> Estamos en febrero, y aunque es cierto que todav\u00eda se pueden suceder episodios de bajas temperaturas o incluso de nevadas, en esta segunda mitad del mes empezamos a ver cierta tendencia hacia un tiempo <strong>cada vez m\u00e1s primaveral<\/strong>, y lo notamos sobre todo en el ascenso progresivo de las temperaturas medias diarias, siendo \u00e9stas cada vez m\u00e1s altas.<\/h5>\n<h5><!--more-->A medio plazo ya se intuye un primer anticipo de la primavera, con m\u00e1ximas que en los grandes valles de la pen\u00ednsula podr\u00edan alcanzar -o incluso superar- los <strong>20-22\u00baC<\/strong>, sobre todo hacia el suroeste del pa\u00eds. Hay modelos que plantean m\u00e1ximas cercanas o <strong>ligeramente superiores a los 25\u00baC<\/strong> en los primeros d\u00edas de la pr\u00f3xima semana, coincidiendo con el inicio del mes de Marzo (y de la <strong>primavera meteorol\u00f3gica<\/strong>).<\/h5>\n<h5>Son temperaturas algo altas para la \u00e9poca del a\u00f1o, pero tampoco excepcionales, incluso quedan bastante lejos de los r\u00e9cords absolutos de temperaturas m\u00e1ximas para el caso de Extremadura:<\/h5>\n<h5><img loading=\"lazy\" class=\"aligncenter\" src=\"\/\/nsae02.casimages.net\/img\/2015\/02\/24\/150224125513870846.png\" alt=\"\" width=\"552\" height=\"171\" \/>Como se puede ver, en Badajoz el r\u00e9cord para ambos meses se acerca a los 29-30\u00baC, mientras que en C\u00e1ceres capital est\u00e1 en los 25-27\u00baC. <strong>\u00bfSignifica eso que podr\u00eda caer un r\u00e9cord en C\u00e1ceres?<\/strong> Pues no, porque obviamente las temperaturas son algo m\u00e1s bajas en \u00e9sta ciudad, que en zonas del valle del Guadiana, donde habitualmente se registran las temperaturas m\u00e1s altas de la regi\u00f3n.<\/h5>\n<h5>En el caso de los pr\u00f3ximos d\u00edas, aunque ciudades como Badajoz o M\u00e9rida se puedan acercar a los 24-25\u00baC (de cumplirse los pron\u00f3sticos actuales), en C\u00e1ceres esas m\u00e1ximas ser\u00edan algo inferiores debido a la mayor altitud de esta poblaci\u00f3n, quiz\u00e1s de unos 20-22\u00baC, aunque habr\u00e1 que ver si no se acaban disparando las temperaturas debido al viento del este y noreste, que a Extremadura suele llegar m\u00e1s recalentado y seco tras cruzar la pen\u00ednsula.<\/h5>\n<h5>Pero a pesar de que estas temperaturas est\u00e9n algo lejos de los r\u00e9cords, lo que s\u00ed parece es que se quedar\u00e1n <strong>claramente por encima de la media<\/strong> para esta \u00e9poca del a\u00f1o, de forma que podemos hablar de un <em>peque\u00f1o episodio de &#8220;temperaturas elevadas&#8221;<\/em>, pero todo muy entrecomillado puesto que tampoco hablamos de temperaturas extraordinariamente altas (ni calurosas).<\/h5>\n<p><img loading=\"lazy\" class=\"aligncenter\" src=\"\/\/nsae02.casimages.net\/img\/2015\/02\/24\/15022407091495756.png\" alt=\"\" width=\"976\" height=\"547\" \/><\/p>\n<h5>Por otro lado, el mapa de anomal\u00edas de temperaturas a nivel del suelo nos est\u00e1 indicando -con esos colores anaranjados y rojizos- que las temperaturas no estar\u00e1n dentro de lo normal, con <strong>+7 y +8\u00baC por encima de la media<\/strong> en los casos m\u00e1s destacables, y no s\u00f3lo en la Pen\u00ednsula Ib\u00e9rica, sino tambi\u00e9n en otras muchas zonas del continente europeo. La dorsal atl\u00e1ntica y el anticicl\u00f3n de las Azores se &#8220;volcar\u00edan&#8221; hacia el oeste de Europa, dej\u00e1ndonos una situaci\u00f3n bastante estable, sobre todo a medida que avance la pr\u00f3xima semana.<\/h5>\n<p>&nbsp;<\/p>\n<h4><strong><span style=\"color: #000080;\">-Este escenario de temperaturas primaverales a una semana vista es bastante probable, pero hay cierta incertidumbre&#8230;<\/span><\/strong><\/h4>\n<h5>Hay que destacar que, al principio de la pr\u00f3xima semana, no va a ser una situaci\u00f3n anticicl\u00f3nica generalizada, porque quiz\u00e1s tendremos todav\u00eda bastante nubosidad circulando por todo el norte peninsular, y es bastante probable que tambi\u00e9n afecte a zonas del centro y oeste peninsular, en forma de nubes bajas que podr\u00edan colarse desde el Atl\u00e1ntico.<\/h5>\n<p><img loading=\"lazy\" class=\"aligncenter\" src=\"\/\/nsae02.casimages.net\/img\/2015\/02\/24\/150224070739942050.png\" alt=\"\" width=\"1180\" height=\"623\" \/><\/p>\n<h5>Todo ello debido a la baja circulaci\u00f3n del <strong><em>Chorro Polar<\/em><\/strong>; un &#8220;r\u00edo de viento&#8221; a unos 10-12 km de altura, que dirige todos los centros de acci\u00f3n (anticiclones y borrascas), y que separa dos grandes tipos de masas de aire: al norte de \u00e9l queda el aire fr\u00edo proveniente de las regiones polares, mientras que al sur queda el aire m\u00e1s c\u00e1lido que se acumula en las regiones tropicales y subtropicales del planeta. Deb\u00e9is imagin\u00e1roslo como un &#8220;muro&#8221; que separa esas dos grandes masas de aire de caracter\u00edsticas diferentes, y que fluct\u00faa a lo largo del hemisferio dejando periodos de temperaturas bajas (vaguadas), con periodos de temperaturas m\u00e1s c\u00e1lidas (dorsales).<\/h5>\n<h5>Pues bien, como se muestra en el mapa superior, en los pr\u00f3ximos d\u00edas el Chorro Polar <strong>circular\u00e1 bastante cerca de la Pen\u00ednsula Ib\u00e9rica<\/strong>, aunque permaneceremos en su lado sur, es decir, en la que encontramos aire m\u00e1s c\u00e1lido. Sin embargo, la proximidad de este <em>r\u00edo de viento<\/em> har\u00e1 que predominen vientos del oeste o suroeste, de forma que <strong>podr\u00edan colarse nubes bajas por Portugal<\/strong>\u00a0y cubrir zonas del valle del Guadiana y valle del Guadalquivir, aunque en principio s\u00f3lo ser\u00eda por las ma\u00f1anas, ya que a lo largo del d\u00eda esas nubes ir\u00edan rompi\u00e9ndose.<\/h5>\n<h5>\u00a1Pero esa es la incertidumbre&#8230;! Es decir, si finalmente ese flujo de vientos del oeste-suroeste es demasiado marcado, <strong>las nubes bajas permanecer\u00edan mucho m\u00e1s tiempo<\/strong> sobre oeste peninsular, y eso dificultar\u00eda el ascenso de las temperaturas, de forma que esta previsi\u00f3n de temperaturas c\u00e1lidas <strong>no se cumplir\u00eda<\/strong>, al menos durante los primeros d\u00edas de la semana, porque despu\u00e9s el anticicl\u00f3n acabar\u00eda abrazando a gran parte de la Pen\u00ednsula Ib\u00e9rica (con el Chorro Polar bastante m\u00e1s alejado y al norte), y\u00a0<strong>el tiempo estable y c\u00e1lido<\/strong>\u00a0-ya si-<strong>\u00a0reinar\u00eda en gran parte del territorio<\/strong>.<\/h5>\n<p>&nbsp;<\/p>\n<h4 style=\"text-align: center;\"><strong style=\"font-size: 0.75em; text-align: center;\"><span style=\"color: #999999;\">Por Javier Pi\u00f1ero Fuentes \u2013 \u00a9 MeteoBadajoz 2015<\/span><\/strong><\/h4>\n<h6 style=\"text-align: center;\"><strong><span style=\"color: #999999;\">meteobadajoz@gmail.com<\/span><\/strong><\/h6>\n<h6 style=\"text-align: center;\"><span style=\"color: #000000;\"><strong>Puedes seguir toda la informaci\u00f3n a trav\u00e9s de Twitter <span style=\"color: #0000ff;\"><a href=\"https:\/\/twitter.com\/MeteoBadajoz\" target=\"_blank\" rel=\"external nofollow\"><span style=\"color: #0000ff;\">@MeteoBadajoz<\/span><\/a><\/span>, o Facebook <span style=\"color: #0000ff;\"><a href=\"https:\/\/www.facebook.com\/MeteoBadajoz\" target=\"_blank\" rel=\"external nofollow\"><span style=\"color: #0000ff;\">MeteoBadajoz<\/span><\/a><\/span><\/strong><\/span><strong>.<\/strong><\/h6>\n<h6 style=\"text-align: center;\"><span style=\"text-decoration: underline;\"><span style=\"color: #000000;\"><strong>Si el art\u00edculo te ha parecido interesante, puedes ayudar a divulgarlo a trav\u00e9s de las redes sociales, con ayuda de los botones para compartir.<\/strong><\/span><\/span><\/h6>\n<h6 style=\"text-align: center;\"><span style=\"color: #000000;\"><strong>\u00a1\u00a1Gracias y un saludo a los lectores del blog!!<\/strong><\/span><\/h6>\n<h5><\/h5>\n<p><!-- AddThis Button BEGIN --><\/p>\n<div class=\"addthis_toolbox addthis_default_style \">\n<a class=\"addthis_button_facebook_like\" fb:like:layout=\"button_count\" href=\"\"><\/a><a class=\"addthis_button_tweet\" href=\"\"><\/a><a class=\"addthis_button_google_plusone\" g:plusone:size=\"medium\" href=\"\"><\/a><a class=\"addthis_counter addthis_pill_style\" href=\"\"><\/a><\/div>\n<p><!-- AddThis Button END --><\/p>\n<!-- AddThis Advanced Settings generic via filter on the_content --><!-- AddThis Share Buttons generic via filter on the_content -->","protected":false},"excerpt":{"rendered":"<p>Martes 24 de Febrero 2015. Estamos en febrero, y aunque es cierto que todav\u00eda se pueden suceder episodios de bajas temperaturas o incluso de nevadas, en esta segunda mitad del mes empezamos a ver cierta tendencia hacia un tiempo cada vez m\u00e1s primaveral, y lo notamos sobre todo en el ascenso progresivo de las temperaturas [&hellip;]<!-- AddThis Advanced Settings generic via filter on get_the_excerpt --><!-- AddThis Share Buttons generic via filter on get_the_excerpt --><\/p>\n","protected":false},"author":75,"featured_media":0,"comment_status":"closed","ping_status":"closed","sticky":false,"template":"","format":"standard","meta":[],"categories":[4,5],"tags":[8,18,26,62,85,96,128],"_links":{"self":[{"href":"https:\/\/blogs.hoy.es\/meteobadajoz\/wp-json\/wp\/v2\/posts\/717"}],"collection":[{"href":"https:\/\/blogs.hoy.es\/meteobadajoz\/wp-json\/wp\/v2\/posts"}],"about":[{"href":"https:\/\/blogs.hoy.es\/meteobadajoz\/wp-json\/wp\/v2\/types\/post"}],"author":[{"embeddable":true,"href":"https:\/\/blogs.hoy.es\/meteobadajoz\/wp-json\/wp\/v2\/users\/75"}],"replies":[{"embeddable":true,"href":"https:\/\/blogs.hoy.es\/meteobadajoz\/wp-json\/wp\/v2\/comments?post=717"}],"version-history":[{"count":0,"href":"https:\/\/blogs.hoy.es\/meteobadajoz\/wp-json\/wp\/v2\/posts\/717\/revisions"}],"wp:attachment":[{"href":"https:\/\/blogs.hoy.es\/meteobadajoz\/wp-json\/wp\/v2\/media?parent=717"}],"wp:term":[{"taxonomy":"category","embeddable":true,"href":"https:\/\/blogs.hoy.es\/meteobadajoz\/wp-json\/wp\/v2\/categories?post=717"},{"taxonomy":"post_tag","embeddable":true,"href":"https:\/\/blogs.hoy.es\/meteobadajoz\/wp-json\/wp\/v2\/tags?post=717"}],"curies":[{"name":"wp","href":"https:\/\/api.w.org\/{rel}","templated":true}]}}