{"id":723,"date":"2013-06-17T07:00:44","date_gmt":"2013-06-17T05:00:44","guid":{"rendered":"http:\/\/blogs.hoy.es\/meteobadajoz\/?p=453"},"modified":"2013-06-17T07:00:44","modified_gmt":"2013-06-17T05:00:44","slug":"nuevo-cambio-de-tiempo-antes-del-verano","status":"publish","type":"post","link":"https:\/\/blogs.hoy.es\/meteobadajoz\/2013\/06\/17\/nuevo-cambio-de-tiempo-antes-del-verano\/","title":{"rendered":"Nuevo cambio de tiempo antes del verano"},"content":{"rendered":"<p style=\"text-align: center;\"><img loading=\"lazy\" class=\"aligncenter\" title=\"Variaci\u00f3n de las temperaturas m\u00e1ximas para el lunes 17, con respecto a las registradas el domingo 16.\" src=\"\/\/nsae01.casimages.net\/img\/2013\/06\/17\/130617010553147691.png\" alt=\"\" width=\"647\" height=\"418\" \/><br \/>\n<strong><span style=\"color: #000000;\">Variaci\u00f3n de las temperaturas m\u00e1ximas para el lunes 17, con respecto a las registradas el domingo 16.<\/span><\/strong><\/p>\n<p><span style=\"color: #000000;\">La pasada semana habl\u00e1bamos de un progresivo ascenso de las temperaturas hasta el fin de semana, que quiz\u00e1s nos dejar\u00eda m\u00e1ximas de hasta 38\u00baC, pero finalmente, a pocos d\u00edas del fin de semana, los modelos cambiaron, y no se han alcanzado los valores previstos en jornadas anteriores, entre otras cosas por la entrada de vientos de poniente, m\u00e1s frescos y h\u00famedos, que han mantenido las temperaturas en valores no demasiado altos.<\/span><\/p>\n<p><span style=\"color: #000000;\">Pero esta nueva semana la comenzamos hablando de un nuevo <strong>cambio de tiempo<\/strong> que afectar\u00e1 a gran parte de nuestro pa\u00eds, con un <strong>importante descenso de las temperaturas<\/strong> durante este lunes y martes, y <strong>con algunas precipitaciones<\/strong> en forma de chubascos y tormentas, especialmente hacia el norte y noreste de la Pen\u00ednsula.<!--more--><\/span><\/p>\n<p><span style=\"color: #000000;\">Los cambios llegar\u00e1n a la Pen\u00ednsula Ib\u00e9rica desde el Atl\u00e1ntico Norte, donde una masa de aire fr\u00edo se ha ido desplazando hacia el sur durante el fin de semana. Como consecuencia de esa<strong> irrupci\u00f3n de aire fr\u00edo<\/strong>, la masa de aire c\u00e1lido que nos ha estado dejando temperaturas calurosas la semana pasada por gran parte de Espa\u00f1a, se desplaza esta semana hacia el interior y norte de Europa, por donde van a notar un <strong>notable ascenso t\u00e9rmico<\/strong>. Todo esto se observa muy bien en la siguiente animaci\u00f3n:<\/span><\/p>\n<p style=\"text-align: center;\"><img loading=\"lazy\" class=\"aligncenter\" src=\"\/\/nsae01.casimages.net\/img\/2013\/06\/17\/13061702013922305.gif\" alt=\"\" width=\"614\" height=\"410\" \/> <strong><span style=\"color: #000000;\">Temperaturas previstas a 850 hPa (1.500 metros de altitud) \u2013 Modelo GFS.<\/span><\/strong><\/p>\n<p><span style=\"color: #000000;\">En Extremadura, ya durante este lunes vamos a notar un<strong> acusado descenso de temperaturas<\/strong>, aunque ni mucho menos har\u00e1 fr\u00edo. Venimos de un fin de semana con m\u00e1ximas rondando los 34-35\u00baC, y estos d\u00edas nos quedaremos con m\u00e1ximas cercanas a los 25\u00baC, por lo que ambiente mucho m\u00e1s agradable y con <strong>menos calor<\/strong>.<\/span><\/p>\n<p><span style=\"color: #000000;\">Tambi\u00e9n bajar\u00e1n las temperaturas m\u00ednimas, y pasaremos de temperaturas por encima de los 15 en muchas zonas durante estos \u00faltimos d\u00edas, a m\u00ednimas entre los 10-15\u00baC, e incluso m\u00e1s bajas en zonas de sierra, aunque s\u00f3lo ser\u00e1n durante estos 2 o 3 primeros d\u00edas de la semana. Por tanto,<strong> ambiente m\u00e1s fresco<\/strong> durante la madrugada y primeras horas de la ma\u00f1ana, y <strong>con m\u00e1s viento<\/strong>, lo cual nos podr\u00e1 dejar una <strong>sensaci\u00f3n t\u00e9rmica algo m\u00e1s baja<\/strong> de la que realmente marcan los term\u00f3metros.<\/span><\/p>\n<p style=\"text-align: center;\"><img loading=\"lazy\" class=\"aligncenter\" src=\"\/\/nsae01.casimages.net\/img\/2013\/06\/17\/130617012242313765.png\" alt=\"\" width=\"599\" height=\"472\" \/> <strong><span style=\"color: #000000;\">Precipitaciones totales esperadas por el modelo NAE desde el domingo 16 de junio a las 8h, hasta el martes 18 de junio a las 18h.<\/span><\/strong><\/p>\n<p><span style=\"color: #000000;\">En cuanto a las precipitaciones, en Extremadura <strong>no ser\u00e1n demasiado intensas<\/strong>, ya que nos situaremos en una zona de poca inestabilidad, o al menos no tanta inestabilidad como por zonas del norte o noreste de la Pen\u00ednsula, aunque s\u00ed cabr\u00eda esperar precipitaciones m\u00e1s generosas y abundantes hacia las <strong>sierras del norte<\/strong> de la regi\u00f3n. En cualquier caso, en nuestra regi\u00f3n, las lluvias las veremos de forma bastante d\u00e9bil durante la ma\u00f1ana del lunes, y sobre todo desde la noche del lunes-martes, hasta la tarde-noche del martes. As\u00ed que el d\u00eda de mayor inestabilidad y de ambiente m\u00e1s oto\u00f1al, ser\u00e1 <strong>el martes<\/strong>.<\/span><\/p>\n<p><span style=\"color: #000000;\">Pero, sin duda, donde las lluvias ser\u00e1n m\u00e1s intensas ser\u00e1 por zonas del noreste peninsular. Y es que por all\u00ed, en algunas zonas de Catalu\u00f1a, norte de Arag\u00f3n y Navarra, las precipitaciones podr\u00edan ser <strong>bastante generosas y bastante intensas<\/strong>, acompa\u00f1adas de tormentas que pueden adquirir <strong>cierta organizaci\u00f3n<\/strong>. Por esa zona hay que tener en cuenta <strong>el deshielo<\/strong> y el <em><strong>efecto retenci\u00f3n<\/strong><\/em> de las precipitaciones en la cara sur del Pirineo, donde las lluvias acostumbran a ser m\u00e1s abundantes. La semana pasada ya se produjeron algunos problemas debido a las lluvias en Navarra, y durante estos primeros d\u00edas de la semana la situaci\u00f3n podr\u00eda volver a repetirse, as\u00ed que habr\u00e1 que estar muy atentos por esa zona.<\/span><\/p>\n<p><span style=\"color: #000000;\">Pero este cambio de tiempo apenas va a durar <strong>dos o tres d\u00edas<\/strong>, ya que a partir del mi\u00e9rcoles las precipitaciones tender\u00e1n a remitir, y las temperaturas volver\u00e1n a subir por encima de los<strong> 30\u00baC<\/strong>. Ser\u00e1 una pausa temporal antes de la llegada del verano astron\u00f3mico, que entra este viernes a eso de las 07:04h de la ma\u00f1ana.<\/span><\/p>\n<p>&nbsp;<\/p>\n<p style=\"text-align: center;\"><strong><span style=\"color: #000000;\">Puedes seguir este blog a trav\u00e9s de la cuenta de Twitter\u00a0<\/span><span style=\"color: #ff0000;\"><a href=\"https:\/\/twitter.com\/MeteoBadajoz\" rel=\"external nofollow\" target=\"_blank\"><span style=\"color: #ff0000;\">@MeteoBadajoz<\/span><\/a><\/span><span style=\"color: #000000;\">, o Facebook\u00a0<\/span><span style=\"color: #ff0000;\"><a href=\"https:\/\/www.facebook.com\/pages\/MeteoBadajoz\/236436716399890\" rel=\"external nofollow\" target=\"_blank\"><span style=\"color: #ff0000;\">MeteoBadajoz<\/span><\/a><\/span><span style=\"color: #000000;\">, donde estar\u00e1s informado en todo momento de c\u00f3mo evolucionan los d\u00edas, as\u00ed como de noticias de inter\u00e9s meteorol\u00f3gico.<\/span><\/strong><\/p>\n<p style=\"text-align: center;\"><span style=\"text-decoration: underline; color: #000000;\"><strong>Si el art\u00edculo te ha parecido interesante, puedes ayudar a divulgarlo a trav\u00e9s de las redes sociales, con ayuda de los botones para compartir.<\/strong><\/span><\/p>\n<p style=\"text-align: center;\"><span style=\"color: #000000;\"><strong>\u00a1\u00a1Gracias!!<\/strong><\/span><\/p>\n<!-- AddThis Advanced Settings generic via filter on the_content --><!-- AddThis Share Buttons generic via filter on the_content -->","protected":false},"excerpt":{"rendered":"<p>Variaci\u00f3n de las temperaturas m\u00e1ximas para el lunes 17, con respecto a las registradas el domingo 16. La pasada semana habl\u00e1bamos de un progresivo ascenso de las temperaturas hasta el fin de semana, que quiz\u00e1s nos dejar\u00eda m\u00e1ximas de hasta 38\u00baC, pero finalmente, a pocos d\u00edas del fin de semana, los modelos cambiaron, y no [&hellip;]<!-- AddThis Advanced Settings generic via filter on get_the_excerpt --><!-- AddThis Share Buttons generic via filter on get_the_excerpt --><\/p>\n","protected":false},"author":75,"featured_media":0,"comment_status":"open","ping_status":"closed","sticky":false,"template":"","format":"standard","meta":[],"categories":[4,5],"tags":[6,33,44,50,83,89,91,102,122],"_links":{"self":[{"href":"https:\/\/blogs.hoy.es\/meteobadajoz\/wp-json\/wp\/v2\/posts\/723"}],"collection":[{"href":"https:\/\/blogs.hoy.es\/meteobadajoz\/wp-json\/wp\/v2\/posts"}],"about":[{"href":"https:\/\/blogs.hoy.es\/meteobadajoz\/wp-json\/wp\/v2\/types\/post"}],"author":[{"embeddable":true,"href":"https:\/\/blogs.hoy.es\/meteobadajoz\/wp-json\/wp\/v2\/users\/75"}],"replies":[{"embeddable":true,"href":"https:\/\/blogs.hoy.es\/meteobadajoz\/wp-json\/wp\/v2\/comments?post=723"}],"version-history":[{"count":0,"href":"https:\/\/blogs.hoy.es\/meteobadajoz\/wp-json\/wp\/v2\/posts\/723\/revisions"}],"wp:attachment":[{"href":"https:\/\/blogs.hoy.es\/meteobadajoz\/wp-json\/wp\/v2\/media?parent=723"}],"wp:term":[{"taxonomy":"category","embeddable":true,"href":"https:\/\/blogs.hoy.es\/meteobadajoz\/wp-json\/wp\/v2\/categories?post=723"},{"taxonomy":"post_tag","embeddable":true,"href":"https:\/\/blogs.hoy.es\/meteobadajoz\/wp-json\/wp\/v2\/tags?post=723"}],"curies":[{"name":"wp","href":"https:\/\/api.w.org\/{rel}","templated":true}]}}