{"id":724,"date":"2013-06-20T11:53:07","date_gmt":"2013-06-20T09:53:07","guid":{"rendered":"http:\/\/blogs.hoy.es\/meteobadajoz\/?p=455"},"modified":"2013-06-20T11:53:07","modified_gmt":"2013-06-20T09:53:07","slug":"el-patron-atmosferico-de-los-ultimos-meses-podria-tener-continuidad-al-comienzo-del-verano-2013","status":"publish","type":"post","link":"https:\/\/blogs.hoy.es\/meteobadajoz\/2013\/06\/20\/el-patron-atmosferico-de-los-ultimos-meses-podria-tener-continuidad-al-comienzo-del-verano-2013\/","title":{"rendered":"El patr\u00f3n atmosf\u00e9rico de los \u00faltimos meses podr\u00eda seguir al comienzo del verano 2013"},"content":{"rendered":"<div class=\"mceTemp mceIEcenter\" style=\"text-align: center;\">\n<dl id=\"\" class=\"wp-caption aligncenter\" style=\"width: 613px;\">\n<dt class=\"wp-caption-dt\"><img loading=\"lazy\" src=\"\/\/nsae01.casimages.net\/img\/2013\/06\/19\/130619092049166813.png\" alt=\"\" width=\"603\" height=\"377\" \/><\/dt>\n<\/dl>\n<\/div>\n<p style=\"text-align: center;\"><strong><span style=\"color: #000000;\">Situaci\u00f3n de la corriente en chorro o chorro polar en este mes de Junio 2013.<\/span><\/strong><\/p>\n<p><span style=\"color: #000000;\"><strong>Jueves 20 de Junio 2013.<\/strong> Llevamos varias semanas, e incluso meses, <strong>con alternancia de episodios de calor (no demasiado importantes) y, posteriormente, la llegada de peque\u00f1os embolsamientos de aire fr\u00edo<\/strong> que acaban dej\u00e1ndonos breves situaciones tormentosas por el norte de la Pen\u00ednsula. Y echando un vistazo a los modelos, parece que <strong>seguiremos bajo ese patr\u00f3n<\/strong> de tiempo variable por el centro y norte, y ambiente seco y moderadamente caluroso por el sur.<!--more--><\/span><\/p>\n<p><span style=\"color: #000000;\">De momento no se observan irrupciones de aire c\u00e1lido importantes, ni temperaturas de 40\u00baC o superior. Se sigue observando, de momento, la <strong>alternancia de situaciones calurosas<\/strong>, no muy importantes y bastante breves, con otras <strong>situaciones de ambiente m\u00e1s fresco y algo lluvioso<\/strong>.<\/span><\/p>\n<div class=\"mceTemp\" style=\"text-align: center;\">\n<dl id=\"\" class=\"wp-caption alignleft\" style=\"width: 394px;\">\n<dt class=\"wp-caption-dt\"><img loading=\"lazy\" class=\"  \" src=\"\/\/nsae01.casimages.net\/img\/2013\/06\/20\/130620100459546008.png\" alt=\"\" width=\"384\" height=\"407\" \/><\/dt>\n<dd class=\"wp-caption-dd\"><strong><span style=\"color: #000000;\">Anomal\u00eda de temperaturas en Europa en el mes de Mayo 2013.<\/span><\/strong><\/dd>\n<\/dl>\n<\/div>\n<p><span style=\"color: #000000;\">De mantenerse esta configuraci\u00f3n atmosf\u00e9rica durante los pr\u00f3ximos meses, el verano podr\u00eda acabar siendo <strong>algo m\u00e1s fresco de lo normal<\/strong>, -como ya se ha comentado en <a href=\"https:\/\/blogs.hoy.es\/meteobadajoz\/2013\/06\/03\/junio-2013-menos-caluroso-y-algo-tormentoso\/\" target=\"_blank\">alguna ocasi\u00f3n al hablar de los modelos estacionales para este verano<\/a>-, pero no ser\u00e1 un a\u00f1o sin verano, que es distinto.<\/span><\/p>\n<p><span style=\"color: #000000;\">Esta situaci\u00f3n que venimos arrastrando desde hace ya algunos meses, parece estar provocada por una <strong>mayor ondulaci\u00f3n<\/strong>\u00a0del chorro polar, que est\u00e1 provocando <strong>el ascenso de grandes masas de aire c\u00e1lido hacia latitudes muy altas<\/strong>, y como consecuencia, el <strong>descenso de masas de aire fr\u00edo hacia latitudes m\u00e1s bajas<\/strong>, -como est\u00e1 sucediendo en Espa\u00f1a y buena parte de Europa-.<\/span><\/p>\n<p><span style=\"color: #000000;\">De ah\u00ed que durante estas \u00faltimas semanas se haya estado registrando una situaci\u00f3n inversa en cuanto a temperaturas en gran parte de Europa, registr\u00e1ndose temperaturas m\u00e1s altas en los pa\u00edses del este y norte, as\u00ed como en Rusia, mientras que por el centro y suroeste del continente, las temperaturas han sido algo m\u00e1s fr\u00edas de lo habitual.<\/span><\/p>\n<p>&nbsp;<\/p>\n<p style=\"text-align: center;\"><a href=\"http:\/\/nsae01.casimages.net\/img\/2013\/06\/19\/130619080920972761.png\" rel=\"external nofollow\"><img loading=\"lazy\" class=\" aligncenter\" src=\"\/\/nsae01.casimages.net\/img\/2013\/06\/19\/130619080920972761.png\" alt=\"\" width=\"643\" height=\"352\" \/><\/a><\/p>\n<p style=\"text-align: center;\"><span style=\"color: #000000;\"><strong>Comparaci\u00f3n estado del chorro polar o corriente en chorro en invierno (izquierda) y verano (derecha) del Hemisferio Norte.<\/strong><\/span><\/p>\n<p><span style=\"color: #000000;\">Recordemos que el <strong><em>chorro pola<\/em>r o <em>corriente en chorro<\/em><\/strong> es una zona de vientos muy r\u00e1pidos a unos 8-11 km de altitud, de componente oeste (en ambos hemisferios), que se ondula alrededor de cada hemisferio describiendo<strong> trayectorias sinuosas<\/strong>, en forma de meandros. Su origen se basa principalmente en la <strong>diferencia de temperatura entre el ecuador y los polos<\/strong> (Norte o Sur).<\/span><\/p>\n<p><span style=\"color: #000000;\">El Sol calienta la Tierra de manera desigual, de forma que las regiones intertropicales reciben una mayor cantidad de radiaci\u00f3n solar, mientras que las altas latitudes (Groenlandia, o el \u00c1rtico, por ejemplo) reciben menor cantidad de radiaci\u00f3n solar. Se produce as\u00ed un <strong>fuerte contraste<\/strong> que en determinados momentos del a\u00f1o es mayor o menor, variando tambi\u00e9n la <strong>fuerza del chorro polar<\/strong>.<\/span><\/p>\n<p><span style=\"color: #000000;\">Pues bien, <strong>en el Hemisferio Norte<\/strong>, en invierno, apenas llega radiaci\u00f3n solar al Polo Norte, y lo poco que llega, es expulsada hacia el exterior al reflejarse en la superficie helada, por lo que encontramos much\u00edsimo <strong>aire fr\u00edo que se acumula a lo largo del invierno<\/strong>. <\/span><\/p>\n<p><span style=\"color: #000000;\">Pero <strong>en zonas tropicales<\/strong>, el tiempo no es muy cambiante, y siempre hace <strong>calor<\/strong>, por lo que hay un gran contraste entre ambas zonas, y el chorro polar en esa \u00e9poca del a\u00f1o, est\u00e1 <strong>mucho m\u00e1s activo<\/strong>, circula a una velocidad mucho mayor, y el n\u00famero de ondulaciones alrededor del hemisferio es menor, aunque son mucho m\u00e1s pronunciadas, produci\u00e9ndose importantes <strong>desalojos de aire fr\u00edo hacia latitudes medias<\/strong>.<\/span><\/p>\n<p><span style=\"color: #000000;\">Pero en verano del Hemisferio Norte, el Polo Norte s\u00ed recibe radiaci\u00f3n solar y, por tanto, se calienta, y el contraste entre ecuador-Polo es mucho menor, por lo que <strong>el chorro polar pierde fuerza<\/strong>, se rompe, circula a menor velocidad, y eso provoca que \u00e9sta corriente de viento en altura se frene, y se vea obligada a <strong>ondularse con mayor frecuencia<\/strong>, e incluso a estancarse en determinadas zonas con algunos <strong>bucles<\/strong>.<\/span><\/p>\n<p style=\"text-align: center;\"><a href=\"http:\/\/nsae01.casimages.net\/img\/2013\/06\/19\/130619075443816116.png\" target=\"_blank\" rel=\"external nofollow\"><img loading=\"lazy\" class=\" aligncenter\" title=\"Gr\u00e1fico de los m\u00e1ximos y m\u00ednimos de hielo alcanzados en el \u00c1rtico durante los \u00faltimos 34 a\u00f1os.\" src=\"\/\/nsae01.casimages.net\/img\/2013\/06\/19\/13061908012724032.png\" alt=\"\" width=\"651\" height=\"454\" \/><\/a><\/p>\n<p style=\"text-align: center;\"><span style=\"color: #000000;\"><strong>Gr\u00e1fico de los m\u00e1ximos y m\u00ednimos de hielo alcanzados en el \u00c1rtico durante los \u00faltimos 35 a\u00f1os (pincha sobre el gr\u00e1fico para verlo a mayor tama\u00f1o).<\/strong><\/span><\/p>\n<p><span style=\"color: #000000;\">Lo que est\u00e1 sucediendo durante estos \u00faltimos meses, con la instauraci\u00f3n de patrones atmosf\u00e9ricos que nos llevan a <strong>situaciones pr\u00e1cticamente invertidas<\/strong> y diferentes en distintas zonas (temperaturas c\u00e1lidas en los pa\u00edses del norte, y m\u00e1s frescas por el sur), se ha relacionado mediante numerosos estudios con la <strong>p\u00e9rdida r\u00e9cord de hielo en el \u00c1rtico el a\u00f1o pasado<\/strong>, debido a un calentamiento en toda la zona.<\/span><\/p>\n<p><span style=\"color: #000000;\">La ganancia o p\u00e9rdida de hielo en el Oc\u00e9ano \u00c1rtico oscila a lo largo del a\u00f1o, en funci\u00f3n de la intensidad de radiaci\u00f3n solar que reciben esas altas latitudes. La superficie m\u00ednima de hielo suele producirse cerca del comienzo del oto\u00f1o, habitualmente entre los d\u00edas 5 y 20 de septiembre.\u00a0<\/span><\/p>\n<p><span style=\"color: #000000;\">El gr\u00e1fico superior nos muestra con mucha claridad, que cada a\u00f1o se pierde m\u00e1s hielo en el \u00c1rtico, marcando <strong>r\u00e9cords m\u00ednimos casi a\u00f1o tras a\u00f1o<\/strong>. En color rojo se muestra la l\u00ednea de pasado a\u00f1o 2012, y en amarillo la l\u00ednea del actual a\u00f1o 2013. Es especialmente importante ver c\u00f3mo los m\u00ednimos de hielo en esa zona (bajo el c\u00edrculo rojo) est\u00e1n cada vez m\u00e1s separados, lo que nos da una idea de que <strong>ese proceso se est\u00e1 acelerando<\/strong>, de forma exponencial, con el paso de los a\u00f1os.<\/span><\/p>\n<p style=\"text-align: center;\"><img loading=\"lazy\" class=\" aligncenter\" src=\"\/\/nsae01.casimages.net\/img\/2013\/06\/20\/130620102541946342.png\" alt=\"\" width=\"654\" height=\"476\" \/><\/p>\n<p style=\"text-align: center;\"><span style=\"color: #000000;\"><strong>\u00a0Anomal\u00eda del volumen del hielo \u00c1rtico con respecto a la media de 1979-2011.<\/strong><\/span><\/p>\n<p style=\"text-align: left;\"><span style=\"color: #000000;\">En el gr\u00e1fico superior, la l\u00ednea azul descendente representa la tendencia, que es claramente a bajar, pero es especialmente destacable la ca\u00edda acelerada en los \u00faltimos a\u00f1os del volumen del hielo \u00c1rtico (bajo el c\u00edrculo rojo), con esos <strong>tres m\u00ednimos cada a\u00f1o m\u00e1s bajos<\/strong>, y m\u00e1ximos muy parecidos.<\/span><\/p>\n<p style=\"text-align: left;\"><span style=\"color: #000000;\">Ese calentamiento del \u00c1rtico, viene producido por la p\u00e9rdida de hielo, a\u00f1o tras a\u00f1o, ya que al haber menor superficie helada, la radiaci\u00f3n solar que afecta a la zona es mayor, porque no puede reflejarse en el hielo y, por tanto, no es expulsada hacia el exterior (lo que se conoce como <em><a href=\"http:\/\/es.wikipedia.org\/wiki\/Albedo\" target=\"_blank\" rel=\"external nofollow\">albedo<\/a><\/em>), sino que <strong>el mar la absorbe esa energ\u00eda<\/strong>, con la consecuente subida de la temperatura. De hecho el propio deshielo del \u00c1rtico no se debe \u00fanicamente a una subida de la temperatura del aire, sino sobre todo y especialmente, a un <strong>Oc\u00e9ano \u00c1rtico cada vez m\u00e1s c\u00e1lido<\/strong>. A\u00fan as\u00ed, nos queda mucho por saber de los mares y oc\u00e9anos, as\u00ed como de su interacci\u00f3n con la Tierra y la Atm\u00f3sfera, los mares a fecha de hoy son los grandes desconocidos.<\/span><\/p>\n<p><span style=\"color: #000000;\">Pero si todos esos estudios est\u00e1n en lo cierto, probablemente,<strong> ese calentamiento del \u00c1rtico es lo que puede estar provocando que el chorro polar se desplace con tanta lentitud y se encuentre tan ondulado y tan bajo en latitud en estos \u00faltimos meses<\/strong>. Es por ello por lo que en nuestras latitudes se est\u00e1 produciendo ese <strong>vaiv\u00e9n brusco de temperaturas<\/strong>, con ascensos o descensos t\u00e9rmicos muy importantes en apenas unas horas, que no son m\u00e1s que el paso de esas ondulaciones de la corriente en chorro.\u00a0<\/span><\/p>\n<p><span style=\"color: #000000;\">Todo eso tambi\u00e9n se deja notar en que de momento<strong> no se est\u00e1n produciendo importantes intrusiones de aire c\u00e1lido<\/strong> desde el norte de \u00c1frica, debido al empuje de masas de aire m\u00e1s fr\u00edas que avanzan desde el norte. Aunque bien es cierto que hemos tenido ya alg\u00fan episodio de temperaturas altas durante las \u00faltimas semanas, pero \u00e9stas ni mucho menos han sido especialmente elevadas.<\/span><\/p>\n<p><span style=\"color: #000000;\">Por otra parte, <strong>tampoco son nada excepcionales estas variaciones brutales de temperatura en poco tiempo, ya que estamos a \u00faltimos de la primavera y comienzos del verano<\/strong>, y despu\u00e9s de unos meses marcados por una gran\u00a0variedad\u00a0de situaciones, tanto t\u00e9rmica como pluviom\u00e9tricamente, la propia &#8220;inercia&#8221; de esta estaci\u00f3n tan revuelta, \u00e9ste a\u00f1o se est\u00e1 alargando hacia las primeras semanas del verano.<\/span><\/p>\n<p><span style=\"color: #000000;\">En cualquier caso habr\u00e1 que estar muy pendientes de c\u00f3mo va evolucionando toda esa situaci\u00f3n, ya que los modelos estacionales contin\u00faan mostrando unos primeros meses del verano marcados por <strong>temperaturas algo m\u00e1s bajas de lo normal<\/strong>, y con <strong>anomal\u00edas de precipitaci\u00f3n positivas<\/strong> (m\u00e1s lluvias) en zonas del centro y norte del pa\u00eds.<\/span><\/p>\n<p>&nbsp;<\/p>\n<p style=\"text-align: center;\"><span style=\"color: #000000;\"><strong>Puedes seguir este blog a trav\u00e9s de la cuenta de Twitter\u00a0<span style=\"color: #ff0000;\"><a href=\"https:\/\/twitter.com\/MeteoBadajoz\" rel=\"external nofollow\" target=\"_blank\"><span style=\"color: #ff0000;\">@MeteoBadajoz<\/span><\/a><\/span>, o Facebook\u00a0<span style=\"color: #ff0000;\"><a href=\"https:\/\/www.facebook.com\/pages\/MeteoBadajoz\/236436716399890\" rel=\"external nofollow\" target=\"_blank\"><span style=\"color: #ff0000;\">MeteoBadajoz<\/span><\/a><\/span>, donde estar\u00e1s informado en todo momento de c\u00f3mo evolucionan los d\u00edas, as\u00ed como de noticias de inter\u00e9s meteorol\u00f3gico.<\/strong><\/span><\/p>\n<p style=\"text-align: center;\"><span style=\"text-decoration: underline;\"><span style=\"color: #000000; text-decoration: underline;\"><strong>Si el art\u00edculo te ha parecido interesante, puedes ayudar a divulgarlo a trav\u00e9s de las redes sociales, con ayuda de los botones para compartir.<\/strong><\/span><\/span><\/p>\n<p style=\"text-align: center;\"><span style=\"color: #000000;\"><strong>\u00a1\u00a1Gracias!!<\/strong><\/span><\/p>\n<!-- AddThis Advanced Settings generic via filter on the_content --><!-- AddThis Share Buttons generic via filter on the_content -->","protected":false},"excerpt":{"rendered":"<p>Situaci\u00f3n de la corriente en chorro o chorro polar en este mes de Junio 2013. Jueves 20 de Junio 2013. Llevamos varias semanas, e incluso meses, con alternancia de episodios de calor (no demasiado importantes) y, posteriormente, la llegada de peque\u00f1os embolsamientos de aire fr\u00edo que acaban dej\u00e1ndonos breves situaciones tormentosas por el norte de [&hellip;]<!-- AddThis Advanced Settings generic via filter on get_the_excerpt --><!-- AddThis Share Buttons generic via filter on get_the_excerpt --><\/p>\n","protected":false},"author":75,"featured_media":0,"comment_status":"open","ping_status":"closed","sticky":false,"template":"","format":"standard","meta":[],"categories":[4],"tags":[6,15,37,46,47,100,118,119],"_links":{"self":[{"href":"https:\/\/blogs.hoy.es\/meteobadajoz\/wp-json\/wp\/v2\/posts\/724"}],"collection":[{"href":"https:\/\/blogs.hoy.es\/meteobadajoz\/wp-json\/wp\/v2\/posts"}],"about":[{"href":"https:\/\/blogs.hoy.es\/meteobadajoz\/wp-json\/wp\/v2\/types\/post"}],"author":[{"embeddable":true,"href":"https:\/\/blogs.hoy.es\/meteobadajoz\/wp-json\/wp\/v2\/users\/75"}],"replies":[{"embeddable":true,"href":"https:\/\/blogs.hoy.es\/meteobadajoz\/wp-json\/wp\/v2\/comments?post=724"}],"version-history":[{"count":0,"href":"https:\/\/blogs.hoy.es\/meteobadajoz\/wp-json\/wp\/v2\/posts\/724\/revisions"}],"wp:attachment":[{"href":"https:\/\/blogs.hoy.es\/meteobadajoz\/wp-json\/wp\/v2\/media?parent=724"}],"wp:term":[{"taxonomy":"category","embeddable":true,"href":"https:\/\/blogs.hoy.es\/meteobadajoz\/wp-json\/wp\/v2\/categories?post=724"},{"taxonomy":"post_tag","embeddable":true,"href":"https:\/\/blogs.hoy.es\/meteobadajoz\/wp-json\/wp\/v2\/tags?post=724"}],"curies":[{"name":"wp","href":"https:\/\/api.w.org\/{rel}","templated":true}]}}