{"id":75,"date":"2012-06-24T20:17:00","date_gmt":"2012-06-24T20:17:00","guid":{"rendered":"http:\/\/blogs.hoy.es\/meteobadajoz\/2012\/06\/24\/llego-la-primera-ola-de-calor-del-verano-2012\/"},"modified":"2012-06-24T20:17:00","modified_gmt":"2012-06-24T20:17:00","slug":"llego-la-primera-ola-de-calor-del-verano-2012","status":"publish","type":"post","link":"https:\/\/blogs.hoy.es\/meteobadajoz\/2012\/06\/24\/llego-la-primera-ola-de-calor-del-verano-2012\/","title":{"rendered":"Lleg\u00f3 la primera ola de calor del verano 2012"},"content":{"rendered":"<p>Tal y como lo llevaban avisando los modelos desde hace varias jornadas nos ha empezado a afectar la primera ola de calor del verano.\u00a0Menuda tarde m\u00e1s &#8220;fresquita&#8221; hemos tenido en todo el Centro y Sur de la pen\u00ednsula.<br \/>Aqu\u00ed en Badajoz capital, en el barrio de Antonio Dominguez he registrado una m\u00e1xima de <b><span style=\"color: red\">40.9\u00baC<\/span><\/b>, en otra estaci\u00f3n situada en el barrio de Ciudad Jard\u00edn <b><span style=\"color: magenta\">41.3\u00baC<\/span><\/b>, <b><span style=\"color: magenta\">41.3\u00baC<\/span><\/b> tambi\u00e9n en otra estaci\u00f3n de AEMet en la capital, y <b><span style=\"color: red\">40\u00baC<\/span><\/b> en la Universidad de Extremadura. La noche se presenta muuyy calurosa&#8230; las temperaturas m\u00ednimas no bajar\u00e1n de los <span style=\"color: yellow\"><b>20\u00baC<\/b><\/span>.<\/p>\n<p>Aqu\u00ed os pongo una fotillo de la pantalla de la estaci\u00f3n marcando las m\u00e1xima de hoy. Adem\u00e1s la humedad ha sido baj\u00edsima durante toda la tarde (Humedad m\u00ednima de 10% a las 16:54h).<\/p>\n<table align=\"center\" cellpadding=\"0\" cellspacing=\"0\" style=\"margin-left: auto;margin-right: auto;text-align: center\">\n<tbody>\n<tr>\n<td style=\"text-align: center\"><a href=\"http:\/\/4.bp.blogspot.com\/-ylTiAzXsgqk\/T-dtCxA1lFI\/AAAAAAAABzU\/dR7LOWHg6F0\/s1600\/DSCF5819.JPG\" rel=\"external nofollow\"><img loading=\"lazy\" border=\"0\" height=\"426\" src=\"\/\/4.bp.blogspot.com\/-ylTiAzXsgqk\/T-dtCxA1lFI\/AAAAAAAABzU\/dR7LOWHg6F0\/s640\/DSCF5819.JPG\" width=\"640\" \/><\/a><\/td>\n<\/tr>\n<tr>\n<td style=\"text-align: center\">Temperatura m\u00e1xima que registraba mi estaci\u00f3n en torno a las 19:31h de la tarde.<\/td>\n<\/tr>\n<\/tbody>\n<\/table>\n<p>Debido a la gran cantidad de horas de sol que tenemos durante esta \u00e9poca, las m\u00e1ximas se registran algo m\u00e1s tarde de lo que lo hacen en pleno agosto, por ejemplo.<\/p>\n<p><b><span style=\"color: orange;font-size: large\">Resumen de temperaturas m\u00e1ximas 24\/06\/2012<\/span><\/b><\/p>\n<p>-Seg\u00fan datos de AEMet:<\/p>\n<div style=\"text-align: left\"><\/div>\n<div style=\"clear: both;text-align: center\"><\/div>\n<table cellpadding=\"0\" cellspacing=\"0\" style=\"clear: left;margin-bottom: 1em;margin-left: auto;margin-right: auto;text-align: center\">\n<tbody>\n<tr>\n<td style=\"text-align: center\"><a href=\"http:\/\/3.bp.blogspot.com\/-gNNw3BxfPts\/T-dq4GMoANI\/AAAAAAAABy0\/jNugy_qyJHg\/s1600\/Captura.PNG\" rel=\"external nofollow\"><img alt=\"\" border=\"0\" src=\"\/\/3.bp.blogspot.com\/-gNNw3BxfPts\/T-dq4GMoANI\/AAAAAAAABy0\/jNugy_qyJHg\/s1600\/Captura.PNG\" \/><\/a><\/td>\n<\/tr>\n<tr>\n<td style=\"text-align: center\">T\u00ba m\u00e1ximas en la pen\u00ednsula.<\/td>\n<\/tr>\n<\/tbody>\n<\/table>\n<table align=\"center\" cellpadding=\"0\" cellspacing=\"0\" style=\"margin-left: auto;margin-right: auto;text-align: center\">\n<tbody>\n<tr>\n<td style=\"text-align: center\"><a href=\"http:\/\/3.bp.blogspot.com\/-eNlIgs2MatY\/T-drOj715UI\/AAAAAAAABy8\/MvFYkEVb8Is\/s1600\/Captura1.PNG\" rel=\"external nofollow\"><img border=\"0\" src=\"\/\/3.bp.blogspot.com\/-eNlIgs2MatY\/T-drOj715UI\/AAAAAAAABy8\/MvFYkEVb8Is\/s1600\/Captura1.PNG\" \/><\/a><\/td>\n<\/tr>\n<tr>\n<td style=\"text-align: center\">T\u00ba m\u00e1ximas en Extremadura.<\/td>\n<\/tr>\n<\/tbody>\n<\/table>\n<p><\/p>\n<div style=\"text-align: left\">-Seg\u00fan datos de Meteoclimatic:<\/div>\n<div style=\"text-align: left\"><\/div>\n<table align=\"center\" cellpadding=\"0\" cellspacing=\"0\" style=\"margin-left: auto;margin-right: auto;text-align: center\">\n<tbody>\n<tr>\n<td style=\"text-align: center\"><a href=\"http:\/\/2.bp.blogspot.com\/-otXVPhGSx70\/T-dsOpR5OSI\/AAAAAAAABzE\/gQc56DbtZU0\/s1600\/Captura2.PNG\" rel=\"external nofollow\"><img border=\"0\" src=\"\/\/2.bp.blogspot.com\/-otXVPhGSx70\/T-dsOpR5OSI\/AAAAAAAABzE\/gQc56DbtZU0\/s1600\/Captura2.PNG\" \/><\/a><\/td>\n<\/tr>\n<tr>\n<td style=\"text-align: center\">T\u00ba m\u00e1ximas en la pen\u00ednsula.<\/td>\n<\/tr>\n<\/tbody>\n<\/table>\n<table align=\"center\" cellpadding=\"0\" cellspacing=\"0\" style=\"margin-left: auto;margin-right: auto;text-align: center\">\n<tbody>\n<tr>\n<td style=\"text-align: center\"><a href=\"http:\/\/1.bp.blogspot.com\/-CaUmOmBQUMw\/T-dsXvhPF7I\/AAAAAAAABzM\/OO7qSdxnDlg\/s1600\/Captura3.PNG\" rel=\"external nofollow\"><img border=\"0\" src=\"\/\/1.bp.blogspot.com\/-CaUmOmBQUMw\/T-dsXvhPF7I\/AAAAAAAABzM\/OO7qSdxnDlg\/s1600\/Captura3.PNG\" \/><\/a><\/td>\n<\/tr>\n<tr>\n<td style=\"text-align: center\">T\u00ba m\u00e1ximas en Extremadura.<\/td>\n<\/tr>\n<\/tbody>\n<\/table>\n<div style=\"text-align: left\">Pero estas temperaturas son del primer d\u00eda de esta ola de calor&#8230; porque a\u00fan nos quedan\u00a0varios\u00a0d\u00edas de temperaturas realmente elevadas. AEMet esperaba para hoy 38\u00baC en Badajoz y\u00a0al final\u00a0hemos tenido 41\u00baC, para el mi\u00e9rcoles nos ponen 41\u00baC, \u00bfvan a ser 42-43\u00baC? pues puede ser&#8230;<\/div>\n<div style=\"text-align: left\"><\/div>\n<div style=\"text-align: left\">La AEMet ha publicado un aviso especial por la ola de calor:<\/div>\n<div style=\"text-align: left\"><\/div>\n<div style=\"text-align: left\">\n<div>&#8220;<b>AGENCIA ESTATAL DE METEOROLOG\u00cdA\u00a0<\/b><\/div>\n<div><b>AVISO ESPECIAL DE FEN\u00d3MENOS ADVERSOS\u00a0<\/b><\/div>\n<div><b>AVISO ESPECIAL N\u00daMERO 3\/2012\u00a0<\/b><\/div>\n<div><b>EMITIDO A LAS 13:00 HORA OFICIAL DEL 24\/06\/2011\u00a0<\/b><\/div>\n<div><b>LA AGENCIA ESTATAL DE METEOROLOG\u00cdA INFORMA:<\/b>\u00a0<\/div>\n<div><\/div>\n<div>1.- <b>Fen\u00f3meno meteorol\u00f3gico:<\/b> <b><span style=\"color: red\">Ola de calor<\/span><\/b>\u00a0<\/div>\n<div>2.- <b>\u00c1mbito geogr\u00e1fico:<\/b> Amplias zonas de la Pen\u00ednsula (sobre todo mitad sur) y Canarias.\u00a0<\/div>\n<div>\u00a0 \u00a0<\/div>\n<div>3.- <b>Comienzo de la situaci\u00f3n:<\/b> Desde hoy d\u00eda 24, comenzando por el sur peninsular. \u00a0<\/div>\n<div>4.- <b>Duraci\u00f3n:<\/b> Hasta el viernes 29.<\/div>\n<div>6.- <b>Descripci\u00f3n de la situaci\u00f3n meteorol\u00f3gica:<\/b> a partir de hoy, d\u00eda 24, una masa de aire muy\u00a0<\/div>\n<div>c\u00e1lido y seco afectar\u00e1 a gran parte de la Pen\u00ednsula y a Canarias, empezando por el sur, dando\u00a0<\/div>\n<div>lugar a un ascenso general y \u00a0progresivo de las temperaturas. La subida m\u00e1s intensa y\u00a0<\/div>\n<div>generalizada se registrar\u00e1 hoy domingo y continuar\u00e1 de una forma m\u00e1s suave seg\u00fan las zonas\u00a0<\/div>\n<div>hasta el mi\u00e9rcoles 27.<\/div>\n<div><\/div>\n<div>Hoy domingo se superar\u00e1n los \u00a036-38\u00baC en amplias zonas de la \u00a0mitad sur y zona centro,\u00a0<\/div>\n<div>alcanz\u00e1ndose los 40\u00baC en puntos del valle del Guadalquivir. Para el lunes, martes, mi\u00e9rcoles y\u00a0<\/div>\n<div>jueves, se espera que se alcancen o superen los 40\u00baC en el valle del Guadalquivir, del\u00a0<\/div>\n<div>Guadiana y del Tajo y las m\u00e1ximas superiores superiores a 36-38 \u00baC se extender\u00e1n a \u00e1reas de\u00a0<\/div>\n<div>la mitad norte y a Canarias. A partir del jueves 28 las temperaturas comenzar\u00e1n a descender\u00a0<\/div>\n<div>por Galicia y en Canarias y ya de forma m\u00e1s acusada el viernes 29 el descenso afectar\u00e1 al\u00a0<\/div>\n<div>resto de la mitad noroeste peninsular y en d\u00edas posteriores llegar\u00e1 aunque de forma ligera al\u00a0<\/div>\n<div>resto de zonas.<\/div>\n<div><\/div>\n<div>No se espera que las temperaturas m\u00ednimas desciendan de 20\u00baC durante toda la semana en el\u00a0<\/div>\n<div>\u00e1rea mediterr\u00e1nea y amplias zonas del centro y mitad sur de la Pen\u00ednsula.<\/div>\n<div><\/div>\n<div>Esta situaci\u00f3n dar\u00e1 lugar a que el \u00edndice de radiaci\u00f3n ultravioleta (UVI) sea muy elevado,\u00a0<\/div>\n<div>alcanz\u00e1ndose o super\u00e1ndose valores de 11 en amplias de zonas del pa\u00eds.&#8221;<\/div>\n<div><\/div>\n<div>Durante la jornada de hoy\u00a0est\u00e1bamos\u00a0dominados por la isoterma de +20\u00baC a 850 hPa (1.500 metros de altitud) y hemos tenido mucho calor, pero ma\u00f1ana esta lengua de aire c\u00e1lido continuar\u00e1 avanzando hacia el norte y se nos coloca encima la isoterma de +24\u00baC a 1.500 metros, y su traducci\u00f3n en superficie es de temperaturas muy elevadas. Como consecuencia, las temperaturas ma\u00f1ana subir\u00e1n un poco m\u00e1s, de nuevo pasaremos de los 40\u00baC, pero adem\u00e1s, el calor se generalizar\u00e1 en muchas zonas de la pen\u00ednsula e incluso por las islas Canarias.\u00a0<\/div>\n<div><\/div>\n<div>En los siguientes d\u00edas las temperaturas se mantendr\u00e1n sin cambios, por lo que seguiremos pasando much\u00edsimo calor.<\/div>\n<div><\/div>\n<table cellpadding=\"0\" cellspacing=\"0\" style=\"float: left;margin-right: 1em;text-align: left\">\n<tbody>\n<tr>\n<td style=\"text-align: center\"><a href=\"http:\/\/4.bp.blogspot.com\/-b5xq3q8l2s8\/T-dx-E2OjZI\/AAAAAAAABzs\/IIHqTGcODLk\/s1600\/hirlam-1-6.png\" rel=\"external nofollow\"><img loading=\"lazy\" border=\"0\" height=\"426\" src=\"\/\/4.bp.blogspot.com\/-b5xq3q8l2s8\/T-dx-E2OjZI\/AAAAAAAABzs\/IIHqTGcODLk\/s640\/hirlam-1-6.png\" width=\"640\" \/><\/a><\/td>\n<\/tr>\n<tr>\n<td style=\"text-align: center\">T\u00ba a 1.500 m prevista para el domingo 24 de junio.<\/td>\n<\/tr>\n<\/tbody>\n<\/table>\n<table align=\"center\" cellpadding=\"0\" cellspacing=\"0\" style=\"margin-left: auto;margin-right: auto;text-align: center\">\n<tbody>\n<tr>\n<td style=\"text-align: center\"><a href=\"http:\/\/1.bp.blogspot.com\/-bzY1k8l0NNE\/T-dx8Uw9fXI\/AAAAAAAABzg\/j1EvFQwfh1E\/s1600\/hirlam-1-30.png\" rel=\"external nofollow\"><img loading=\"lazy\" border=\"0\" height=\"425\" src=\"\/\/1.bp.blogspot.com\/-bzY1k8l0NNE\/T-dx8Uw9fXI\/AAAAAAAABzg\/j1EvFQwfh1E\/s640\/hirlam-1-30.png\" width=\"640\" \/><\/a><\/td>\n<\/tr>\n<tr>\n<td style=\"text-align: center\">T\u00ba a 1.500 m prevista para el lunes 25 de junio.<\/td>\n<\/tr>\n<\/tbody>\n<\/table>\n<p><\/p>\n<table align=\"center\" cellpadding=\"0\" cellspacing=\"0\" style=\"margin-left: auto;margin-right: auto;text-align: center\">\n<tbody>\n<tr>\n<td style=\"text-align: center\"><a href=\"http:\/\/3.bp.blogspot.com\/-aoowTZT-tsQ\/T-dx9YdIGgI\/AAAAAAAABzo\/37vNE5Rxio4\/s1600\/hirlam-1-54.png\" rel=\"external nofollow\"><img loading=\"lazy\" border=\"0\" height=\"426\" src=\"\/\/3.bp.blogspot.com\/-aoowTZT-tsQ\/T-dx9YdIGgI\/AAAAAAAABzo\/37vNE5Rxio4\/s640\/hirlam-1-54.png\" width=\"640\" \/><\/a><\/td>\n<\/tr>\n<tr>\n<td style=\"text-align: center\">T\u00ba a 1.500 m prevista para el martes 26 de junio.<\/td>\n<\/tr>\n<\/tbody>\n<\/table>\n<p>Los avisos de la AEMet hablan por s\u00ed solos&#8230;<\/p>\n<table align=\"center\" cellpadding=\"0\" cellspacing=\"0\" style=\"margin-left: auto;margin-right: auto;text-align: center\">\n<tbody>\n<tr>\n<td style=\"text-align: center\"><a href=\"http:\/\/3.bp.blogspot.com\/-bLhr8tEA11o\/T-d1YanOkzI\/AAAAAAAABz8\/qGaAGx3EE_I\/s1600\/20120624201000_avi_mna_ccaa70.png\" rel=\"external nofollow\"><img loading=\"lazy\" border=\"0\" height=\"426\" src=\"\/\/3.bp.blogspot.com\/-bLhr8tEA11o\/T-d1YanOkzI\/AAAAAAAABz8\/qGaAGx3EE_I\/s640\/20120624201000_avi_mna_ccaa70.png\" width=\"640\" \/><\/a><\/td>\n<\/tr>\n<tr>\n<td style=\"text-align: center\">Mapa de avisos para el lunes 25 de junio en Extremadura.<\/td>\n<\/tr>\n<\/tbody>\n<\/table>\n<p>Bueno, pues de\u00a0momento\u00a0nada m\u00e1s, \u00a1a pasar calor!, qu\u00e9 le vamos a hacer, es lo que toca.<br \/>Un saludo! ;)<\/div>\n<!-- AddThis Advanced Settings generic via filter on the_content --><!-- AddThis Share Buttons generic via filter on the_content -->","protected":false},"excerpt":{"rendered":"<p>Tal y como lo llevaban avisando los modelos desde hace varias jornadas nos ha empezado a afectar la primera ola de calor del verano.\u00a0Menuda tarde m\u00e1s &#8220;fresquita&#8221; hemos tenido en todo el Centro y Sur de la pen\u00ednsula.Aqu\u00ed en Badajoz capital, en el barrio de Antonio Dominguez he registrado una m\u00e1xima de 40.9\u00baC, en otra [&hellip;]<!-- AddThis Advanced Settings generic via filter on get_the_excerpt --><!-- AddThis Share Buttons generic via filter on get_the_excerpt --><\/p>\n","protected":false},"author":3,"featured_media":0,"comment_status":"open","ping_status":"closed","sticky":false,"template":"","format":"standard","meta":[],"categories":[3],"tags":[],"_links":{"self":[{"href":"https:\/\/blogs.hoy.es\/meteobadajoz\/wp-json\/wp\/v2\/posts\/75"}],"collection":[{"href":"https:\/\/blogs.hoy.es\/meteobadajoz\/wp-json\/wp\/v2\/posts"}],"about":[{"href":"https:\/\/blogs.hoy.es\/meteobadajoz\/wp-json\/wp\/v2\/types\/post"}],"author":[{"embeddable":true,"href":"https:\/\/blogs.hoy.es\/meteobadajoz\/wp-json\/wp\/v2\/users\/3"}],"replies":[{"embeddable":true,"href":"https:\/\/blogs.hoy.es\/meteobadajoz\/wp-json\/wp\/v2\/comments?post=75"}],"version-history":[{"count":0,"href":"https:\/\/blogs.hoy.es\/meteobadajoz\/wp-json\/wp\/v2\/posts\/75\/revisions"}],"wp:attachment":[{"href":"https:\/\/blogs.hoy.es\/meteobadajoz\/wp-json\/wp\/v2\/media?parent=75"}],"wp:term":[{"taxonomy":"category","embeddable":true,"href":"https:\/\/blogs.hoy.es\/meteobadajoz\/wp-json\/wp\/v2\/categories?post=75"},{"taxonomy":"post_tag","embeddable":true,"href":"https:\/\/blogs.hoy.es\/meteobadajoz\/wp-json\/wp\/v2\/tags?post=75"}],"curies":[{"name":"wp","href":"https:\/\/api.w.org\/{rel}","templated":true}]}}