{"id":8,"date":"2013-01-11T21:54:00","date_gmt":"2013-01-11T21:54:00","guid":{"rendered":"http:\/\/blogs.hoy.es\/meteobadajoz\/2013\/01\/11\/seguimiento-enero-2013-actualizacion-3-llegan-cambios\/"},"modified":"2013-01-11T21:54:00","modified_gmt":"2013-01-11T21:54:00","slug":"seguimiento-enero-2013-actualizacion-3-llegan-cambios","status":"publish","type":"post","link":"https:\/\/blogs.hoy.es\/meteobadajoz\/2013\/01\/11\/seguimiento-enero-2013-actualizacion-3-llegan-cambios\/","title":{"rendered":"Seguimiento Enero 2013: ACTUALIZACI\u00d3N 3; llegan cambios."},"content":{"rendered":"<div style=\"clear: both; text-align: center;\"><a href=\"http:\/\/4.bp.blogspot.com\/-FC3dBA0K0k8\/UPCHhnU-yhI\/AAAAAAAAFX8\/NPZW3odo1bQ\/s1600\/IqytcIXRlySW8.png\" rel=\"external nofollow\"><img loading=\"lazy\" src=\"\/\/4.bp.blogspot.com\/-FC3dBA0K0k8\/UPCHhnU-yhI\/AAAAAAAAFX8\/NPZW3odo1bQ\/s640\/IqytcIXRlySW8.png\" alt=\"\" width=\"640\" height=\"346\" border=\"0\" \/><\/a><\/div>\n<p><span style=\"font-family: Helvetica Neue, Arial, Helvetica, sans-serif;\"><br \/>\n<\/span><span style=\"font-family: Helvetica Neue, Arial, Helvetica, sans-serif;\">Comenzamos el segundo fin de semana del 2013 con la llegada de cambios en el estado del cielo, aunque bien es cierto que en algunas zonas de la Pen\u00ednsula ya\u00a0<\/span><span style=\"font-family: 'Helvetica Neue', Arial, Helvetica, sans-serif;\">llevamos\u00a0<\/span><span style=\"font-family: 'Helvetica Neue', Arial, Helvetica, sans-serif;\">varios d\u00edas de cielos cubiertos, lloviznas y temperaturas frescas. A partir de ma\u00f1ana y desde el noroeste de la Pen\u00ednsula, comenzar\u00e1 a entrar un frente fr\u00edo que abrir\u00e1 la puerta a un episodio de fr\u00edo en gran parte del pa\u00eds durante el fin de semana y, al menos, en la primera mitad de la pr\u00f3xima semana, especialmente hacia el centro, norte y noreste de la Pen\u00ednsula.<!--more--><\/span><span style=\"font-family: Helvetica Neue, Arial, Helvetica, sans-serif;\">As\u00ed captaba el Meteosat, esta pasada tarde, la borrasca que a lo largo del fin de semana cruzar\u00e1 el norte peninsular, hasta situarse en aguas del Mediterr\u00e1neo occidental. Es una preciosa rosca de nubosidad que avanza hacia el sureste\u00a0abalanz\u00e1ndose\u00a0sobre el suroeste del continente europeo. En la imagen visible tambi\u00e9n vemos esa descarga fr\u00eda postfrontal (tras el frente) en forma de nubes medias convectivas, dispuestas de forma granulada, que son el reflejo de todo ese aire fr\u00edo en todos los niveles que ir\u00e1 entrando en los pr\u00f3ximos d\u00edas.<\/span><br \/>\n<span style=\"font-family: Helvetica Neue, Arial, Helvetica, sans-serif;\"><br \/>\n<\/span><span style=\"font-family: Helvetica Neue, Arial, Helvetica, sans-serif; font-size: large;\"><strong><span style=\"text-decoration: underline;\">Modelos.<\/span><\/strong><\/span><br \/>\n<span style=\"font-family: Helvetica Neue, Arial, Helvetica, sans-serif;\"><strong>-Temperaturas.<\/strong><\/span><br \/>\n<span style=\"font-family: Helvetica Neue, Arial, Helvetica, sans-serif;\"><strong><br \/>\n<\/strong><\/span><span style=\"font-family: Helvetica Neue, Arial, Helvetica, sans-serif;\">Aprovechando que los cambios son a corto plazo, vamos a echar un vistazo a c\u00f3mo vienen los modelos, porque en estos \u00faltimos d\u00edas nos hemos acostumbrado mucho a mirar a medio\/largo plazo a la espera de posibles situaciones interesantes pero que a\u00fan quedan bastante lejos.<\/span><br \/>\n<span style=\"font-family: Helvetica Neue, Arial, Helvetica, sans-serif;\"><br \/>\n<\/span><\/p>\n<div style=\"clear: both; text-align: center;\"><a href=\"http:\/\/3.bp.blogspot.com\/-OK2cnsbfJ0M\/UPB4_mF8WqI\/AAAAAAAAFWs\/DGzqYnYwrD8\/s1600\/ani850.gif\" rel=\"external nofollow\"><img loading=\"lazy\" src=\"\/\/3.bp.blogspot.com\/-OK2cnsbfJ0M\/UPB4_mF8WqI\/AAAAAAAAFWs\/DGzqYnYwrD8\/s640\/ani850.gif\" alt=\"\" width=\"640\" height=\"426\" border=\"0\" \/><\/a><\/div>\n<p><span style=\"font-family: Helvetica Neue, Arial, Helvetica, sans-serif;\">En el mapa de 850 hPa (a unos 1.500 metros de altura en la Troposfera) observamos c\u00f3mo va a evolucionar esa masa de aire fr\u00edo de cara a estas pr\u00f3ximas jornadas.<\/span><br \/>\n<span style=\"font-family: Helvetica Neue, Arial, Helvetica, sans-serif;\"><br \/>\n<\/span><span style=\"font-family: Helvetica Neue, Arial, Helvetica, sans-serif;\"><strong><span style=\"text-decoration: underline;\">Recuerda:<\/span><\/strong>\u00a0el mapa de 850 hPa es perfecto para observar la evoluci\u00f3n de las temperaturas a lo largo de los d\u00edas, ya que no son las temperaturas que se registran en superficie y, por tanto, no se ven tan influenciadas por el d\u00eda y la noche. Viendo las temperaturas a esta altura, a 1.500 metros, podemos &#8220;adivinar&#8221; las temperaturas que m\u00e1s o menos se pueden dar en superficie.<\/span><br \/>\n<span style=\"font-family: Helvetica Neue, Arial, Helvetica, sans-serif;\"><br \/>\n<\/span><span style=\"font-family: Helvetica Neue, Arial, Helvetica, sans-serif;\">As\u00ed pues, como podemos observar en la animaci\u00f3n de la temperatura a 850 hPa, encontramos una extensa masa de aire muy fr\u00edo sobre Dinamarca, que abarca gran parte del norte de Europa. En las primeras im\u00e1genes de la animaci\u00f3n, esta burbuja de aire fr\u00edo parece estar estancada (el primer c\u00edrculo que se\u00f1alo sobre el mapa), pero en\u00a0cuanto\u00a0la borrasca pasa al Mediterr\u00e1neo, capta parte de esa masa de aire fr\u00edo y la estira hacia el sur\u00a0a trav\u00e9s\u00a0de Francia (el segundo c\u00edrculo que se\u00f1alo). Vemos c\u00f3mo se extienden esas isotermas (l\u00edneas que unen puntos de la misma temperatura) de -4\u00baC\/-8\u00baC hasta la cara norte del Pirineo&#8230; \u00e9se ser\u00e1 el momento \u00e1lgido de este nuevo episodio de fr\u00edo en Espa\u00f1a.<\/span><br \/>\n<span style=\"font-family: Helvetica Neue, Arial, Helvetica, sans-serif;\"><br \/>\n<\/span><span style=\"font-family: Helvetica Neue, Arial, Helvetica, sans-serif;\">En la Pen\u00ednsula, como\u00a0veis,\u00a0la temperatura a 850 hPa es algo m\u00e1s elevada, ya que la masa de aire fr\u00edo en su avance sufre un &#8220;desgaste&#8221;, con lo cual, no llega el mismo fr\u00edo al resto de la Pen\u00ednsula. Este hecho es debido (entre otras cosas) al efecto retenci\u00f3n del Pirineo, que de alguna manera nos protege de los fr\u00edos extremos del centro y norte de Europa. Lo mismo suele ocurrir con el Sistema Central, un sistema monta\u00f1oso algo menos elevado que los Pirineos, pero que hace pr\u00e1cticamente la misma funci\u00f3n.<\/span><br \/>\n<span style=\"font-family: Helvetica Neue, Arial, Helvetica, sans-serif;\"><br \/>\n<\/span><span style=\"font-family: Helvetica Neue, Arial, Helvetica, sans-serif;\">A pesar de ello, es inevitable que acabe llegando bastante aire fr\u00edo, de hecho encontraremos isotermas de -5\u00baC sobre la Pen\u00ednsula durante la noche, lo que podr\u00e1 dejar temperaturas m\u00ednimas bastante bajas, con heladas fuertes en zonas de sierra (especialmente en el Pirineo), heladas moderadas en zonas llanas del centro peninsular, y heladas m\u00e1s d\u00e9biles en el resto.<\/span><br \/>\n<span style=\"font-family: Helvetica Neue, Arial, Helvetica, sans-serif;\"><br \/>\n<\/span><\/p>\n<div style=\"clear: both; text-align: center;\"><a href=\"http:\/\/1.bp.blogspot.com\/-jYCLocUZOUE\/UPBjt-cpfhI\/AAAAAAAAFQc\/cfFZ0VRHi4M\/s1600\/bitmap.png\" rel=\"external nofollow\"><img loading=\"lazy\" src=\"\/\/1.bp.blogspot.com\/-jYCLocUZOUE\/UPBjt-cpfhI\/AAAAAAAAFQc\/cfFZ0VRHi4M\/s640\/bitmap.png\" alt=\"\" width=\"640\" height=\"534\" border=\"0\" \/><\/a><\/div>\n<p><span style=\"font-family: Helvetica Neue, Arial, Helvetica, sans-serif;\">Es, por ejemplo, lo que ve el modelo WRF, en este mapa de temperaturas a 850 hPa para el martes 15 de enero. Todo el aire fr\u00edo acumulado en la cara norte del Pirineo e incluso con un coraz\u00f3n fr\u00edo de unos <strong><span style=\"color: cyan;\">-12\u00baC\/-13\u00baC<\/span><\/strong>, mientras que por los laterales de este sistema monta\u00f1oso (Cant\u00e1brico oriental y Golfo de Le\u00f3n, en Francia) el aire fr\u00edo sigue avanzando casi sin problemas, col\u00e1ndose hasta el centro de la Pen\u00ednsula y hacia el Mediterr\u00e1neo.<\/span><br \/>\n<span style=\"font-family: Helvetica Neue, Arial, Helvetica, sans-serif;\"><br \/>\n<\/span><span style=\"font-family: Helvetica Neue, Arial, Helvetica, sans-serif;\"><strong>-Precipitaciones.<\/strong><\/span><br \/>\n<span style=\"font-family: Helvetica Neue, Arial, Helvetica, sans-serif;\"><strong><br \/>\n<\/strong><\/span><\/p>\n<div style=\"clear: both; text-align: center;\"><a href=\"http:\/\/3.bp.blogspot.com\/-ig3WfMT-leU\/UPBmglWcJ1I\/AAAAAAAAFRs\/I6Uf660FowY\/s1600\/gfs_pi_prec_030.png\" rel=\"external nofollow\"><img loading=\"lazy\" src=\"\/\/3.bp.blogspot.com\/-ig3WfMT-leU\/UPBmglWcJ1I\/AAAAAAAAFRs\/I6Uf660FowY\/s640\/gfs_pi_prec_030.png\" alt=\"\" width=\"640\" height=\"480\" border=\"0\" \/><\/a><\/div>\n<div style=\"text-align: center;\"><span style=\"font-family: Helvetica Neue, Arial, Helvetica, sans-serif;\"><strong>Precipitaciones previstas por el modelo americano GFS, para el s\u00e1bado 12 de enero a las 18h.<\/strong><\/span><\/div>\n<div style=\"text-align: center;\"><span style=\"font-family: Helvetica Neue, Arial, Helvetica, sans-serif;\"><strong><br \/>\n<\/strong><\/span><\/div>\n<div style=\"clear: both; text-align: center;\"><a href=\"http:\/\/3.bp.blogspot.com\/-eQGZ_Vn68io\/UPBnchsWxBI\/AAAAAAAAFR4\/Wr4L6Aq2M08\/s1600\/snowmapIB3d.png\" rel=\"external nofollow\"><img loading=\"lazy\" src=\"\/\/3.bp.blogspot.com\/-eQGZ_Vn68io\/UPBnchsWxBI\/AAAAAAAAFR4\/Wr4L6Aq2M08\/s640\/snowmapIB3d.png\" alt=\"\" width=\"640\" height=\"480\" border=\"0\" \/><\/a><\/div>\n<div style=\"text-align: center;\"><span style=\"font-family: Helvetica Neue, Arial, Helvetica, sans-serif;\"><strong>Precipitaciones en forma s\u00f3lida (nieve) por el modelo WRF-NMM en los pr\u00f3ximos tres d\u00edas, desde el 11 de enero de 2013.<\/strong><\/span><\/div>\n<div style=\"text-align: center;\"><span style=\"font-family: Helvetica Neue, Arial, Helvetica, sans-serif;\"><strong><br \/>\n<\/strong><\/span><\/div>\n<p><span style=\"font-family: Helvetica Neue, Arial, Helvetica, sans-serif;\">En cuanto a las precipitaciones, en general ser\u00e1n escasas, al menos durante el fin de semana, pero parece que ser\u00e1 especialmente en la cara norte de los principales sistemas monta\u00f1osos de la Pen\u00ednsula donde los acumulados de lluvia ser\u00e1n mayores, y tambi\u00e9n las nevadas. En el mapa de nieve, como pod\u00e9is observar, 20-25 cm de nieve para la Cordillera Cant\u00e1brica y cara norte del Pirineo. Tambi\u00e9n destacan los espesores en el interior de Galicia y norte de Portugal. De forma menos importante nevar\u00e1 por el centro, en el Sistema Central, noreste y sur de Castilla La Mancha y hacia el este de Andaluc\u00eda. Tambi\u00e9n vemos peque\u00f1os espesores de forma muy puntual hacia los Montes de Toledo y en Las Villuercas. En el resto, EN PRINCIPIO, todo lo que caiga ser\u00eda en forma l\u00edquida. En general hablaremos de cotas bastante bajas, sobre todo cuanto m\u00e1s al norte.<\/span><br \/>\n<span style=\"font-family: Helvetica Neue, Arial, Helvetica, sans-serif;\"><br \/>\n<\/span><\/p>\n<div style=\"clear: both; text-align: center;\"><a href=\"http:\/\/2.bp.blogspot.com\/-rzqgr-VB5mg\/UPBrdlbmHoI\/AAAAAAAAFUM\/AI3iBGUhpzQ\/s1600\/20130111193000_avi_pmna_NE.png\" rel=\"external nofollow\"><img loading=\"lazy\" src=\"\/\/2.bp.blogspot.com\/-rzqgr-VB5mg\/UPBrdlbmHoI\/AAAAAAAAFUM\/AI3iBGUhpzQ\/s640\/20130111193000_avi_pmna_NE.png\" alt=\"\" width=\"640\" height=\"426\" border=\"0\" \/><\/a><\/div>\n<div style=\"text-align: center;\"><span style=\"font-family: Helvetica Neue, Arial, Helvetica, sans-serif;\">Mapa de <a href=\"http:\/\/www.aemet.es\/es\/eltiempo\/prediccion\/avisos\" target=\"_blank\" rel=\"external nofollow\"><span style=\"color: red;\"><strong>avisos por nieve<\/strong><\/span><\/a> que permanecer\u00e1n activos por AEMET entre el s\u00e1bado y el domingo.\u00a0<\/span><\/div>\n<div style=\"text-align: center;\"><span style=\"font-family: Helvetica Neue, Arial, Helvetica, sans-serif;\"><br \/>\n<\/span><\/div>\n<div style=\"text-align: left;\"><span style=\"font-family: Helvetica Neue, Arial, Helvetica, sans-serif;\">El fin de semana nos dejar\u00e1 tambi\u00e9n bastante viento. Soplar\u00e1 con rachas moderadas en el norte de la Pen\u00ednsula y algo m\u00e1s d\u00e9bil en el resto, pero con rachas moderadas a fuertes en zonas medias y altas. Predominar\u00e1 un flujo de noroeste en la costa Atl\u00e1ntica de la Pen\u00ednsula, de oeste en la parte occidental, y de suroeste en el centro y fachada mediterr\u00e1nea. La fuerza del viento ir\u00e1 en aumento a lo largo del s\u00e1bado.<\/span><\/div>\n<div style=\"text-align: left;\"><span style=\"font-family: Helvetica Neue, Arial, Helvetica, sans-serif;\"><br \/>\n<\/span><\/div>\n<div style=\"clear: both; text-align: center;\"><a href=\"http:\/\/2.bp.blogspot.com\/-4YtCz4JGHb0\/UPBzEKGEHaI\/AAAAAAAAFVc\/d37zVdeKrM0\/s1600\/viento+s%C3%A1bado+18h.PNG\" rel=\"external nofollow\"><img loading=\"lazy\" src=\"\/\/2.bp.blogspot.com\/-4YtCz4JGHb0\/UPBzEKGEHaI\/AAAAAAAAFVc\/d37zVdeKrM0\/s640\/viento+s%C3%A1bado+18h.PNG\" alt=\"\" width=\"640\" height=\"434\" border=\"0\" \/><\/a><\/div>\n<div style=\"text-align: center;\"><span style=\"font-family: Helvetica Neue, Arial, Helvetica, sans-serif;\"><strong>Viento en superficie previsto por el modelo ECMWF para el s\u00e1bado a las 18h.<\/strong><\/span><\/div>\n<div style=\"text-align: center;\"><span style=\"font-family: Helvetica Neue, Arial, Helvetica, sans-serif;\"><strong><br \/>\n<\/strong><\/span><\/div>\n<div style=\"text-align: left;\"><span style=\"font-family: Helvetica Neue, Arial, Helvetica, sans-serif;\">El domingo la situaci\u00f3n ser\u00e1 muy parecida, todav\u00eda con ambiente muy nuboso, con riesgo alto de precipitaciones, aunque lo m\u00e1s gordo se quedar\u00e1 al norte de la Pen\u00ednsula. Adem\u00e1s, en \u00e9sta jornada las temperaturas seguir\u00e1n bajando.<\/span><\/div>\n<div style=\"text-align: left;\"><span style=\"font-family: Helvetica Neue, Arial, Helvetica, sans-serif;\"><br \/>\n<\/span><\/div>\n<div style=\"text-align: left;\"><span style=\"font-family: Helvetica Neue, Arial, Helvetica, sans-serif;\">Estaremos pendientes de c\u00f3mo evolucione el tema a lo largo del fin de semana y, por supuesto, de los posibles cambios que se siguen viendo a medio plazo.<\/span><\/div>\n<div style=\"text-align: left;\"><span style=\"font-family: Helvetica Neue, Arial, Helvetica, sans-serif;\"><br \/>\n<\/span><\/div>\n<div style=\"text-align: left;\"><span style=\"font-family: Helvetica Neue, Arial, Helvetica, sans-serif;\">Un saludo.<\/span><\/div>\n<!-- AddThis Advanced Settings generic via filter on the_content --><!-- AddThis Share Buttons generic via filter on the_content -->","protected":false},"excerpt":{"rendered":"<p>Comenzamos el segundo fin de semana del 2013 con la llegada de cambios en el estado del cielo, aunque bien es cierto que en algunas zonas de la Pen\u00ednsula ya\u00a0llevamos\u00a0varios d\u00edas de cielos cubiertos, lloviznas y temperaturas frescas. A partir de ma\u00f1ana y desde el noroeste de la Pen\u00ednsula, comenzar\u00e1 a entrar un frente fr\u00edo [&hellip;]<!-- AddThis Advanced Settings generic via filter on get_the_excerpt --><!-- AddThis Share Buttons generic via filter on get_the_excerpt --><\/p>\n","protected":false},"author":3,"featured_media":0,"comment_status":"open","ping_status":"closed","sticky":false,"template":"","format":"standard","meta":[],"categories":[3],"tags":[],"_links":{"self":[{"href":"https:\/\/blogs.hoy.es\/meteobadajoz\/wp-json\/wp\/v2\/posts\/8"}],"collection":[{"href":"https:\/\/blogs.hoy.es\/meteobadajoz\/wp-json\/wp\/v2\/posts"}],"about":[{"href":"https:\/\/blogs.hoy.es\/meteobadajoz\/wp-json\/wp\/v2\/types\/post"}],"author":[{"embeddable":true,"href":"https:\/\/blogs.hoy.es\/meteobadajoz\/wp-json\/wp\/v2\/users\/3"}],"replies":[{"embeddable":true,"href":"https:\/\/blogs.hoy.es\/meteobadajoz\/wp-json\/wp\/v2\/comments?post=8"}],"version-history":[{"count":0,"href":"https:\/\/blogs.hoy.es\/meteobadajoz\/wp-json\/wp\/v2\/posts\/8\/revisions"}],"wp:attachment":[{"href":"https:\/\/blogs.hoy.es\/meteobadajoz\/wp-json\/wp\/v2\/media?parent=8"}],"wp:term":[{"taxonomy":"category","embeddable":true,"href":"https:\/\/blogs.hoy.es\/meteobadajoz\/wp-json\/wp\/v2\/categories?post=8"},{"taxonomy":"post_tag","embeddable":true,"href":"https:\/\/blogs.hoy.es\/meteobadajoz\/wp-json\/wp\/v2\/tags?post=8"}],"curies":[{"name":"wp","href":"https:\/\/api.w.org\/{rel}","templated":true}]}}