{"id":83,"date":"2012-03-17T21:33:00","date_gmt":"2012-03-17T21:33:00","guid":{"rendered":"http:\/\/blogs.hoy.es\/meteobadajoz\/2012\/03\/17\/vortices-de-von-karman\/"},"modified":"2012-03-17T21:33:00","modified_gmt":"2012-03-17T21:33:00","slug":"vortices-de-von-karman","status":"publish","type":"post","link":"https:\/\/blogs.hoy.es\/meteobadajoz\/2012\/03\/17\/vortices-de-von-karman\/","title":{"rendered":"V\u00f3rtices de Von Karman"},"content":{"rendered":"<p><span style=\"font-family: Arial, Helvetica, sans-serif\">En la jornada de hoy hemos podido observar un fen\u00f3meno meteorol\u00f3gico t\u00edpico de las \u00e1reas mar\u00edtimas subtropicales, son los remolinos de Von Karman. Estas estructuras se forman por la incidencia del flujo de vientos sobre un obst\u00e1culo orogr\u00e1fico, como por ejemplo una isla.\u00a0<\/span><span style=\"font-family: Arial, Helvetica, sans-serif\">Estos remolinos se forman en zonas donde existen nubes de tipo estratoc\u00famulos o c\u00famulos, zonas dominadas por anticiclones subtropicales (caso de las Canarias, Madeira).\u00a0<\/span><span style=\"font-family: Arial, Helvetica, sans-serif\">En ciertas condiciones atmosf\u00e9ricas se forma una familia de v\u00f3rtices<\/span><span style=\"font-family: Arial, Helvetica, sans-serif\">\u00a0a sotavento del obst\u00e1culo,\u00a0<\/span><span style=\"font-family: Arial, Helvetica, sans-serif\">que pueden ser cicl\u00f3nicos y anticicl\u00f3nicos, extendi\u00e9ndose hasta varios cientos de kil\u00f3metros.\u00a0<\/span><span style=\"font-family: Arial, Helvetica, sans-serif\">En ocasiones los remolinos situados en las dos l\u00edneas o calles contrarias pueden interaccionar entre ellos.<\/span><br \/><span style=\"font-family: Arial, Helvetica, sans-serif\"><br \/><\/span><br \/><span style=\"font-family: Arial, Helvetica, sans-serif\">Su nombre, Von Karman,\u00a0proviene\u00a0del ingeniero y f\u00edsico\u00a0Theodore von K\u00e1rm\u00e1n, que\u00a0explic\u00f3 f\u00edsicamente porqu\u00e9 se forman estos remolinos desde el punto de vista aerodin\u00e1mico. Gracias a los sat\u00e9lites meteorol\u00f3gicos se comprob\u00f3 su existencia.<\/span><br \/><span style=\"font-family: Arial, Helvetica, sans-serif\">El caso de hoy es la isla de Madeira.<\/span><br \/><span style=\"font-family: Arial, Helvetica, sans-serif\">En la imagen, adem\u00e1s de ver esos v\u00f3rtices, tambi\u00e9n podemos observar una pluma de polvo sahariano.<\/span><\/p>\n<div style=\"clear: both;text-align: center\"><a href=\"http:\/\/3.bp.blogspot.com\/-mJWd3Jy3m-U\/T2UCDL0oyyI\/AAAAAAAAA7E\/qEfAipoItZY\/s1600\/Madeira2.jpg\" rel=\"external nofollow\"><img loading=\"lazy\" border=\"0\" height=\"444\" src=\"\/\/3.bp.blogspot.com\/-mJWd3Jy3m-U\/T2UCDL0oyyI\/AAAAAAAAA7E\/qEfAipoItZY\/s640\/Madeira2.jpg\" width=\"640\" \/><\/a><\/div>\n<p><span style=\"font-family: Arial, Helvetica, sans-serif\">Saludos! ;)<\/span><br \/><span style=\"font-family: Arial, Helvetica, sans-serif\"><br \/><\/span><br \/><span style=\"font-family: Arial, Helvetica, sans-serif\">Fuente de la informaci\u00f3n:<\/span><br \/><span style=\"font-family: Arial, Helvetica, sans-serif\"><br \/><\/span><br \/><span style=\"font-family: Arial, Helvetica, sans-serif\">-RAM (Revista del aficionado a la meteorolog\u00eda)<\/span><br \/><span style=\"font-family: Arial, Helvetica, sans-serif\">-Wikipedia<\/span><\/p>\n<!-- AddThis Advanced Settings generic via filter on the_content --><!-- AddThis Share Buttons generic via filter on the_content -->","protected":false},"excerpt":{"rendered":"<p>En la jornada de hoy hemos podido observar un fen\u00f3meno meteorol\u00f3gico t\u00edpico de las \u00e1reas mar\u00edtimas subtropicales, son los remolinos de Von Karman. Estas estructuras se forman por la incidencia del flujo de vientos sobre un obst\u00e1culo orogr\u00e1fico, como por ejemplo una isla.\u00a0Estos remolinos se forman en zonas donde existen nubes de tipo estratoc\u00famulos o [&hellip;]<!-- AddThis Advanced Settings generic via filter on get_the_excerpt --><!-- AddThis Share Buttons generic via filter on get_the_excerpt --><\/p>\n","protected":false},"author":3,"featured_media":0,"comment_status":"open","ping_status":"closed","sticky":false,"template":"","format":"standard","meta":[],"categories":[3],"tags":[],"_links":{"self":[{"href":"https:\/\/blogs.hoy.es\/meteobadajoz\/wp-json\/wp\/v2\/posts\/83"}],"collection":[{"href":"https:\/\/blogs.hoy.es\/meteobadajoz\/wp-json\/wp\/v2\/posts"}],"about":[{"href":"https:\/\/blogs.hoy.es\/meteobadajoz\/wp-json\/wp\/v2\/types\/post"}],"author":[{"embeddable":true,"href":"https:\/\/blogs.hoy.es\/meteobadajoz\/wp-json\/wp\/v2\/users\/3"}],"replies":[{"embeddable":true,"href":"https:\/\/blogs.hoy.es\/meteobadajoz\/wp-json\/wp\/v2\/comments?post=83"}],"version-history":[{"count":0,"href":"https:\/\/blogs.hoy.es\/meteobadajoz\/wp-json\/wp\/v2\/posts\/83\/revisions"}],"wp:attachment":[{"href":"https:\/\/blogs.hoy.es\/meteobadajoz\/wp-json\/wp\/v2\/media?parent=83"}],"wp:term":[{"taxonomy":"category","embeddable":true,"href":"https:\/\/blogs.hoy.es\/meteobadajoz\/wp-json\/wp\/v2\/categories?post=83"},{"taxonomy":"post_tag","embeddable":true,"href":"https:\/\/blogs.hoy.es\/meteobadajoz\/wp-json\/wp\/v2\/tags?post=83"}],"curies":[{"name":"wp","href":"https:\/\/api.w.org\/{rel}","templated":true}]}}