{"id":85,"date":"2012-02-22T19:49:00","date_gmt":"2012-02-22T19:49:00","guid":{"rendered":"http:\/\/blogs.hoy.es\/meteobadajoz\/2012\/02\/22\/supuesto-tornado-o-embudo-funnel-cloud-visto-desde-badajoz-el-21042010\/"},"modified":"2012-02-22T19:49:00","modified_gmt":"2012-02-22T19:49:00","slug":"supuesto-tornado-o-embudo-funnel-cloud-visto-desde-badajoz-el-21042010","status":"publish","type":"post","link":"https:\/\/blogs.hoy.es\/meteobadajoz\/2012\/02\/22\/supuesto-tornado-o-embudo-funnel-cloud-visto-desde-badajoz-el-21042010\/","title":{"rendered":"Supuesto tornado o embudo (funnel cloud) visto desde Badajoz el 21\/04\/2010"},"content":{"rendered":"<p><span style=\"font-family: 'Helvetica Neue', Arial, Helvetica, sans-serif\"><span style=\"line-height: 18px\">Muy buenas! Con el aburrimiento meteorol\u00f3gico que tenemos, nos tenemos que entretener mirando episodios de inestabilidad de hace meses&#8230; por eso, esta tarde he encontrado en mi gran registro foto-meteorol\u00f3gico (que llevo realizando desde el 2006 m\u00e1s o menos) esta foto. Es del mi\u00e9rcoles 21 de abril de 2010 y es algo que, a primera vista me impresion\u00f3 bastante. Perdonad que se van tantas terrazas, no ten\u00eda buen \u00e1ngulo de visi\u00f3n, es lo malo de vivir en plena ciudad. Aquel d\u00eda vi lo que parece ser un embudo en la base de una potente nube de tormenta que tuvimos durante esta jornada.<\/span><\/span><br \/><span style=\"color: #536482;font-family: Verdana, Arial, Helvetica, sans-serif;font-size: x-small\"><span style=\"line-height: 18px\"><br \/><\/span><\/span><\/p>\n<div style=\"clear: both;text-align: center\"><a href=\"http:\/\/1.bp.blogspot.com\/-jkgbqbk3Mrg\/T0VECRcHGsI\/AAAAAAAAA04\/GKjRK4CpP7Q\/s1600\/posible+tornado_.PNG\" rel=\"external nofollow\"><img loading=\"lazy\" border=\"0\" height=\"491\" src=\"\/\/1.bp.blogspot.com\/-jkgbqbk3Mrg\/T0VECRcHGsI\/AAAAAAAAA04\/GKjRK4CpP7Q\/s640\/posible+tornado_.PNG\" width=\"640\" \/><\/a><\/div>\n<p><span style=\"font-family: 'Helvetica Neue', Arial, Helvetica, sans-serif\"><span style=\"line-height: 18px\"><br \/><\/span><\/span><br \/><span style=\"font-family: 'Helvetica Neue', Arial, Helvetica, sans-serif\"><span style=\"line-height: 18px\">Os he puesto unas flechitas rojas para que os hag\u00e1is una idea del movimiento que ten\u00eda esta estructura en ese momento. Se ve\u00eda claramente una especie de absorci\u00f3n en esa parte de la nube, posiblemente era una violenta corriente ascendente. Poco despu\u00e9s apareci\u00f3 ese posible peque\u00f1o embudo o\u00a0<\/span><span style=\"line-height: 18px\"><i>funnel cloud <\/i>(en Ingl\u00e9s)\u00a0<\/span><\/span><span style=\"font-family: 'Helvetica Neue', Arial, Helvetica, sans-serif;line-height: 18px\">que dur\u00f3 muy poco&#8230; pero yo estaba encantado con lo que estaba viendo.<\/span><br \/><span style=\"color: #536482;font-family: Verdana, Arial, Helvetica, sans-serif;font-size: x-small\"><span style=\"line-height: 18px\"><br \/><\/span><\/span><\/p>\n<div style=\"clear: both;text-align: center\"><a href=\"http:\/\/4.bp.blogspot.com\/-cmTRWmz2evc\/T0VEQ0gWl3I\/AAAAAAAAA1A\/dGNQjtuvWyI\/s1600\/posible+tornado.PNG\" rel=\"external nofollow\"><img loading=\"lazy\" border=\"0\" height=\"490\" src=\"\/\/4.bp.blogspot.com\/-cmTRWmz2evc\/T0VEQ0gWl3I\/AAAAAAAAA1A\/dGNQjtuvWyI\/s640\/posible+tornado.PNG\" width=\"640\" \/><\/a><\/div>\n<p><span style=\"color: #536482;font-family: Verdana, Arial, Helvetica, sans-serif;font-size: x-small\"><span style=\"line-height: 18px\"><br \/><\/span><\/span><br \/><span style=\"font-family: 'Helvetica Neue', Arial, Helvetica, sans-serif\"><span style=\"line-height: 18px\">\u00c9sta es la nube a la que estaba asociado este supuesto embudo. \u00a1Un precioso <\/span><i>cumulonimbo<\/i><span style=\"line-height: 18px\">!&#8230; con su <i>yunque<\/i> y sus <i>c\u00famulos congestus<\/i> alrededor del\u00a0n\u00facleo\u00a0principal.<\/span><\/span><br \/><span style=\"color: #536482;font-family: Verdana, Arial, Helvetica, sans-serif;font-size: x-small\"><span style=\"line-height: 18px\"><br \/><\/span><\/span><\/p>\n<div style=\"clear: both;text-align: center\"><a href=\"http:\/\/3.bp.blogspot.com\/-hgndiU5UlZg\/T0VEvErVQnI\/AAAAAAAAA1I\/eCfSbHnFWmM\/s1600\/dfg.PNG\" rel=\"external nofollow\"><img loading=\"lazy\" border=\"0\" height=\"440\" src=\"\/\/3.bp.blogspot.com\/-hgndiU5UlZg\/T0VEvErVQnI\/AAAAAAAAA1I\/eCfSbHnFWmM\/s640\/dfg.PNG\" width=\"640\" \/><\/a><\/div>\n<p><span style=\"font-family: 'Helvetica Neue', Arial, Helvetica, sans-serif\"><span style=\"line-height: 18px\"><br \/><\/span><\/span><br \/><span style=\"font-family: 'Helvetica Neue', Arial, Helvetica, sans-serif\"><span style=\"line-height: 18px\">Y \u00e9sta era la situaci\u00f3n que tuvimos aquel d\u00eda. Aparentemente no demasiado inestable, aunque con una borrasca hacia el entorno de Azores-Madeira, pero en pleno abril, una peque\u00f1a masa de aire fr\u00edo en altura es suficiente para formar buenas tormentas y dejarnos una tarde movidita.<\/span><\/span><br \/><span style=\"font-family: 'Helvetica Neue', Arial, Helvetica, sans-serif\"><span style=\"line-height: 18px\"><br \/><\/span><\/span><\/p>\n<div style=\"clear: both;text-align: center\"><a href=\"http:\/\/2.bp.blogspot.com\/-oBND95WEFWg\/T0VJQdUr8RI\/AAAAAAAAA1Q\/6p-7JIMfVXs\/s1600\/Rrea00120100421.gif\" rel=\"external nofollow\"><img loading=\"lazy\" border=\"0\" height=\"512\" src=\"\/\/2.bp.blogspot.com\/-oBND95WEFWg\/T0VJQdUr8RI\/AAAAAAAAA1Q\/6p-7JIMfVXs\/s640\/Rrea00120100421.gif\" width=\"640\" \/><\/a><\/div>\n<div style=\"clear: both;text-align: left\"><span style=\"font-family: 'Helvetica Neue', Arial, Helvetica, sans-serif;line-height: 18px\">Saludos! ;)<\/span><\/div>\n<!-- AddThis Advanced Settings generic via filter on the_content --><!-- AddThis Share Buttons generic via filter on the_content -->","protected":false},"excerpt":{"rendered":"<p>Muy buenas! Con el aburrimiento meteorol\u00f3gico que tenemos, nos tenemos que entretener mirando episodios de inestabilidad de hace meses&#8230; por eso, esta tarde he encontrado en mi gran registro foto-meteorol\u00f3gico (que llevo realizando desde el 2006 m\u00e1s o menos) esta foto. Es del mi\u00e9rcoles 21 de abril de 2010 y es algo que, a primera [&hellip;]<!-- AddThis Advanced Settings generic via filter on get_the_excerpt --><!-- AddThis Share Buttons generic via filter on get_the_excerpt --><\/p>\n","protected":false},"author":3,"featured_media":0,"comment_status":"open","ping_status":"closed","sticky":false,"template":"","format":"standard","meta":[],"categories":[3],"tags":[],"_links":{"self":[{"href":"https:\/\/blogs.hoy.es\/meteobadajoz\/wp-json\/wp\/v2\/posts\/85"}],"collection":[{"href":"https:\/\/blogs.hoy.es\/meteobadajoz\/wp-json\/wp\/v2\/posts"}],"about":[{"href":"https:\/\/blogs.hoy.es\/meteobadajoz\/wp-json\/wp\/v2\/types\/post"}],"author":[{"embeddable":true,"href":"https:\/\/blogs.hoy.es\/meteobadajoz\/wp-json\/wp\/v2\/users\/3"}],"replies":[{"embeddable":true,"href":"https:\/\/blogs.hoy.es\/meteobadajoz\/wp-json\/wp\/v2\/comments?post=85"}],"version-history":[{"count":0,"href":"https:\/\/blogs.hoy.es\/meteobadajoz\/wp-json\/wp\/v2\/posts\/85\/revisions"}],"wp:attachment":[{"href":"https:\/\/blogs.hoy.es\/meteobadajoz\/wp-json\/wp\/v2\/media?parent=85"}],"wp:term":[{"taxonomy":"category","embeddable":true,"href":"https:\/\/blogs.hoy.es\/meteobadajoz\/wp-json\/wp\/v2\/categories?post=85"},{"taxonomy":"post_tag","embeddable":true,"href":"https:\/\/blogs.hoy.es\/meteobadajoz\/wp-json\/wp\/v2\/tags?post=85"}],"curies":[{"name":"wp","href":"https:\/\/api.w.org\/{rel}","templated":true}]}}