{"id":87,"date":"2012-02-11T20:32:00","date_gmt":"2012-02-11T20:32:00","guid":{"rendered":"http:\/\/blogs.hoy.es\/meteobadajoz\/2012\/02\/11\/mis-ultimas-novedades\/"},"modified":"2012-02-11T20:32:00","modified_gmt":"2012-02-11T20:32:00","slug":"mis-ultimas-novedades","status":"publish","type":"post","link":"https:\/\/blogs.hoy.es\/meteobadajoz\/2012\/02\/11\/mis-ultimas-novedades\/","title":{"rendered":"Mis \u00faltimas novedades."},"content":{"rendered":"<p><span style=\"font-family: Arial, Helvetica, sans-serif\">Muy buenas. En esta nueva entrada os voy a contar mis \u00faltimas novedades sobre la meteo. Son estas:<\/span><br \/><span style=\"font-family: Arial, Helvetica, sans-serif\"><br \/><\/span><br \/><span style=\"font-family: Arial, Helvetica, sans-serif\">El domingo 22 de Enero estuve en la Sierra de Gredos, tras una semana de nevadas en el centro y norte de la pen\u00ednsula, aunque las altas temperaturas que\u00a0encontr\u00e1bamos\u00a0durante esos d\u00edas provocaron que gran parte de la nieve se fuera. Aqu\u00ed el\u00a0\u00e1lbum\u00a0de fotos:<\/span><br \/><span style=\"font-family: Arial, Helvetica, sans-serif\"><br \/><\/span><br \/><span style=\"color: #0000ee;font-family: Arial, Helvetica, sans-serif\"><u>https:\/\/plus.google.com\/photos\/115892293537863731175\/albums\/5703550652313391441<\/u><\/span><span style=\"font-family: Arial, Helvetica, sans-serif\">\u00a0<\/span><br \/><span style=\"font-family: Arial, Helvetica, sans-serif\"><br \/><\/span><br \/><span style=\"font-family: Arial, Helvetica, sans-serif\">Por otra parte, me compr\u00e9 una nueva estaci\u00f3n, en concreto una <b>PCE-FWS 20<\/b>. No la tengo definitivamente instalada ya que hay que hacerle algunos ajustes, as\u00ed que la tengo en pruebas.<\/span><br \/><span style=\"font-family: Arial, Helvetica, sans-serif\">Aqu\u00ed os dejo algunas fotillos.<\/span><br \/><span style=\"font-family: Arial, Helvetica, sans-serif\"><br \/><\/span><br \/><span style=\"font-family: Arial, Helvetica, sans-serif\">La estaci\u00f3n me llego tres d\u00edas despu\u00e9s de pedirla, el 10 de enero. Este fue el mejor momento, cuando lo abr\u00eda! jejejejeje<\/span><br \/><span style=\"font-family: Arial, Helvetica, sans-serif\"><br \/><\/span><\/p>\n<div style=\"clear: both;text-align: center\"><a href=\"http:\/\/3.bp.blogspot.com\/-f-kAOAUFt_U\/TzbFTq5hnOI\/AAAAAAAAAww\/zR72qw072pw\/s1600\/DSCF3954.JPG\" rel=\"external nofollow\"><img loading=\"lazy\" border=\"0\" height=\"480\" src=\"\/\/3.bp.blogspot.com\/-f-kAOAUFt_U\/TzbFTq5hnOI\/AAAAAAAAAww\/zR72qw072pw\/s640\/DSCF3954.JPG\" width=\"640\" \/><\/a><\/div>\n<p><\/p>\n<div style=\"clear: both;text-align: center\"><a href=\"http:\/\/1.bp.blogspot.com\/-iDjweRKHgxo\/TzbFVzMKAiI\/AAAAAAAAAw4\/3c4woTUyXF4\/s1600\/DSCF3957.JPG\" rel=\"external nofollow\"><img loading=\"lazy\" border=\"0\" height=\"480\" src=\"\/\/1.bp.blogspot.com\/-iDjweRKHgxo\/TzbFVzMKAiI\/AAAAAAAAAw4\/3c4woTUyXF4\/s640\/DSCF3957.JPG\" width=\"640\" \/><\/a><\/div>\n<p><\/p>\n<div style=\"clear: both;text-align: center\"><a href=\"http:\/\/4.bp.blogspot.com\/-Re8dNdKp5t8\/TzbFanH-rSI\/AAAAAAAAAxA\/2wloQI89ubs\/s1600\/DSCF3972.JPG\" rel=\"external nofollow\"><img loading=\"lazy\" border=\"0\" height=\"480\" src=\"\/\/4.bp.blogspot.com\/-Re8dNdKp5t8\/TzbFanH-rSI\/AAAAAAAAAxA\/2wloQI89ubs\/s640\/DSCF3972.JPG\" width=\"640\" \/><\/a><\/div>\n<p><\/p>\n<div style=\"clear: both;text-align: center\"><a href=\"http:\/\/3.bp.blogspot.com\/-Y3IXyVsCSok\/TzbFeOMLCSI\/AAAAAAAAAxI\/_2SZJ-qszPI\/s1600\/DSCF4022.JPG\" rel=\"external nofollow\"><img loading=\"lazy\" border=\"0\" height=\"480\" src=\"\/\/3.bp.blogspot.com\/-Y3IXyVsCSok\/TzbFeOMLCSI\/AAAAAAAAAxI\/_2SZJ-qszPI\/s640\/DSCF4022.JPG\" width=\"640\" \/><\/a><\/div>\n<p><span style=\"font-family: Arial, Helvetica, sans-serif\">Un peque\u00f1o v\u00eddeo del pasado 8 de Febrero. Este\u00a0d\u00eda\u00a0hubo bastante viento. (Racha m\u00e1xima de 41.5 km\/h)<\/span><\/p>\n<div style=\"clear: both;text-align: center\"><\/div>\n<p><span style=\"font-family: Arial, Helvetica, sans-serif\">(En pruebas)<\/span><br \/>Como veis, tengo dos pluvi\u00f3metros, el m\u00e1s grande es el de la estaci\u00f3n antigua, es bastante fiable por eso no me quiero deshacer de \u00e9l, para tenerlo en cuenta a la hora de calibrar el nuevo.<\/p>\n<div style=\"clear: both;text-align: center\"><a href=\"http:\/\/3.bp.blogspot.com\/-IJeZFL1wvss\/TzbJNWxMPgI\/AAAAAAAAAyk\/81S2aJkRbIQ\/s1600\/DSCF4378.JPG\" rel=\"external nofollow\"><img loading=\"lazy\" border=\"0\" height=\"480\" src=\"\/\/3.bp.blogspot.com\/-IJeZFL1wvss\/TzbJNWxMPgI\/AAAAAAAAAyk\/81S2aJkRbIQ\/s640\/DSCF4378.JPG\" width=\"640\" \/><\/a><\/div>\n<p><span style=\"font-family: Arial, Helvetica, sans-serif\"><br \/><\/span><br \/><span style=\"font-family: Arial, Helvetica, sans-serif\">Lo que tengo pensado es hacerle una garita, porque la que trae es de juguete, y poner un m\u00e1stil de unos 2m \u00f3 3m de altura sobre el techo de la casa.<\/span><br \/><span style=\"font-family: Arial, Helvetica, sans-serif\"><br \/><\/span><br \/><span style=\"color: orange;font-family: Arial, Helvetica, sans-serif;font-size: large\"><b>M\u00e1s cosas!<\/b><\/span><br \/><span style=\"font-family: Arial, Helvetica, sans-serif\">Por\u00a0fin\u00a0he acabado el v\u00eddeo resumen de mis mejores fotograf\u00edas de lo que llevo de afici\u00f3n meteo y el resultado es el siguiente:<\/span><\/p>\n<div style=\"clear: both;text-align: center\"><\/div>\n<p><span style=\"color: white;font-family: Arial, Helvetica, sans-serif\"><br \/><\/span><\/p>\n<div style=\"text-align: left\"><span style=\"line-height: 18px\"><span style=\"font-family: Arial, Helvetica, sans-serif\">Es una recopilaci\u00f3n de las mejores fotos y v\u00eddeos que llevo realizados en mis pocos a\u00f1os de afici\u00f3n a la meteorolog\u00eda. El v\u00eddeo incluye fotos de distintos tipos de nubes y v\u00eddeos de tormentas.<\/span><\/span><\/div>\n<div style=\"text-align: left\"><span style=\"line-height: 18px\"><span style=\"font-family: Arial, Helvetica, sans-serif\"><br \/><\/span><\/span><\/div>\n<div style=\"text-align: left\"><span style=\"line-height: 18px\"><span style=\"font-family: Arial, Helvetica, sans-serif\">Me encanta la \u00faltima parte en la que he hecho un remix de los mejores rayos!! El v\u00eddeo lo he compartido en el foro de <a href=\"http:\/\/foro.tiempo.com\/reportajes-de-meteorologia-kazas-nubes-puestas-de-sol-nieve-b13.0\/\" target=\"_blank\" rel=\"external nofollow\"><b>Meteored<\/b><\/a>, en el de <a href=\"http:\/\/www.cazatormentas.net\/foro\/reportajes-meteorolgicos\/\" target=\"_blank\" rel=\"external nofollow\"><b>Cazatormentas.net<\/b><\/a> y en el de <b><a href=\"http:\/\/meteosuroeste.foroactivo.com\/t85-recopilatorio-de-mis-mejores-fotos-y-videos\" target=\"_blank\" rel=\"external nofollow\">Meteosuroeste<\/a>.<\/b><\/span><\/span><\/div>\n<div style=\"text-align: left\"><span style=\"line-height: 18px\"><span style=\"font-family: Arial, Helvetica, sans-serif\"><b><br \/><\/b><\/span><\/span><\/div>\n<div style=\"text-align: left\"><span style=\"color: orange;font-family: Arial, Helvetica, sans-serif;font-size: large\"><span style=\"line-height: 18px\"><b>Algunas fotos meteo del mes.<\/b><\/span><\/span><\/div>\n<div style=\"text-align: left\"><span style=\"color: orange;font-family: Arial, Helvetica, sans-serif;font-size: large\"><span style=\"line-height: 18px\"><b><br \/><\/b><\/span><\/span><\/div>\n<div style=\"clear: both;text-align: center\"><a href=\"http:\/\/2.bp.blogspot.com\/-F0eKPic-HN4\/TzbP2-muP9I\/AAAAAAAAAys\/xZg9R1O6hAU\/s1600\/DSCF4379.JPG\" rel=\"external nofollow\"><img loading=\"lazy\" border=\"0\" height=\"480\" src=\"\/\/2.bp.blogspot.com\/-F0eKPic-HN4\/TzbP2-muP9I\/AAAAAAAAAys\/xZg9R1O6hAU\/s640\/DSCF4379.JPG\" width=\"640\" \/><\/a><\/div>\n<p><\/p>\n<div style=\"clear: both;text-align: center\"><a href=\"http:\/\/1.bp.blogspot.com\/-UISS-WJgdQc\/TzbP5Bp2h8I\/AAAAAAAAAy0\/DsLYGJrCEJY\/s1600\/DSCF4380.JPG\" rel=\"external nofollow\"><img loading=\"lazy\" border=\"0\" height=\"480\" src=\"\/\/1.bp.blogspot.com\/-UISS-WJgdQc\/TzbP5Bp2h8I\/AAAAAAAAAy0\/DsLYGJrCEJY\/s640\/DSCF4380.JPG\" width=\"640\" \/><\/a><\/div>\n<p><\/p>\n<div style=\"clear: both;text-align: center\"><a href=\"http:\/\/2.bp.blogspot.com\/-3EQOdaeow1w\/TzbP70No5YI\/AAAAAAAAAy8\/5htCKt7HieM\/s1600\/DSCF4381.JPG\" rel=\"external nofollow\"><img loading=\"lazy\" border=\"0\" height=\"480\" src=\"\/\/2.bp.blogspot.com\/-3EQOdaeow1w\/TzbP70No5YI\/AAAAAAAAAy8\/5htCKt7HieM\/s640\/DSCF4381.JPG\" width=\"640\" \/><\/a><\/div>\n<div style=\"text-align: left\"><span style=\"color: orange;font-family: Arial, Helvetica, sans-serif;font-size: large\"><span style=\"line-height: 18px\"><b><br \/><\/b><\/span><\/span><\/div>\n<div style=\"text-align: left\"><span style=\"color: orange;font-family: Arial, Helvetica, sans-serif\"><b><span style=\"line-height: 18px\">Por cierto, much\u00edsimas gracias a esos m\u00e1s de 200 seguidores que tengo ya en Twitter, en su mayor\u00eda pacenses que quieren informarse del tiempo en Badajoz, que aunque no actualizo mucho el blog, en mi\u00a0Twitter\u00a0ten\u00e9is informaci\u00f3n en cada momento. Gracias! ;-)<\/span> <\/b><\/span><br \/><span style=\"color: orange;font-family: Arial, Helvetica, sans-serif;font-size: large\"><span style=\"line-height: 18px\"><b><br \/><\/b><\/span><\/span><\/div>\n<div style=\"text-align: left\"><span style=\"line-height: 18px\"><span style=\"font-family: Arial, Helvetica, sans-serif\">Pues nada m\u00e1s, hasta pronto!! ;-))<\/span><\/span><\/div>\n<!-- AddThis Advanced Settings generic via filter on the_content --><!-- AddThis Share Buttons generic via filter on the_content -->","protected":false},"excerpt":{"rendered":"<p>Muy buenas. En esta nueva entrada os voy a contar mis \u00faltimas novedades sobre la meteo. Son estas:El domingo 22 de Enero estuve en la Sierra de Gredos, tras una semana de nevadas en el centro y norte de la pen\u00ednsula, aunque las altas temperaturas que\u00a0encontr\u00e1bamos\u00a0durante esos d\u00edas provocaron que gran parte de la nieve [&hellip;]<!-- AddThis Advanced Settings generic via filter on get_the_excerpt --><!-- AddThis Share Buttons generic via filter on get_the_excerpt --><\/p>\n","protected":false},"author":3,"featured_media":0,"comment_status":"open","ping_status":"closed","sticky":false,"template":"","format":"standard","meta":[],"categories":[3],"tags":[],"_links":{"self":[{"href":"https:\/\/blogs.hoy.es\/meteobadajoz\/wp-json\/wp\/v2\/posts\/87"}],"collection":[{"href":"https:\/\/blogs.hoy.es\/meteobadajoz\/wp-json\/wp\/v2\/posts"}],"about":[{"href":"https:\/\/blogs.hoy.es\/meteobadajoz\/wp-json\/wp\/v2\/types\/post"}],"author":[{"embeddable":true,"href":"https:\/\/blogs.hoy.es\/meteobadajoz\/wp-json\/wp\/v2\/users\/3"}],"replies":[{"embeddable":true,"href":"https:\/\/blogs.hoy.es\/meteobadajoz\/wp-json\/wp\/v2\/comments?post=87"}],"version-history":[{"count":0,"href":"https:\/\/blogs.hoy.es\/meteobadajoz\/wp-json\/wp\/v2\/posts\/87\/revisions"}],"wp:attachment":[{"href":"https:\/\/blogs.hoy.es\/meteobadajoz\/wp-json\/wp\/v2\/media?parent=87"}],"wp:term":[{"taxonomy":"category","embeddable":true,"href":"https:\/\/blogs.hoy.es\/meteobadajoz\/wp-json\/wp\/v2\/categories?post=87"},{"taxonomy":"post_tag","embeddable":true,"href":"https:\/\/blogs.hoy.es\/meteobadajoz\/wp-json\/wp\/v2\/tags?post=87"}],"curies":[{"name":"wp","href":"https:\/\/api.w.org\/{rel}","templated":true}]}}