{"id":89,"date":"2012-01-14T21:07:00","date_gmt":"2012-01-14T21:07:00","guid":{"rendered":"http:\/\/blogs.hoy.es\/meteobadajoz\/2012\/01\/14\/cambios-a-la-vista\/"},"modified":"2012-01-14T21:07:00","modified_gmt":"2012-01-14T21:07:00","slug":"cambios-a-la-vista","status":"publish","type":"post","link":"https:\/\/blogs.hoy.es\/meteobadajoz\/2012\/01\/14\/cambios-a-la-vista\/","title":{"rendered":"Cambios a la vista!"},"content":{"rendered":"<p><span style=\"color: #6fa8dc;font-family: 'Helvetica Neue', Arial, Helvetica, sans-serif\">Muy buenas. Ya podemos decir que se avecinan cambios en el estado del tiempo en la regi\u00f3n y en casi toda la\u00a0pen\u00ednsula. Todo llegar\u00e1 de la mano de una borrasca que ya se ha descolgado desde el Atl\u00e1ntico Norte y que repartir\u00e1 algunas lluvias por casi todo el pa\u00eds. Ahora\u00a0lo vemos!<\/span><br \/><span style=\"color: #6fa8dc;font-family: 'Helvetica Neue', Arial, Helvetica, sans-serif\"><br \/><\/span><br \/><span style=\"color: #6fa8dc;font-family: 'Helvetica Neue', Arial, Helvetica, sans-serif\"><b>Resumen de hoy.<\/b><\/span><br \/><span style=\"color: #6fa8dc;font-family: 'Helvetica Neue', Arial, Helvetica, sans-serif\">Hoy el d\u00eda comenzaba en Badajoz con algunas nieblas que pronto desaparecieron y dejaron el cielo muy soleado. A medida que avanzaba el d\u00eda nos han ido cruzando nubes medias y altas que preceden la llegada del frente, poca cosa en general. La m\u00e1xima de hoy ha sido de \u00a0<\/span><span style=\"font-family: 'Helvetica Neue', Arial, Helvetica, sans-serif\"><b><span style=\"color: yellow\">14.3\u00baC<\/span><\/b><span style=\"color: #6fa8dc\"> (a las 16:42h) y la m\u00ednima se ha quedado en <\/span><b><span style=\"color: cyan\">2.1\u00baC<\/span><\/b><span style=\"color: #3d85c6\"> <\/span><span style=\"color: #6fa8dc\">(a las 9:12h). Ahora 20:30h, 9.4\u00baC.<\/span><\/span><br \/><span style=\"font-family: 'Helvetica Neue', Arial, Helvetica, sans-serif\"><span style=\"color: #3d85c6\"><br \/><\/span><\/span><br \/><span style=\"color: orange;font-family: 'Helvetica Neue', Arial, Helvetica, sans-serif\"><b>An\u00e1lisis de la\u00a0situaci\u00f3n\u00a0actual.<\/b><\/span><br \/><b>Europa.<\/b><br \/><span style=\"color: #6fa8dc\"><span style=\"font-family: 'Helvetica Neue', Arial, Helvetica, sans-serif\">Tenemos a un anticicl\u00f3n entre las Isla Brit\u00e1nicas, norte de Francia y pen\u00ednsula\u00a0<\/span><span style=\"font-family: 'Helvetica Neue', Arial, Helvetica, sans-serif\">Escandinava. Tambi\u00e9n tenemos a otro anticicl\u00f3n al oeste de Azores y entre esos dos anticiclones se descuelga una borrasca junto con una masa de aire fr\u00edo.<\/span><\/span><br \/><b><br \/><\/b><\/p>\n<div style=\"clear: both;text-align: center\"><a href=\"http:\/\/4.bp.blogspot.com\/-1A_JB8UcpFc\/TxHYPXG4m0I\/AAAAAAAAARQ\/3DK86PrO000\/s1600\/europe.PNG\" rel=\"external nofollow\"><img loading=\"lazy\" border=\"0\" height=\"508\" src=\"\/\/4.bp.blogspot.com\/-1A_JB8UcpFc\/TxHYPXG4m0I\/AAAAAAAAARQ\/3DK86PrO000\/s640\/europe.PNG\" width=\"640\" \/><\/a><\/div>\n<p><b><br \/><\/b><br \/><span style=\"font-family: 'Helvetica Neue', Arial, Helvetica, sans-serif\"><span style=\"color: #6fa8dc\">En la imagen de vapor de agua del sat\u00e9lite Meteosat 9 se ve muy bien definida la bolsa de aire fr\u00edo que se est\u00e1 descolgando.<\/span><\/span><\/p>\n<div style=\"clear: both;text-align: center\"><a href=\"http:\/\/2.bp.blogspot.com\/-qB7-Wv9hrAI\/TxHfOi1V8lI\/AAAAAAAAASA\/CRdALmkOjV4\/s1600\/AtlanticWV_62.jpg\" rel=\"external nofollow\"><img loading=\"lazy\" border=\"0\" height=\"396\" src=\"\/\/2.bp.blogspot.com\/-qB7-Wv9hrAI\/TxHfOi1V8lI\/AAAAAAAAASA\/CRdALmkOjV4\/s640\/AtlanticWV_62.jpg\" width=\"640\" \/><\/a><\/div>\n<p><b>Animaci\u00f3n de\u00a0im\u00e1genes\u00a0del sat\u00e9lite.<\/b><br \/><span style=\"color: #6fa8dc;font-family: 'Helvetica Neue', Arial, Helvetica, sans-serif\">Ya era hora ver un frente cerca de la pen\u00ednsula \u00bfno?. Fijaos tambi\u00e9n en el giro que tiene el anticicl\u00f3n de Reino Unido, que manera de desviar las nubes.<\/span><br \/><span style=\"color: orange;font-family: 'Helvetica Neue', Arial, Helvetica, sans-serif\"><b><br \/><\/b><\/span><\/p>\n<div style=\"clear: both;text-align: center\"><a href=\"http:\/\/4.bp.blogspot.com\/-wFerjUWRSKc\/TxHahKrxXDI\/AAAAAAAAARY\/c9eZ6ZPddoc\/s1600\/animactual.gif\" rel=\"external nofollow\"><img loading=\"lazy\" border=\"0\" height=\"392\" src=\"\/\/4.bp.blogspot.com\/-wFerjUWRSKc\/TxHahKrxXDI\/AAAAAAAAARY\/c9eZ6ZPddoc\/s640\/animactual.gif\" width=\"640\" \/><\/a><\/div>\n<p><b>Modelos.<\/b><br \/><span style=\"color: #6fa8dc;font-family: 'Helvetica Neue', Arial, Helvetica, sans-serif\">El HIRLAM de AEMET nos muestra algunas precipitaciones, pero no gran cosa.<\/span><br \/><span style=\"color: #6fa8dc;font-family: 'Helvetica Neue', Arial, Helvetica, sans-serif\">-Mapa previsto para ma\u00f1ana domingo 15 a las 7h.<\/span><\/p>\n<div style=\"clear: both;text-align: center\"><\/div>\n<div style=\"clear: both;text-align: center\"><\/div>\n<div style=\"clear: both;text-align: center\"><a href=\"http:\/\/3.bp.blogspot.com\/-PGDdlz4ldW4\/TxHcnP7rJfI\/AAAAAAAAARo\/RjbECgcxmUc\/s1600\/2012011412%252B018_ww_jsx0x218.gif\" rel=\"external nofollow\"><img loading=\"lazy\" border=\"0\" height=\"388\" src=\"\/\/3.bp.blogspot.com\/-PGDdlz4ldW4\/TxHcnP7rJfI\/AAAAAAAAARo\/RjbECgcxmUc\/s640\/2012011412%252B018_ww_jsx0x218.gif\" width=\"640\" \/><\/a><\/div>\n<p><span style=\"color: #6fa8dc;font-family: 'Helvetica Neue', Arial, Helvetica, sans-serif\"><b>-Previsto a las 13h.<\/b><\/span><br \/><span style=\"color: #6fa8dc;font-family: 'Helvetica Neue', Arial, Helvetica, sans-serif\">Parece que en las horas centrales del d\u00eda veremos una peque\u00f1a tregua. los restos del frente todav\u00eda estar\u00e1n descargando por las comarcas m\u00e1s orientales de la regi\u00f3n, en cambio por el oeste cierta tranquilidad.<\/span><\/p>\n<div style=\"clear: both;text-align: center\"><a href=\"http:\/\/3.bp.blogspot.com\/-qOngVtZpX6Y\/TxHc77cwxGI\/AAAAAAAAARw\/ADTFy9Vxu5A\/s1600\/2012011412%252B024_ww_jsx0x2d1.gif\" rel=\"external nofollow\"><img loading=\"lazy\" border=\"0\" height=\"388\" src=\"\/\/3.bp.blogspot.com\/-qOngVtZpX6Y\/TxHc77cwxGI\/AAAAAAAAARw\/ADTFy9Vxu5A\/s640\/2012011412%252B024_ww_jsx0x2d1.gif\" width=\"640\" \/><\/a><\/div>\n<p><b>-Previsto a las 19h.<\/b><br \/><span style=\"color: #6fa8dc;font-family: 'Helvetica Neue', Arial, Helvetica, sans-serif\">Pero no tardar\u00edan en llegar post-frontales (nubes y chubascos que viajan detr\u00e1s del frente acompa\u00f1ando al aire fr\u00edo). Entrar\u00edan por el oeste volviendo a repartir precipitaciones d\u00e9biles o puntualmente moderadas. Personalmente en los modelos no veo que puedan caer grandes precipitaciones, pero algunos espacios del tiempo si aseguran que se pueden recoger cantidades bastante generosas. En el modelo de AEMET vemos que como m\u00e1ximo esas lluvias pueden ser de 5mm. Ya lo veremos conforme avancen las horas.<\/span><\/p>\n<div style=\"clear: both;text-align: center\"><a href=\"http:\/\/1.bp.blogspot.com\/-mBHXIXkOtY0\/TxHekQQYUMI\/AAAAAAAAAR4\/3uiVcno7Lsw\/s1600\/2012011412%252B030_ww_jsx0x230.gif\" rel=\"external nofollow\"><img loading=\"lazy\" border=\"0\" height=\"388\" src=\"\/\/1.bp.blogspot.com\/-mBHXIXkOtY0\/TxHekQQYUMI\/AAAAAAAAAR4\/3uiVcno7Lsw\/s640\/2012011412%252B030_ww_jsx0x230.gif\" width=\"640\" \/><\/a><\/div>\n<p><b>Temperatura a 850 hPa<\/b><br \/><span style=\"color: #6fa8dc;font-family: 'Helvetica Neue', Arial, Helvetica, sans-serif\">A medida que avanza hacia el SE se va desgastando y calentando.<\/span><\/p>\n<div style=\"clear: both;text-align: center\"><a href=\"http:\/\/1.bp.blogspot.com\/-tEjO5CWB7-Q\/TxHhO6XfNmI\/AAAAAAAAASI\/cdf4xgaXaFE\/s1600\/anigif850.gif\" rel=\"external nofollow\"><img border=\"0\" src=\"\/\/1.bp.blogspot.com\/-tEjO5CWB7-Q\/TxHhO6XfNmI\/AAAAAAAAASI\/cdf4xgaXaFE\/s1600\/anigif850.gif\" \/><\/a><\/div>\n<p><span style=\"color: #6fa8dc;font-family: 'Helvetica Neue', Arial, Helvetica, sans-serif\">Debido a la entrada de ese aire fr\u00edo junto con las precipitaciones se van a producir nevadas en zonas medias y altas de la pen\u00ednsula. Aqu\u00ed en Extremadura, veremos nevar en el norte da C\u00e1ceres y en Las Villuercas principalmente. La cota de nieve se estar\u00e1 en torno a los 1300m bajando al final del d\u00eda hasta los 900m.<\/span><br \/><b>-Mapa de acumulaciones de nieve en los pr\u00f3ximos tres d\u00edas.<\/b><\/p>\n<div style=\"clear: both;text-align: center\"><a href=\"http:\/\/4.bp.blogspot.com\/-6Om_875q9Ms\/TxHkaE5WJnI\/AAAAAAAAASQ\/tWTxYvPH4xM\/s1600\/snowmapIB3d.jpg\" rel=\"external nofollow\"><img loading=\"lazy\" border=\"0\" height=\"480\" src=\"\/\/4.bp.blogspot.com\/-6Om_875q9Ms\/TxHkaE5WJnI\/AAAAAAAAASQ\/tWTxYvPH4xM\/s640\/snowmapIB3d.jpg\" width=\"640\" \/><\/a><\/div>\n<p><span style=\"color: #6fa8dc;font-family: 'Helvetica Neue', Arial, Helvetica, sans-serif\"><b><br \/><\/b><\/span><br \/><span style=\"color: orange;font-family: 'Helvetica Neue', Arial, Helvetica, sans-serif\"><b>Predicci\u00f3n.<\/b><\/span><br \/><b>-Mapa de acumulaciones de lluvia.<\/b><\/p>\n<p><span style=\"color: #6fa8dc;font-family: 'Helvetica Neue', Arial, Helvetica, sans-serif\">Durante la pr\u00f3xima madrugada ya empezaremos a ver algunas lluvias por el oeste, pero ser\u00e1 sobre todo por la ma\u00f1ana cuando esas precipitaciones pueden ser algo m\u00e1s intensas. Las m\u00e1s abundantes en el sur de la provincia de Badajoz donde se acumular\u00e1n cantidades de unos 20mm. En el resto entre los 5mm y los 15mm.<\/span><br \/><br class=\"Apple-interchange-newline\" \/><\/p>\n<div style=\"clear: both;text-align: center\"><a href=\"http:\/\/1.bp.blogspot.com\/-scpphhWZIr4\/TxHmJVEmRbI\/AAAAAAAAASY\/Eu4qZzNhlpY\/s1600\/12011606_1412.gif\" rel=\"external nofollow\"><img loading=\"lazy\" border=\"0\" height=\"494\" src=\"\/\/1.bp.blogspot.com\/-scpphhWZIr4\/TxHmJVEmRbI\/AAAAAAAAASY\/Eu4qZzNhlpY\/s640\/12011606_1412.gif\" width=\"640\" \/><\/a><\/div>\n<p><b>-Temperaturas.<\/b><br \/><span style=\"color: #6fa8dc;font-family: 'Helvetica Neue', Arial, Helvetica, sans-serif\">Obviamente\u00a0las temperaturas m\u00e1ximas bajar\u00e1n por la presencia de cielos cubiertos, no tenemos sol y por tanto no suben las temperaturas. La m\u00ednimas subir\u00e1n tambi\u00e9n por la presencia de las nubes, por lo que apenas tendremos heladas en la regi\u00f3n.<\/span><br \/><span style=\"color: #6fa8dc;font-family: 'Helvetica Neue', Arial, Helvetica, sans-serif\"><br \/><\/span><br \/><span style=\"color: #6fa8dc;font-family: 'Helvetica Neue', Arial, Helvetica, sans-serif\"><b>Variaci\u00f3n de las temperaturas m\u00e1ximas.<\/b><\/span><br \/><span style=\"color: #6fa8dc;font-family: 'Helvetica Neue', Arial, Helvetica, sans-serif\">Descenso de entre 1\u00baC a 2\u00baC. Las m\u00e1ximas apenas superar\u00e1n los 10\u00baC -11\u00baC.<\/span><\/p>\n<div style=\"clear: both;text-align: center\"><a href=\"http:\/\/3.bp.blogspot.com\/-91W8wkF26X0\/TxHnmY5oxcI\/AAAAAAAAASg\/16wNS2BJkNo\/s1600\/tw2gp097.gif\" rel=\"external nofollow\"><img loading=\"lazy\" border=\"0\" height=\"444\" src=\"\/\/3.bp.blogspot.com\/-91W8wkF26X0\/TxHnmY5oxcI\/AAAAAAAAASg\/16wNS2BJkNo\/s640\/tw2gp097.gif\" width=\"640\" \/><\/a><\/div>\n<p><b>Variaci\u00f3n de las temperaturas m\u00ednimas.<\/b><br \/><span style=\"color: #6fa8dc;font-family: 'Helvetica Neue', Arial, Helvetica, sans-serif\">Suben un par de grados.<\/span><\/p>\n<div style=\"clear: both;text-align: center\"><a href=\"http:\/\/1.bp.blogspot.com\/-hzzrRjsXgPU\/TxHoEU9ztlI\/AAAAAAAAASo\/gZJ9viiSOSU\/s1600\/tw2gp096.gif\" rel=\"external nofollow\"><img loading=\"lazy\" border=\"0\" height=\"444\" src=\"\/\/1.bp.blogspot.com\/-hzzrRjsXgPU\/TxHoEU9ztlI\/AAAAAAAAASo\/gZJ9viiSOSU\/s640\/tw2gp096.gif\" width=\"640\" \/><\/a><\/div>\n<p><b>Alertas.<\/b><br \/><span style=\"color: #6fa8dc;font-family: 'Helvetica Neue', Arial, Helvetica, sans-serif\">Estas son las alertas por nieve. Las acumulaciones m\u00e1s importantes en puntos del centro y sureste con 3cm a 10cm.<\/span><\/p>\n<div style=\"clear: both;text-align: center\"><a href=\"http:\/\/2.bp.blogspot.com\/-gQ4PTK8xER8\/TxHtg7mnq2I\/AAAAAAAAATI\/Zq1paplo4rQ\/s1600\/20120114201000_avi_mna_NE.png\" rel=\"external nofollow\"><img loading=\"lazy\" border=\"0\" height=\"426\" src=\"\/\/2.bp.blogspot.com\/-gQ4PTK8xER8\/TxHtg7mnq2I\/AAAAAAAAATI\/Zq1paplo4rQ\/s640\/20120114201000_avi_mna_NE.png\" width=\"640\" \/><\/a><\/div>\n<p><b>Conclusi\u00f3n.<\/b><br \/><span style=\"color: orange;font-family: 'Helvetica Neue', Arial, Helvetica, sans-serif\"><b><br \/><\/b><\/span><br \/><span style=\"color: #6fa8dc;font-family: 'Helvetica Neue', Arial, Helvetica, sans-serif\">En definitiva, parece que se nos acerca un peque\u00f1o cambio de tiempo para las pr\u00f3ximas horas que aliviar\u00e1 este oto\u00f1o y principio de invierno que estamos sufriendo y no solo me estoy refiriendo a las lluvias, sino que tambi\u00e9n a la nieve, porque menudo a\u00f1o&#8230;<\/span><br \/><span style=\"color: #6fa8dc;font-family: 'Helvetica Neue', Arial, Helvetica, sans-serif\"><br \/><\/span><br \/><span style=\"color: #6fa8dc;font-family: 'Helvetica Neue', Arial, Helvetica, sans-serif\"><b>Webcam de la estaci\u00f3n de Bejar &#8211; La Covatilla<\/b><\/span><br \/><span style=\"color: #6fa8dc;font-family: 'Helvetica Neue', Arial, Helvetica, sans-serif\">A ver si en los pr\u00f3ximos d\u00edas podemos ver m\u00e1s nieve en los sistemas\u00a0monta\u00f1osos\u00a0de la pen\u00ednsula.<\/span><\/p>\n<div style=\"clear: both;text-align: center\"><a href=\"http:\/\/2.bp.blogspot.com\/-TG2adrNrHEQ\/TxHqE4TWhZI\/AAAAAAAAASw\/bbUwqd3okZ4\/s1600\/webcam3.jpg\" rel=\"external nofollow\"><img loading=\"lazy\" border=\"0\" height=\"522\" src=\"\/\/2.bp.blogspot.com\/-TG2adrNrHEQ\/TxHqE4TWhZI\/AAAAAAAAASw\/bbUwqd3okZ4\/s640\/webcam3.jpg\" width=\"640\" \/><\/a><\/div>\n<p><\/p>\n<div style=\"clear: both;text-align: center\"><a href=\"http:\/\/1.bp.blogspot.com\/-Lom_lhIqQPg\/TxHqGLf8-pI\/AAAAAAAAAS4\/o8XWrM1Ndw4\/s1600\/webcam2.jpg\" rel=\"external nofollow\"><img loading=\"lazy\" border=\"0\" height=\"522\" src=\"\/\/1.bp.blogspot.com\/-Lom_lhIqQPg\/TxHqGLf8-pI\/AAAAAAAAAS4\/o8XWrM1Ndw4\/s640\/webcam2.jpg\" width=\"640\" \/><\/a><\/div>\n<p><span style=\"color: #6fa8dc;font-family: 'Helvetica Neue', Arial, Helvetica, sans-serif\"><br \/><\/span><br \/><span style=\"color: #6fa8dc;font-family: 'Helvetica Neue', Arial, Helvetica, sans-serif\"><b>Por \u00faltimo la animaci\u00f3n actual del radar de Portugal. \u00a1Ya van llegando las lluvias!<\/b><\/span><\/p>\n<div style=\"clear: both;text-align: center\"><a href=\"http:\/\/3.bp.blogspot.com\/--1i2eb_Lkro\/TxHrY8gPjLI\/AAAAAAAAATA\/U2gEbCysO30\/s1600\/anigifperc.gif\" rel=\"external nofollow\"><img loading=\"lazy\" border=\"0\" height=\"640\" src=\"\/\/3.bp.blogspot.com\/--1i2eb_Lkro\/TxHrY8gPjLI\/AAAAAAAAATA\/U2gEbCysO30\/s640\/anigifperc.gif\" width=\"640\" \/><\/a><\/div>\n<p><span style=\"color: #6fa8dc;font-family: 'Helvetica Neue', Arial, Helvetica, sans-serif\"><br \/><\/span><br \/><span style=\"color: #6fa8dc;font-family: 'Helvetica Neue', Arial, Helvetica, sans-serif\">Sigue la evoluci\u00f3n del estado del tiempo en Badajoz a trav\u00e9s de:<\/span><br \/><span style=\"color: #6fa8dc;font-family: 'Helvetica Neue', Arial, Helvetica, sans-serif\"><a href=\"http:\/\/twitter.com\/meteobadajoz\" target=\"_blank\" rel=\"external nofollow\">@MeteoBadajoz<\/a><\/span><br \/><span style=\"color: #6fa8dc;font-family: 'Helvetica Neue', Arial, Helvetica, sans-serif\">Un fuerte abrazo! ;)<\/span><br \/><span style=\"color: #6fa8dc;font-family: 'Helvetica Neue', Arial, Helvetica, sans-serif\"><br \/><\/span><br \/><span style=\"color: orange;font-family: 'Helvetica Neue', Arial, Helvetica, sans-serif\"><b>Agradecimientos:<\/b><\/span><br \/><a href=\"http:\/\/www.aemet.es\/es\/portada\" rel=\"external nofollow\">http:\/\/www.aemet.es\/es\/portada<\/a><br \/><a href=\"http:\/\/www.woespana.es\/\" rel=\"external nofollow\">http:\/\/www.woespana.es\/<\/a> <br \/><a href=\"http:\/\/www.meteo.pt\/pt\/index.html\" rel=\"external nofollow\">http:\/\/www.meteo.pt\/pt\/index.html<\/a> <br \/><a href=\"http:\/\/www.meteociel.fr\/modeles\/gfse_cartes.php\" rel=\"external nofollow\">http:\/\/www.meteociel.fr\/modeles\/gfse_cartes.php<\/a> <br \/><a href=\"http:\/\/www.eumetrain.org\/\" rel=\"external nofollow\">http:\/\/www.eumetrain.org\/<\/a> <br \/><a href=\"http:\/\/www.meteoexploration.com\/\" rel=\"external nofollow\">http:\/\/www.meteoexploration.com\/<\/a><\/p>\n<!-- AddThis Advanced Settings generic via filter on the_content --><!-- AddThis Share Buttons generic via filter on the_content -->","protected":false},"excerpt":{"rendered":"<p>Muy buenas. Ya podemos decir que se avecinan cambios en el estado del tiempo en la regi\u00f3n y en casi toda la\u00a0pen\u00ednsula. Todo llegar\u00e1 de la mano de una borrasca que ya se ha descolgado desde el Atl\u00e1ntico Norte y que repartir\u00e1 algunas lluvias por casi todo el pa\u00eds. Ahora\u00a0lo vemos!Resumen de hoy.Hoy el d\u00eda [&hellip;]<!-- AddThis Advanced Settings generic via filter on get_the_excerpt --><!-- AddThis Share Buttons generic via filter on get_the_excerpt --><\/p>\n","protected":false},"author":3,"featured_media":0,"comment_status":"open","ping_status":"closed","sticky":false,"template":"","format":"standard","meta":[],"categories":[3],"tags":[],"_links":{"self":[{"href":"https:\/\/blogs.hoy.es\/meteobadajoz\/wp-json\/wp\/v2\/posts\/89"}],"collection":[{"href":"https:\/\/blogs.hoy.es\/meteobadajoz\/wp-json\/wp\/v2\/posts"}],"about":[{"href":"https:\/\/blogs.hoy.es\/meteobadajoz\/wp-json\/wp\/v2\/types\/post"}],"author":[{"embeddable":true,"href":"https:\/\/blogs.hoy.es\/meteobadajoz\/wp-json\/wp\/v2\/users\/3"}],"replies":[{"embeddable":true,"href":"https:\/\/blogs.hoy.es\/meteobadajoz\/wp-json\/wp\/v2\/comments?post=89"}],"version-history":[{"count":0,"href":"https:\/\/blogs.hoy.es\/meteobadajoz\/wp-json\/wp\/v2\/posts\/89\/revisions"}],"wp:attachment":[{"href":"https:\/\/blogs.hoy.es\/meteobadajoz\/wp-json\/wp\/v2\/media?parent=89"}],"wp:term":[{"taxonomy":"category","embeddable":true,"href":"https:\/\/blogs.hoy.es\/meteobadajoz\/wp-json\/wp\/v2\/categories?post=89"},{"taxonomy":"post_tag","embeddable":true,"href":"https:\/\/blogs.hoy.es\/meteobadajoz\/wp-json\/wp\/v2\/tags?post=89"}],"curies":[{"name":"wp","href":"https:\/\/api.w.org\/{rel}","templated":true}]}}