{"id":9,"date":"2013-01-07T12:12:00","date_gmt":"2013-01-07T12:12:00","guid":{"rendered":"http:\/\/blogs.hoy.es\/meteobadajoz\/2013\/01\/07\/pequena-adveccion-de-polvo-sahariano-en-el-sur-de-marruecos\/"},"modified":"2013-01-07T12:12:00","modified_gmt":"2013-01-07T12:12:00","slug":"pequena-adveccion-de-polvo-sahariano-en-el-sur-de-marruecos","status":"publish","type":"post","link":"https:\/\/blogs.hoy.es\/meteobadajoz\/2013\/01\/07\/pequena-adveccion-de-polvo-sahariano-en-el-sur-de-marruecos\/","title":{"rendered":"Peque\u00f1a advecci\u00f3n de polvo sahariano en el sur de Marruecos."},"content":{"rendered":"<p><\/p>\n<div style=\"clear: both;text-align: center\"><\/div>\n<div style=\"clear: both;text-align: center\"><\/div>\n<div style=\"clear: both;text-align: center\"><a href=\"http:\/\/3.bp.blogspot.com\/-JHmZ3MgUlN8\/UOnRJTx_8kI\/AAAAAAAAFK8\/FmVdoan16Kk\/s1600\/NorthwestAfrica.2013004.aqua.500m.png\" rel=\"external nofollow\"><img loading=\"lazy\" border=\"0\" height=\"354\" src=\"\/\/3.bp.blogspot.com\/-JHmZ3MgUlN8\/UOnRJTx_8kI\/AAAAAAAAFK8\/FmVdoan16Kk\/s640\/NorthwestAfrica.2013004.aqua.500m.png\" width=\"640\" \/><\/a><\/div>\n<div style=\"text-align: center\"><span style=\"font-family: Helvetica Neue, Arial, Helvetica, sans-serif\"><b>Imagen en alta resoluci\u00f3n del sat\u00e9lite AQUA de la NASA el viernes 4 de enero de 2013.<\/b><\/span><\/div>\n<div style=\"text-align: center\"><b><span style=\"font-family: Helvetica Neue, Arial, Helvetica, sans-serif\">(\u00a9 NASA<\/span><span style=\"font-family: 'Helvetica Neue', Arial, Helvetica, sans-serif\">).<\/span><\/b><\/div>\n<p><span style=\"font-family: Helvetica Neue, Arial, Helvetica, sans-serif\"><br \/><\/span><span style=\"font-family: Helvetica Neue, Arial, Helvetica, sans-serif\">Durante el pasado viernes 4 de enero de 2013, se produc\u00eda una peque\u00f1a advecci\u00f3n de polvo en suspensi\u00f3n al sur de Marruecos, y que lleg\u00f3 a afectar (en menor medida) al archipi\u00e9lago Canario. La imagen superior muestra el momento en el que se formaban esas finas estelas de polvo en suspensi\u00f3n, que arrancaron desde los des\u00e9rticos suelos del sur de Marruecos &#8211; oeste del desierto del Sahara.<\/span><br \/><a name='more'><\/a><br \/> <span style=\"font-family: Helvetica Neue, Arial, Helvetica, sans-serif\">Normalmente, las situaciones anticicl\u00f3nicas de verano, favorecen la aparici\u00f3n de este fen\u00f3meno y, adem\u00e1s, se transportan cantidades m\u00e1s importantes de polvo al sur y suroeste del continente europeo, pero en invierno (con menos frecuencia que en verano) tambi\u00e9n se pueden producir estas invasiones de polvo sahariano, aunque son bastante menos importantes.<\/span><br \/><span style=\"font-family: Helvetica Neue, Arial, Helvetica, sans-serif\"><br \/><\/span><\/p>\n<div style=\"clear: both;text-align: center\"><a href=\"http:\/\/3.bp.blogspot.com\/-UZAQTAdPKwM\/UOnOGV1687I\/AAAAAAAAFJg\/Yv0NPw8aCZU\/s1600\/Explicaci%C3%B3n+gr%C3%A1fica+de+las+advecciones+de+polvo+Sahariano.PNG\" rel=\"external nofollow\"><img loading=\"lazy\" border=\"0\" height=\"418\" src=\"\/\/3.bp.blogspot.com\/-UZAQTAdPKwM\/UOnOGV1687I\/AAAAAAAAFJg\/Yv0NPw8aCZU\/s640\/Explicaci%C3%B3n+gr%C3%A1fica+de+las+advecciones+de+polvo+Sahariano.PNG\" width=\"640\" \/><\/a><\/div>\n<div style=\"text-align: center\"><span style=\"font-family: Helvetica Neue, Arial, Helvetica, sans-serif\"><b>An\u00e1lisis simple del periodo anticicl\u00f3nico de primeros de enero de 2013.<\/b><\/span><\/div>\n<div style=\"text-align: center\"><b><span style=\"font-family: Helvetica Neue, Arial, Helvetica, sans-serif\">(\u00a9 MeteoBadajoz<\/span><span style=\"font-family: 'Helvetica Neue', Arial, Helvetica, sans-serif\">).<\/span><\/b><\/div>\n<p><span style=\"font-family: Helvetica Neue, Arial, Helvetica, sans-serif\"><br \/><\/span><span style=\"font-family: Helvetica Neue, Arial, Helvetica, sans-serif\">La situaci\u00f3n de altas presiones que reina sobre el oeste-suroeste de Europa y el norte de \u00c1frica durante los primeros d\u00edas del mes de enero de 2013, ha permitido que los vientos que atraviesan el desierto del Sahara, hayan provocado el levantamiento de estas finas part\u00edculas de arena. La advecci\u00f3n de polvo parti\u00f3 desde el sur de Marruecos, pasando por las islas m\u00e1s orientales de Canarias, y avanzando hacia el norte y noreste,\u00a0qued\u00e1ndose\u00a0muy cerca del sur de la Pen\u00ednsula.<\/span><br \/><span style=\"font-family: Helvetica Neue, Arial, Helvetica, sans-serif\"><br \/><\/span><\/p>\n<div style=\"clear: both;text-align: center\"><a href=\"http:\/\/1.bp.blogspot.com\/-nIKFT2Cp6O0\/UOqwoQWioHI\/AAAAAAAAFNk\/HKSJUkrnNzg\/s1600\/NorthwestAfrica.2013005.terra.500m.png\" rel=\"external nofollow\"><img loading=\"lazy\" border=\"0\" height=\"497\" src=\"\/\/1.bp.blogspot.com\/-nIKFT2Cp6O0\/UOqwoQWioHI\/AAAAAAAAFNk\/HKSJUkrnNzg\/s640\/NorthwestAfrica.2013005.terra.500m.png\" width=\"640\" \/><\/a><\/div>\n<div style=\"text-align: center\"><\/div>\n<div>\n<div style=\"text-align: center\"><span style=\"font-family: Helvetica Neue, Arial, Helvetica, sans-serif\"><b>Imagen en alta resoluci\u00f3n del sat\u00e9lite TERRA de la NASA, el s\u00e1bado 5 de enero de 2013.<\/b><\/span><\/div>\n<\/div>\n<div>\n<div style=\"text-align: center\"><b><span style=\"font-family: Helvetica Neue, Arial, Helvetica, sans-serif\">(\u00a9 NASA<\/span><span style=\"font-family: 'Helvetica Neue', Arial, Helvetica, sans-serif\">).<\/span><\/b><\/div>\n<\/div>\n<p><span style=\"font-family: Helvetica Neue, Arial, Helvetica, sans-serif\">Al d\u00eda siguiente de su salida desde el sur de Marruecos, la masa de polvo avanz\u00f3 hacia el norte,\u00a0perdiendo gran cantidad de material\u00a0y acerc\u00e1ndose desde el sur peninsular, ya mezclada entre distintos tipos de nubosidad.<\/span><br \/><span style=\"font-family: Helvetica Neue, Arial, Helvetica, sans-serif\"><br \/><\/span><span style=\"font-family: Helvetica Neue, Arial, Helvetica, sans-serif\">Vamos a tratar de explicar muy brevemente y con ayuda de algunos gr\u00e1ficos la parte t\u00e9cnica de estos fen\u00f3menos, es decir, los procesos f\u00edsicos\u00a0<\/span><span style=\"font-family: Helvetica Neue, Arial, Helvetica, sans-serif\">por los cuales se pueden producir\u00a0transportes\u00a0de polvo, dependiendo de la velocidad del viento, as\u00ed como del tama\u00f1o de las part\u00edculas de polvo. Existen tres procesos: por <i>reptaci\u00f3n<\/i>, <i>saltaci\u00f3n<\/i> y <i>suspensi\u00f3n<\/i>.<\/span><br \/><span style=\"font-family: Helvetica Neue, Arial, Helvetica, sans-serif\"><br \/><\/span><\/p>\n<div style=\"clear: both;text-align: center\"><a href=\"http:\/\/2.bp.blogspot.com\/-r3A1vK9hKus\/UOnfCNTY3ZI\/AAAAAAAAFMI\/4iwq22Xg5Cs\/s1600\/Reptaci%C3%B3n.png\" rel=\"external nofollow\"><img loading=\"lazy\" border=\"0\" height=\"448\" src=\"\/\/2.bp.blogspot.com\/-r3A1vK9hKus\/UOnfCNTY3ZI\/AAAAAAAAFMI\/4iwq22Xg5Cs\/s640\/Reptaci%C3%B3n.png\" width=\"640\" \/><\/a><\/div>\n<div style=\"text-align: center\"><\/div>\n<div style=\"text-align: center\"><span style=\"font-family: Helvetica Neue, Arial, Helvetica, sans-serif\"><b>Explicaci\u00f3n gr\u00e1fica del proceso de reptaci\u00f3n.<\/b><\/span><\/div>\n<div style=\"text-align: center\"><span style=\"font-family: Helvetica Neue, Arial, Helvetica, sans-serif\"><b>(\u00a9 MeteoBadajoz<\/b><\/span><b>).<\/b><\/div>\n<p><span style=\"font-family: Helvetica Neue, Arial, Helvetica, sans-serif\"><b>> <\/b>La reptaci\u00f3n se produce cuando las part\u00edculas ruedan o se desplazan junto al suelo, sin apenas elevarse.\u00a0<\/span><span style=\"font-family: 'Helvetica Neue', Arial, Helvetica, sans-serif\">As\u00ed se desplazan por ejemplo las part\u00edculas de mayor tama\u00f1o, pesan m\u00e1s y no alcanzan gran altura.<\/span><br \/><span style=\"font-family: 'Helvetica Neue', Arial, Helvetica, sans-serif\"><br \/><\/span><\/p>\n<div style=\"clear: both;text-align: center\"><a href=\"http:\/\/3.bp.blogspot.com\/-bCfqXv-iYWk\/UOnfXussxmI\/AAAAAAAAFMQ\/opTJoE3IsJY\/s1600\/Saltaci%C3%B3n.png\" rel=\"external nofollow\"><img loading=\"lazy\" border=\"0\" height=\"450\" src=\"\/\/3.bp.blogspot.com\/-bCfqXv-iYWk\/UOnfXussxmI\/AAAAAAAAFMQ\/opTJoE3IsJY\/s640\/Saltaci%C3%B3n.png\" width=\"640\" \/><\/a><\/div>\n<div style=\"text-align: center\"><\/div>\n<div style=\"text-align: center\"><span style=\"font-family: Helvetica Neue, Arial, Helvetica, sans-serif\"><b>Explicaci\u00f3n gr\u00e1fica del proceso de saltaci\u00f3n.<\/b><\/span><\/div>\n<div style=\"text-align: center\"><span style=\"font-family: Helvetica Neue, Arial, Helvetica, sans-serif\"><b>(\u00a9 MeteoBadajoz<\/b><\/span><b>).<\/b><\/div>\n<p><span style=\"font-family: Helvetica Neue, Arial, Helvetica, sans-serif\"><b>> <\/b>La saltaci\u00f3n ocurre cuando las part\u00edculas de polvo se desplazan a modo de peque\u00f1os saltos, de forma que ascienden a poca altura junto con el aire, y se desplazan hacia adelante para despu\u00e9s volver a caer sobre el terreno. Cuando tocan el suelo, chocan o rebotan con otras part\u00edculas, y esas part\u00edculas saltan con un movimiento\u00a0<\/span><span style=\"font-family: 'Helvetica Neue', Arial, Helvetica, sans-serif\">ascendente y hacia adelante que contin\u00faa el proceso de saltaci\u00f3n.<\/span><br \/><span style=\"font-family: 'Helvetica Neue', Arial, Helvetica, sans-serif\"><br \/><\/span><\/p>\n<div style=\"clear: both;text-align: center\"><a href=\"http:\/\/2.bp.blogspot.com\/-NzRF0yPBxoI\/UOnfiwEddkI\/AAAAAAAAFMY\/LuVLggaE3DM\/s1600\/Suspensi%C3%B3n.png\" rel=\"external nofollow\"><img loading=\"lazy\" border=\"0\" height=\"450\" src=\"\/\/2.bp.blogspot.com\/-NzRF0yPBxoI\/UOnfiwEddkI\/AAAAAAAAFMY\/LuVLggaE3DM\/s640\/Suspensi%C3%B3n.png\" width=\"640\" \/><\/a><\/div>\n<div style=\"text-align: center\"><\/div>\n<div style=\"text-align: center\"><span style=\"font-family: Helvetica Neue, Arial, Helvetica, sans-serif\"><b>Explicaci\u00f3n gr\u00e1fica del proceso de suspensi\u00f3n.<\/b><\/span><\/div>\n<div style=\"text-align: center\"><span style=\"font-family: Helvetica Neue, Arial, Helvetica, sans-serif\"><b>(\u00a9 MeteoBadajoz<\/b><\/span><b>).<\/b><\/div>\n<p><span style=\"font-family: Helvetica Neue, Arial, Helvetica, sans-serif\"><b>> <\/b>La suspensi\u00f3n es cuando el viento levanta los materiales de sedimento\u00a0<\/span><span style=\"font-family: Helvetica Neue, Arial, Helvetica, sans-serif\">del suelo y los mantiene en altura. Si las part\u00edculas son\u00a0<\/span><span style=\"font-family: 'Helvetica Neue', Arial, Helvetica, sans-serif\">peque\u00f1as y las corrientes ascendentes son fuertes, \u00e9stas part\u00edculas o sedimentos ascienden con facilidad y son<\/span><span style=\"font-family: 'Helvetica Neue', Arial, Helvetica, sans-serif\">\u00a0sostenidos en altura.<\/span><\/p>\n<div style=\"text-align: left\"><\/div>\n<p><span style=\"font-family: Helvetica Neue, Arial, Helvetica, sans-serif\">En estas regiones des\u00e9rticas, con ausencia de vegetaci\u00f3n, se produce un sobrecalentamiento extremo en el cual se alcanzan temperaturas muy altas, lo que provoca la formaci\u00f3n de corrientes ascendentes que permiten el ascenso de los granos m\u00e1s finos (arcillas). Despu\u00e9s, los vientos en altura, se\u00a0encargan\u00a0de la transportaci\u00f3n de estas masas de polvo hacia zonas muy alejadas de la regi\u00f3n de origen,<\/span><span style=\"font-family: 'Helvetica Neue', Arial, Helvetica, sans-serif\">\u00a0<\/span><span style=\"font-family: 'Helvetica Neue', Arial, Helvetica, sans-serif\">y pueden ser transportados a distancias de m\u00e1s de 1.000 km.<\/span><br \/><span style=\"font-family: 'Helvetica Neue', Arial, Helvetica, sans-serif\"><br \/><\/span><\/p>\n<div style=\"clear: both;text-align: center\"><a href=\"http:\/\/3.bp.blogspot.com\/-ierUb1pInmY\/UOqz34tZKEI\/AAAAAAAAFOw\/RMaPOPWlMP0\/s1600\/Captura1.PNG\" rel=\"external nofollow\"><img loading=\"lazy\" border=\"0\" height=\"338\" src=\"\/\/3.bp.blogspot.com\/-ierUb1pInmY\/UOqz34tZKEI\/AAAAAAAAFOw\/RMaPOPWlMP0\/s640\/Captura1.PNG\" width=\"640\" \/><\/a><\/div>\n<div style=\"text-align: center\"><span style=\"font-family: Helvetica Neue, Arial, Helvetica, sans-serif\"><b>Imagen en alta resoluci\u00f3n del sat\u00e9lite TERRA de la NASA, el pasado 2 de agosto de 2012.<\/b><\/span><\/div>\n<div style=\"text-align: center\"><b><span style=\"font-family: Helvetica Neue, Arial, Helvetica, sans-serif\">(\u00a9 NASA<\/span><span style=\"font-family: 'Helvetica Neue', Arial, Helvetica, sans-serif\">).<\/span><\/b><\/div>\n<p><span style=\"font-family: 'Helvetica Neue', Arial, Helvetica, sans-serif\"><br \/><\/span><br \/><span style=\"font-family: Helvetica Neue, Arial, Helvetica, sans-serif\">La forma de localizar estas tormentas de polvo mediante los sat\u00e9lites meteorol\u00f3gicos es muy sencilla, ya que normalmente aparecen en forma de columnas alargadas y con un punto de origen fijo, es decir, el efecto que producen a vista de sat\u00e9lite es de una especie de chimenea: una zona fija de la cual surge un flujo continuo de material sedimentario, igual como ocurre con los incendios (pero con humo). Adem\u00e1s, estas masa de polvo acostumbran a desplazarse a menor velocidad que la nubosidad circundante, lo que tambi\u00e9n ayuda a la hora de detectarlas. Las im\u00e1genes en alta resoluci\u00f3n que hemos visto antes son todo un ejemplo de\u00a0im\u00e1genes\u00a0visibles que ayudan mucho a su visualizaci\u00f3n.<\/span><br \/><span style=\"font-family: Helvetica Neue, Arial, Helvetica, sans-serif\"><br \/><\/span><\/p>\n<div style=\"clear: both;text-align: center\"><a href=\"http:\/\/4.bp.blogspot.com\/-o1KkRFHhdPY\/UOq0FK5GsWI\/AAAAAAAAFO4\/X0BwTLXgSvo\/s1600\/Captura.PNG\" rel=\"external nofollow\"><img loading=\"lazy\" border=\"0\" height=\"308\" src=\"\/\/4.bp.blogspot.com\/-o1KkRFHhdPY\/UOq0FK5GsWI\/AAAAAAAAFO4\/X0BwTLXgSvo\/s640\/Captura.PNG\" width=\"640\" \/><\/a><\/div>\n<div style=\"text-align: center\"><span style=\"font-family: Helvetica Neue, Arial, Helvetica, sans-serif\"><b>Imagen MSG, producto RGB &#8211; Dust.<\/b><\/span><\/div>\n<div style=\"text-align: center\"><b><span style=\"font-family: Helvetica Neue, Arial, Helvetica, sans-serif\">(\u00a9 EUMETSAT<\/span><span style=\"font-family: 'Helvetica Neue', Arial, Helvetica, sans-serif\">).<\/span><\/b><\/div>\n<p><span style=\"font-family: Helvetica Neue, Arial, Helvetica, sans-serif\"><br \/><\/span><span style=\"font-family: Helvetica Neue, Arial, Helvetica, sans-serif\">Normalmente la imagen visible resulta muy \u00fatil para la observaci\u00f3n de este tipo de fen\u00f3menos, sobre todo cuando estas tormentas de arena salen del continente y se adentran en el mar u oc\u00e9ano, aunque si se producen en el interior del continente (en pleno desierto), en el que la superficie del mismo y la masa de polvo poseen el mismo color, la observaci\u00f3n del fen\u00f3meno se vuelve complicada. Es por ello por lo que, de la amplia variedad de productos que ofrece el sat\u00e9lite Meteosat, el modo &#8220;<i>Dust<\/i>&#8221; (o &#8220;polvo&#8221; en espa\u00f1ol) es el que hay que usar en estos casos, ya que es capaz de distinguir las masas de polvo (en color rosa) del resto de nubosidad (en otros colores).<\/span><\/p>\n<!-- AddThis Advanced Settings generic via filter on the_content --><!-- AddThis Share Buttons generic via filter on the_content -->","protected":false},"excerpt":{"rendered":"<p>Imagen en alta resoluci\u00f3n del sat\u00e9lite AQUA de la NASA el viernes 4 de enero de 2013. (\u00a9 NASA). Durante el pasado viernes 4 de enero de 2013, se produc\u00eda una peque\u00f1a advecci\u00f3n de polvo en suspensi\u00f3n al sur de Marruecos, y que lleg\u00f3 a afectar (en menor medida) al archipi\u00e9lago Canario. La imagen superior [&hellip;]<!-- AddThis Advanced Settings generic via filter on get_the_excerpt --><!-- AddThis Share Buttons generic via filter on get_the_excerpt --><\/p>\n","protected":false},"author":3,"featured_media":0,"comment_status":"open","ping_status":"closed","sticky":false,"template":"","format":"standard","meta":[],"categories":[3],"tags":[],"_links":{"self":[{"href":"https:\/\/blogs.hoy.es\/meteobadajoz\/wp-json\/wp\/v2\/posts\/9"}],"collection":[{"href":"https:\/\/blogs.hoy.es\/meteobadajoz\/wp-json\/wp\/v2\/posts"}],"about":[{"href":"https:\/\/blogs.hoy.es\/meteobadajoz\/wp-json\/wp\/v2\/types\/post"}],"author":[{"embeddable":true,"href":"https:\/\/blogs.hoy.es\/meteobadajoz\/wp-json\/wp\/v2\/users\/3"}],"replies":[{"embeddable":true,"href":"https:\/\/blogs.hoy.es\/meteobadajoz\/wp-json\/wp\/v2\/comments?post=9"}],"version-history":[{"count":0,"href":"https:\/\/blogs.hoy.es\/meteobadajoz\/wp-json\/wp\/v2\/posts\/9\/revisions"}],"wp:attachment":[{"href":"https:\/\/blogs.hoy.es\/meteobadajoz\/wp-json\/wp\/v2\/media?parent=9"}],"wp:term":[{"taxonomy":"category","embeddable":true,"href":"https:\/\/blogs.hoy.es\/meteobadajoz\/wp-json\/wp\/v2\/categories?post=9"},{"taxonomy":"post_tag","embeddable":true,"href":"https:\/\/blogs.hoy.es\/meteobadajoz\/wp-json\/wp\/v2\/tags?post=9"}],"curies":[{"name":"wp","href":"https:\/\/api.w.org\/{rel}","templated":true}]}}