{"id":90,"date":"2012-01-06T19:59:00","date_gmt":"2012-01-06T19:59:00","guid":{"rendered":"http:\/\/blogs.hoy.es\/meteobadajoz\/2012\/01\/06\/jornada-de-nieblas\/"},"modified":"2012-01-06T19:59:00","modified_gmt":"2012-01-06T19:59:00","slug":"jornada-de-nieblas","status":"publish","type":"post","link":"https:\/\/blogs.hoy.es\/meteobadajoz\/2012\/01\/06\/jornada-de-nieblas\/","title":{"rendered":"JORNADA DE NIEBLAS"},"content":{"rendered":"<p><span style=\"font-family: Verdana, Arial, Helvetica, sans-serif\"><\/span><\/p>\n<div style=\"font-size: small;line-height: 18px\"><span style=\"font-family: Verdana, Arial, Helvetica, sans-serif\"><span style=\"color: #3d85c6\">Buenas noches y Feliz a\u00f1o a tod@s!<\/span><\/span><\/div>\n<div style=\"font-size: small;line-height: 18px\"><span style=\"font-family: Verdana, Arial, Helvetica, sans-serif\"><span style=\"color: #3d85c6\"><br \/><\/span><\/span><\/div>\n<div style=\"font-size: small;line-height: 18px\"><span style=\"font-family: Verdana, Arial, Helvetica, sans-serif\"><span style=\"color: #3d85c6\">Hoy en Badajoz la m\u00ednima ha sido de <\/span><b><span style=\"color: purple\">1.8\u00baC<\/span><\/b><span style=\"color: #3d85c6\"> y la m\u00e1xima apenas ha llegado a los <\/span><span style=\"color: cyan\"><b>8\u00baC<\/b><\/span><span style=\"color: #3d85c6\">. La niebla ha sido la principal protagonista del d\u00eda por aqu\u00ed, aunque a eso de las 16h desapareci\u00f3, pero en las \u00faltimas horas ha vuelto a cubrir la ciudad y en estos momentos tenemos <\/span><span style=\"color: blue\"><b>5\u00baC<\/b><\/span><span style=\"color: #536482\">.<\/span><\/span><\/div>\n<div style=\"color: #536482;font-size: small;line-height: 18px\"><span style=\"font-family: Verdana, Arial, Helvetica, sans-serif\"><br \/><\/span><\/div>\n<div style=\"line-height: 18px\"><span style=\"font-family: Verdana, Arial, Helvetica, sans-serif\"><b><span style=\"color: orange\">Imagen del sat\u00e9lite en el canal visible del oeste de Europa.<\/span><\/b><\/span><\/div>\n<div style=\"font-size: small;line-height: 18px\"><span style=\"font-family: Verdana, Arial, Helvetica, sans-serif\"><span style=\"color: #3d85c6\">Nieblas en las Vegas del Guadiana.<\/span><\/span><\/div>\n<div style=\"color: #536482;font-size: small;line-height: 18px\"><span style=\"font-family: Verdana, Arial, Helvetica, sans-serif\"><br \/><\/span><\/div>\n<div style=\"clear: both;line-height: 18px;text-align: center\"><span style=\"font-family: Verdana, Arial, Helvetica, sans-serif\"><a href=\"http:\/\/oi44.tinypic.com\/24y8j6x.jpg\" rel=\"external nofollow\"><img loading=\"lazy\" border=\"0\" height=\"419\" src=\"\/\/oi44.tinypic.com\/24y8j6x.jpg\" width=\"640\" \/><\/a><\/span><\/div>\n<div>\n<div style=\"color: #536482;font-size: small;line-height: 18px\"><span style=\"font-family: Verdana, Arial, Helvetica, sans-serif\"><br \/><\/span><\/div>\n<p><span style=\"font-family: Verdana, Arial, Helvetica, sans-serif\"><span style=\"color: orange\"><span style=\"line-height: 18px\"><b>24h en\u00a0im\u00e1genes\u00a0de sat\u00e9lite (Animaci\u00f3n)<\/b><\/span><\/span><\/span><br \/><span style=\"font-family: Verdana, Arial, Helvetica, sans-serif\"><span style=\"color: orange\"><span style=\"line-height: 18px\"><b><br \/><\/b><\/span><\/span><\/span><\/div>\n<div style=\"clear: both;text-align: center\"><a href=\"http:\/\/www.climatologia.uji.es\/animaciones\/animactual.gif\" rel=\"external nofollow\"><img loading=\"lazy\" border=\"0\" height=\"392\" src=\"\/\/www.climatologia.uji.es\/animaciones\/animactual.gif\" width=\"640\" \/><\/a><\/div>\n<p><\/p>\n<div style=\"line-height: 18px\"><span style=\"font-family: Verdana, Arial, Helvetica, sans-serif\"><b><span style=\"color: orange\">Temperaturas m\u00e1ximas en Extremadura.<\/span><\/b><\/span><\/div>\n<div style=\"font-size: small;line-height: 18px\"><span style=\"font-family: Verdana, Arial, Helvetica, sans-serif\"><span style=\"color: #3d85c6\">En las Vegas del Guadiana <\/span><span style=\"color: cyan\"><b>8\u00baC<\/b><\/span><span style=\"color: #3d85c6\"> y en el resto entre los <\/span><span style=\"color: yellow\"><b>15\u00baC<\/b><\/span><span style=\"color: #3d85c6\"> de Garbayuela (Badajoz) y los casi <\/span><span style=\"color: orange\"><b>21\u00baC<\/b><\/span><span style=\"color: #3d85c6\"> de Moraleja (C\u00e1ceres).<\/span><\/span><\/div>\n<div style=\"font-size: small;line-height: 18px\"><span style=\"font-family: Verdana, Arial, Helvetica, sans-serif\"><span style=\"color: #536482\"><br \/><\/span><\/span><\/div>\n<div style=\"clear: both;line-height: 18px;text-align: center\"><span style=\"font-family: Verdana, Arial, Helvetica, sans-serif\"><a href=\"http:\/\/oi40.tinypic.com\/244dt7p.jpg\" rel=\"external nofollow\"><img loading=\"lazy\" border=\"0\" height=\"640\" src=\"\/\/oi40.tinypic.com\/244dt7p.jpg\" width=\"514\" \/><\/a><\/span><\/div>\n<div style=\"font-size: small;line-height: 18px\"><span style=\"font-family: Verdana, Arial, Helvetica, sans-serif\"><span style=\"color: #536482\"><br \/><\/span><\/span><\/div>\n<p><span style=\"font-family: Verdana, Arial, Helvetica, sans-serif\"><span style=\"color: orange\"><span style=\"line-height: 18px\"><b>Resumen del d\u00eda seg\u00fan datos de Meteoclimatic.<\/b><\/span><\/span><\/span><br \/><span style=\"font-family: Verdana, Arial, Helvetica, sans-serif\"><span style=\"color: orange;font-size: x-small\"><span style=\"line-height: 18px\"><b><br \/><\/b><\/span><\/span><\/span><\/p>\n<div style=\"clear: both;text-align: center\"><span style=\"font-family: Verdana, Arial, Helvetica, sans-serif\"><a href=\"http:\/\/oi44.tinypic.com\/dczr6p.jpg\" rel=\"external nofollow\"><img loading=\"lazy\" border=\"0\" height=\"440\" src=\"\/\/oi44.tinypic.com\/dczr6p.jpg\" width=\"640\" \/><\/a><\/span><\/div>\n<p><span style=\"font-family: Verdana, Arial, Helvetica, sans-serif\"><span style=\"color: orange;font-size: x-small\"><span style=\"line-height: 18px\"><b><br \/><\/b><\/span><\/span><\/span><br \/><span style=\"font-family: Verdana, Arial, Helvetica, sans-serif\"><span style=\"color: orange;font-size: x-small\"><span style=\"line-height: 18px\"><b><br \/><\/b><\/span><\/span><\/span><\/p>\n<div style=\"color: orange;font-weight: bold;line-height: 18px\"><span style=\"font-family: Verdana, Arial, Helvetica, sans-serif\">Resumen del d\u00eda seg\u00fan datos de AEMET.<\/span><\/div>\n<div style=\"font-size: small;line-height: 18px\"><span style=\"font-family: Verdana, Arial, Helvetica, sans-serif\"><span style=\"color: #3d85c6\">Mirad las peque\u00f1as precipitaciones que han registrado las estaciones de AEMET, seguramente por las densas nieblas.<\/span><\/span><\/div>\n<div style=\"font-size: small;line-height: 18px\"><span style=\"font-family: Verdana, Arial, Helvetica, sans-serif\"><br \/><\/span><\/div>\n<div style=\"clear: both;font-size: small;line-height: 18px;text-align: center\"><span style=\"font-family: Verdana, Arial, Helvetica, sans-serif\"><a href=\"http:\/\/oi39.tinypic.com\/21oaooz.jpg\" rel=\"external nofollow\"><img loading=\"lazy\" border=\"0\" height=\"480\" src=\"\/\/oi39.tinypic.com\/21oaooz.jpg\" width=\"640\" \/><\/a><\/span><\/div>\n<div style=\"font-size: small;line-height: 18px\"><span style=\"font-family: Verdana, Arial, Helvetica, sans-serif\"><br \/><\/span><\/div>\n<div style=\"line-height: 18px\"><span style=\"font-family: Verdana, Arial, Helvetica, sans-serif\"><b><span style=\"color: orange\">Fotos de hoy.<\/span><\/b><\/span><\/div>\n<div style=\"line-height: 18px\"><span style=\"font-family: Verdana, Arial, Helvetica, sans-serif\"><span style=\"color: #3d85c6\">Niebla a las 19:45h y con <\/span><span style=\"color: blue;font-weight: bold\">5\u00baC<\/span><span style=\"color: #3d85c6\">!!<\/span><\/span><\/div>\n<div style=\"font-size: small;line-height: 18px\"><span style=\"font-family: Verdana, Arial, Helvetica, sans-serif\"><b><span style=\"color: orange\"><br \/><\/span><\/b><\/span><\/div>\n<div style=\"clear: both;font-size: small;line-height: 18px;text-align: center\"><span style=\"font-family: Verdana, Arial, Helvetica, sans-serif\"><a href=\"http:\/\/a6.sphotos.ak.fbcdn.net\/hphotos-ak-ash4\/403647_284532688262495_100001172980361_765607_1780088677_n.jpg\" rel=\"external nofollow\"><img loading=\"lazy\" border=\"0\" height=\"480\" src=\"\/\/a6.sphotos.ak.fbcdn.net\/hphotos-ak-ash4\/403647_284532688262495_100001172980361_765607_1780088677_n.jpg\" width=\"640\" \/><\/a><\/span><\/div>\n<div style=\"clear: both;font-size: small;line-height: 18px;text-align: center\"><span style=\"font-family: Verdana, Arial, Helvetica, sans-serif\"><br \/><\/span><\/div>\n<div style=\"clear: both;font-size: small;line-height: 18px;text-align: center\"><span style=\"font-family: Verdana, Arial, Helvetica, sans-serif\"><a href=\"http:\/\/a5.sphotos.ak.fbcdn.net\/hphotos-ak-ash4\/407487_284532744929156_100001172980361_765608_1103885333_n.jpg\" rel=\"external nofollow\"><img loading=\"lazy\" border=\"0\" height=\"480\" src=\"\/\/a5.sphotos.ak.fbcdn.net\/hphotos-ak-ash4\/407487_284532744929156_100001172980361_765608_1103885333_n.jpg\" width=\"640\" \/><\/a><\/span><\/div>\n<div style=\"font-size: small;line-height: 18px\"><span style=\"font-family: Verdana, Arial, Helvetica, sans-serif\"><b><span style=\"color: orange\"><br \/><\/span><\/b><\/span><\/div>\n<div style=\"clear: both;font-size: small;line-height: 18px;text-align: center\"><span style=\"font-family: Verdana, Arial, Helvetica, sans-serif\"><a href=\"http:\/\/a3.sphotos.ak.fbcdn.net\/hphotos-ak-snc7\/398485_284532784929152_100001172980361_765609_875895210_n.jpg\" rel=\"external nofollow\"><img loading=\"lazy\" border=\"0\" height=\"480\" src=\"\/\/a3.sphotos.ak.fbcdn.net\/hphotos-ak-snc7\/398485_284532784929152_100001172980361_765609_875895210_n.jpg\" width=\"640\" \/><\/a><\/span><\/div>\n<div style=\"font-size: small;line-height: 18px\"><span style=\"font-family: Verdana, Arial, Helvetica, sans-serif\"><b><span style=\"color: orange\"><br \/><\/span><\/b><\/span><\/div>\n<div style=\"clear: both;font-size: small;line-height: 18px;text-align: center\"><span style=\"font-family: Verdana, Arial, Helvetica, sans-serif\"><a href=\"http:\/\/a8.sphotos.ak.fbcdn.net\/hphotos-ak-snc7\/393972_284532841595813_100001172980361_765610_517260883_n.jpg\" rel=\"external nofollow\"><img loading=\"lazy\" border=\"0\" height=\"480\" src=\"\/\/a8.sphotos.ak.fbcdn.net\/hphotos-ak-snc7\/393972_284532841595813_100001172980361_765610_517260883_n.jpg\" width=\"640\" \/><\/a><\/span><\/div>\n<div style=\"font-size: small;line-height: 18px\"><span style=\"font-family: Verdana, Arial, Helvetica, sans-serif\"><b><span style=\"color: orange\"><br \/><\/span><\/b><\/span><\/div>\n<p><span style=\"font-family: Verdana, Arial, Helvetica, sans-serif\"><span style=\"color: #3d85c6\"><span style=\"line-height: 18px\">Por \u00faltimo un v\u00eddeo a c\u00e1mara r\u00e1pida (o como se conoce\u00a0t\u00e9cnicamente\u00a0&#8220;time Lapse&#8221;) de esta pasada tarde a las 16:00h, cuando la niebla desaparec\u00eda. Espero que os guste! jejeje :)<\/span><\/span><\/span><br \/><span style=\"font-family: Verdana, Arial, Helvetica, sans-serif\"><span style=\"color: #3d85c6;font-size: x-small\"><span style=\"line-height: 18px\"><br \/><\/span><\/span><\/span><\/p>\n<div style=\"clear: both;text-align: center\"><span style=\"font-family: Verdana, Arial, Helvetica, sans-serif\"><\/span><\/div>\n<p><span style=\"font-family: Verdana, Arial, Helvetica, sans-serif\"><span style=\"color: #3d85c6;font-size: x-small\"><span style=\"line-height: 18px\"><br \/><\/span><\/span><\/span><br \/><span style=\"color: #3d85c6;font-family: Verdana, Arial, Helvetica, sans-serif\"><span style=\"line-height: 18px\">Saludos! ;)<\/span><\/span><br \/><span style=\"font-family: Verdana, Arial, Helvetica, sans-serif\"><span style=\"color: #3d85c6;font-size: x-small\"><span style=\"line-height: 18px\"><br \/><\/span><\/span><\/span><br \/><span style=\"font-family: Verdana, Arial, Helvetica, sans-serif\"><span style=\"color: #3d85c6;font-size: x-small\"><span style=\"line-height: 18px\"><br \/><\/span><\/span><\/span><\/p>\n<!-- AddThis Advanced Settings generic via filter on the_content --><!-- AddThis Share Buttons generic via filter on the_content -->","protected":false},"excerpt":{"rendered":"<p>Buenas noches y Feliz a\u00f1o a tod@s! Hoy en Badajoz la m\u00ednima ha sido de 1.8\u00baC y la m\u00e1xima apenas ha llegado a los 8\u00baC. La niebla ha sido la principal protagonista del d\u00eda por aqu\u00ed, aunque a eso de las 16h desapareci\u00f3, pero en las \u00faltimas horas ha vuelto a cubrir la ciudad y [&hellip;]<!-- AddThis Advanced Settings generic via filter on get_the_excerpt --><!-- AddThis Share Buttons generic via filter on get_the_excerpt --><\/p>\n","protected":false},"author":3,"featured_media":0,"comment_status":"open","ping_status":"closed","sticky":false,"template":"","format":"standard","meta":[],"categories":[3],"tags":[],"_links":{"self":[{"href":"https:\/\/blogs.hoy.es\/meteobadajoz\/wp-json\/wp\/v2\/posts\/90"}],"collection":[{"href":"https:\/\/blogs.hoy.es\/meteobadajoz\/wp-json\/wp\/v2\/posts"}],"about":[{"href":"https:\/\/blogs.hoy.es\/meteobadajoz\/wp-json\/wp\/v2\/types\/post"}],"author":[{"embeddable":true,"href":"https:\/\/blogs.hoy.es\/meteobadajoz\/wp-json\/wp\/v2\/users\/3"}],"replies":[{"embeddable":true,"href":"https:\/\/blogs.hoy.es\/meteobadajoz\/wp-json\/wp\/v2\/comments?post=90"}],"version-history":[{"count":0,"href":"https:\/\/blogs.hoy.es\/meteobadajoz\/wp-json\/wp\/v2\/posts\/90\/revisions"}],"wp:attachment":[{"href":"https:\/\/blogs.hoy.es\/meteobadajoz\/wp-json\/wp\/v2\/media?parent=90"}],"wp:term":[{"taxonomy":"category","embeddable":true,"href":"https:\/\/blogs.hoy.es\/meteobadajoz\/wp-json\/wp\/v2\/categories?post=90"},{"taxonomy":"post_tag","embeddable":true,"href":"https:\/\/blogs.hoy.es\/meteobadajoz\/wp-json\/wp\/v2\/tags?post=90"}],"curies":[{"name":"wp","href":"https:\/\/api.w.org\/{rel}","templated":true}]}}