{"id":91,"date":"2011-12-10T20:00:00","date_gmt":"2011-12-10T20:00:00","guid":{"rendered":"http:\/\/blogs.hoy.es\/meteobadajoz\/2011\/12\/10\/resumen-de-noviembre-2011\/"},"modified":"2011-12-10T20:00:00","modified_gmt":"2011-12-10T20:00:00","slug":"resumen-de-noviembre-2011","status":"publish","type":"post","link":"https:\/\/blogs.hoy.es\/meteobadajoz\/2011\/12\/10\/resumen-de-noviembre-2011\/","title":{"rendered":"Resumen de Noviembre 2011"},"content":{"rendered":"<p><span style=\"font-family: Verdana, sans-serif\">Muy buenas a tod@s!, en primer lugar perd\u00f3n por no actualizar frecuentemente el blog, estoy muy liado con los ex\u00e1menes. Me encantar\u00eda poder actualizarlo con m\u00e1s frecuencia, incluso a diario, pero muchos d\u00edas me quedo sin tiempo. Pero bueno, a lo que vamos!<\/span><br \/><span style=\"font-family: Verdana, sans-serif\"><br \/><\/span><br \/><span style=\"font-family: Verdana, sans-serif\">Seg\u00fan AEMET en su resumen mensual,\u00a0noviembre ha sido muy c\u00e1lido en general, con una temperatura media mensual sobre Espa\u00f1a de 12,3\u00baC, que supera en 1,6\u00baC al valor medio normal del mes. Tambi\u00e9n ha resultado h\u00famedo a muy h\u00famedo en la mayor parte de Espa\u00f1a, con una precipitaci\u00f3n media a nivel nacional que ha tenido un valor en torno a 105 mm, lo que supone un 40% m\u00e1s que el valor normal de este mes.<\/span><br \/><span style=\"font-family: Verdana, sans-serif\"><br \/><\/span><br \/><span style=\"font-family: Verdana, sans-serif\">En Badajoz tambi\u00e9n nos hemos quedado con temperaturas por encima de la media. Este mes de noviembre la temperatura media por aqu\u00ed ha sido de <span style=\"color: red\"><b>13.6\u00baC<\/b><\/span> que supera en 1.1\u00baC a la temperatura media normal (la media normal es de <span style=\"color: lime\"><b>12.5\u00baC<\/b><\/span>). En cuanto a las precipitaciones, hemos acumulado un total de <b><span style=\"color: cyan\">121.7mm<\/span><\/b>, mientras que la media est\u00e1 en <b>64mm<\/b>, por lo tanto ha sido un mes muy\u00a0h\u00famedo.<\/span><br \/><span style=\"font-family: Verdana, sans-serif\"><br \/><\/span><br \/><span style=\"font-family: Verdana, sans-serif\">En el siguiente gr\u00e1fico quiero destacar que viendo las temperaturas m\u00e1ximas de todos los d\u00edas del mes podemos observar que nos hemos encontrado por encima de la media durante\u00a0pr\u00e1cticamente\u00a0todo el mes.<\/span><br \/><span style=\"font-family: Verdana, sans-serif\"><br \/><\/span><\/p>\n<div style=\"clear: both;text-align: center\"><a href=\"http:\/\/2.bp.blogspot.com\/-RUx_P0Ecc1A\/TuPBq1zGZXI\/AAAAAAAAAQw\/KdpkCEh5kV4\/s1600\/gnfgh.PNG\" rel=\"external nofollow\"><img loading=\"lazy\" border=\"0\" height=\"365\" src=\"\/\/2.bp.blogspot.com\/-RUx_P0Ecc1A\/TuPBq1zGZXI\/AAAAAAAAAQw\/KdpkCEh5kV4\/s640\/gnfgh.PNG\" width=\"640\" \/><\/a><\/div>\n<p><span style=\"font-family: Verdana, sans-serif\">Como curiosidad y disponiendo de datos de mi estaci\u00f3n desde principios de 2010, he realizado una comparaci\u00f3n entre la temperatura media de noviembre 2010, noviembre 2011 y la media normal. Como vemos noviembre 2011 ha sido m\u00e1s c\u00e1lido que el mismo mes en 2010, ambos superando la media.<\/span><br \/><span style=\"font-family: Verdana, sans-serif\"><br \/><\/span><\/p>\n<div style=\"clear: both;text-align: center\"><a href=\"http:\/\/2.bp.blogspot.com\/-5ElBHGHbqeQ\/TuPCX9lDZdI\/AAAAAAAAAQ4\/S8ZBBqbpmw8\/s1600\/Capturafgjfg.PNG\" rel=\"external nofollow\"><img loading=\"lazy\" border=\"0\" height=\"364\" src=\"\/\/2.bp.blogspot.com\/-5ElBHGHbqeQ\/TuPCX9lDZdI\/AAAAAAAAAQ4\/S8ZBBqbpmw8\/s640\/Capturafgjfg.PNG\" width=\"640\" \/><\/a><\/div>\n<p><span style=\"font-family: Verdana, sans-serif\"><br \/><\/span><br \/><span style=\"font-family: Verdana, sans-serif\"><br \/><\/span><br \/><span style=\"font-family: Verdana, sans-serif\">Resumen t\u00e9rmico del mes.<\/span><\/p>\n<div style=\"clear: both;text-align: center\"><a href=\"http:\/\/4.bp.blogspot.com\/-Bkq6b2fdDr8\/TuPC_obTaOI\/AAAAAAAAARA\/MLE0atlVGNg\/s1600\/fghfh.PNG\" rel=\"external nofollow\"><img loading=\"lazy\" border=\"0\" height=\"360\" src=\"\/\/4.bp.blogspot.com\/-Bkq6b2fdDr8\/TuPC_obTaOI\/AAAAAAAAARA\/MLE0atlVGNg\/s640\/fghfh.PNG\" width=\"640\" \/><\/a><\/div>\n<p><span style=\"font-family: Verdana, sans-serif\"><br \/><\/span><br \/><span style=\"font-family: Verdana, sans-serif\">Durante la primera mitad del mes se registraron precipitaciones abundantes. Algunos ejemplos son:<\/span><br \/><span style=\"font-family: Verdana, sans-serif\"><br \/><\/span><br \/><span style=\"font-family: Verdana, sans-serif\">El d\u00eda 2 &#8212;&#8212; <b><span style=\"color: cyan\">15mm<\/span><\/b><\/span><br \/><span style=\"font-family: Verdana, sans-serif\">El d\u00eda 3 &#8212;&#8212; <span style=\"color: cyan\"><b>35.5mm<\/b><\/span><\/span><br \/><span style=\"font-family: Verdana, sans-serif\">El d\u00eda 4 &#8212;&#8212; <span style=\"color: cyan\"><b>20mm<\/b><\/span><\/span><br \/><span style=\"font-family: Verdana, sans-serif\"><br \/><\/span><br \/><span style=\"font-family: Verdana, sans-serif\">Y tambi\u00e9n otros d\u00edas en mitad del mes:<\/span><br \/><span style=\"font-family: Verdana, sans-serif\"><br \/><\/span><br \/><span style=\"font-family: Verdana, sans-serif\">El d\u00eda 14 &#8212;&#8211; <span style=\"color: cyan\"><b>15mm<\/b><\/span><\/span><br \/><span style=\"font-family: Verdana, sans-serif\">El d\u00eda 19 &#8212;&#8211; <span style=\"color: cyan\"><b>20mm<\/b><\/span><\/span><br \/><span style=\"font-family: Verdana, sans-serif\"><span style=\"color: blue\"><br \/><\/span><\/span><\/p>\n<div style=\"clear: both;text-align: center\"><a href=\"http:\/\/3.bp.blogspot.com\/-76KYCLvtAN4\/TuPDJ6VREMI\/AAAAAAAAARI\/kKU0G1zZJjU\/s1600\/gfhfgh.PNG\" rel=\"external nofollow\"><img loading=\"lazy\" border=\"0\" height=\"390\" src=\"\/\/3.bp.blogspot.com\/-76KYCLvtAN4\/TuPDJ6VREMI\/AAAAAAAAARI\/kKU0G1zZJjU\/s640\/gfhfgh.PNG\" width=\"640\" \/><\/a><\/div>\n<p><span style=\"font-family: Verdana, sans-serif\"><br \/><\/span><br \/><span style=\"font-family: Verdana, sans-serif\">Otros datos a destacar son:<\/span><br \/><span style=\"font-family: Verdana, sans-serif\"><br \/><\/span><br \/><span style=\"font-family: Verdana, sans-serif\">-Temperatura m\u00e1xima del mes: <b><span style=\"color: red\">23\u00baC<\/span><\/b> el d\u00eda 13.<\/span><br \/><span style=\"font-family: Verdana, sans-serif\">-Temperatura m\u00ednima del mes: <span style=\"color: cyan\"><b>2.9\u00baC<\/b><\/span> los d\u00edas 28 y 29.<\/span><br \/><span style=\"font-family: Verdana, sans-serif\"><br \/><\/span><br \/><span style=\"font-family: Verdana, sans-serif\">D\u00edas de tormenta:<\/span><br \/><span style=\"font-family: Verdana, sans-serif\"><br \/><\/span><br \/><span style=\"font-family: Verdana, sans-serif\">-El d\u00eda 3: con <span style=\"color: red\">importante aparato el\u00e9ctrico<\/span>, <span style=\"color: red\">lluvia intensa<\/span> acompa\u00f1ado de <span style=\"color: red\">fuertes rachas de viento<\/span> y <span style=\"color: red\">granizo<\/span>.<\/span><br \/><span style=\"font-family: Verdana, sans-serif\">-El d\u00eda 14: Peque\u00f1a tormenta.<\/span><br \/><span style=\"font-family: Verdana, sans-serif\"><br \/><\/span><br \/><span style=\"font-family: Verdana, sans-serif\">Pues de momento nada m\u00e1s que decir. A ver si en Navidades publico alguna nueva entrada, posiblemente relacionada con la previsi\u00f3n para las pr\u00f3ximas fiestas.<\/span><br \/><span style=\"font-family: Verdana, sans-serif\">Un saludo a tod@s!<\/span><br \/><span style=\"font-family: Verdana, sans-serif\"><br \/><\/span><br \/><span style=\"font-family: Verdana, sans-serif\"><b>Javier Pi\u00f1ero-meteo en Facebook (Perfil)<\/b><\/span><br \/><span style=\"font-family: Verdana, sans-serif\"><b>MeteoBadajoz en Facebook (P\u00e1gina)<\/b><\/span><br \/><span style=\"font-family: Verdana, sans-serif\"><b>@MeteoBadajoz en Twitter<\/b><\/span><\/p>\n<!-- AddThis Advanced Settings generic via filter on the_content --><!-- AddThis Share Buttons generic via filter on the_content -->","protected":false},"excerpt":{"rendered":"<p>Muy buenas a tod@s!, en primer lugar perd\u00f3n por no actualizar frecuentemente el blog, estoy muy liado con los ex\u00e1menes. Me encantar\u00eda poder actualizarlo con m\u00e1s frecuencia, incluso a diario, pero muchos d\u00edas me quedo sin tiempo. Pero bueno, a lo que vamos!Seg\u00fan AEMET en su resumen mensual,\u00a0noviembre ha sido muy c\u00e1lido en general, con [&hellip;]<!-- AddThis Advanced Settings generic via filter on get_the_excerpt --><!-- AddThis Share Buttons generic via filter on get_the_excerpt --><\/p>\n","protected":false},"author":3,"featured_media":0,"comment_status":"open","ping_status":"closed","sticky":false,"template":"","format":"standard","meta":[],"categories":[3],"tags":[],"_links":{"self":[{"href":"https:\/\/blogs.hoy.es\/meteobadajoz\/wp-json\/wp\/v2\/posts\/91"}],"collection":[{"href":"https:\/\/blogs.hoy.es\/meteobadajoz\/wp-json\/wp\/v2\/posts"}],"about":[{"href":"https:\/\/blogs.hoy.es\/meteobadajoz\/wp-json\/wp\/v2\/types\/post"}],"author":[{"embeddable":true,"href":"https:\/\/blogs.hoy.es\/meteobadajoz\/wp-json\/wp\/v2\/users\/3"}],"replies":[{"embeddable":true,"href":"https:\/\/blogs.hoy.es\/meteobadajoz\/wp-json\/wp\/v2\/comments?post=91"}],"version-history":[{"count":0,"href":"https:\/\/blogs.hoy.es\/meteobadajoz\/wp-json\/wp\/v2\/posts\/91\/revisions"}],"wp:attachment":[{"href":"https:\/\/blogs.hoy.es\/meteobadajoz\/wp-json\/wp\/v2\/media?parent=91"}],"wp:term":[{"taxonomy":"category","embeddable":true,"href":"https:\/\/blogs.hoy.es\/meteobadajoz\/wp-json\/wp\/v2\/categories?post=91"},{"taxonomy":"post_tag","embeddable":true,"href":"https:\/\/blogs.hoy.es\/meteobadajoz\/wp-json\/wp\/v2\/tags?post=91"}],"curies":[{"name":"wp","href":"https:\/\/api.w.org\/{rel}","templated":true}]}}