{"id":93,"date":"2011-10-19T20:49:00","date_gmt":"2011-10-19T20:49:00","guid":{"rendered":"http:\/\/blogs.hoy.es\/meteobadajoz\/2011\/10\/19\/regresa-la-inestabilidad-prediccion-fin-de-semana\/"},"modified":"2011-10-19T20:49:00","modified_gmt":"2011-10-19T20:49:00","slug":"regresa-la-inestabilidad-prediccion-fin-de-semana","status":"publish","type":"post","link":"https:\/\/blogs.hoy.es\/meteobadajoz\/2011\/10\/19\/regresa-la-inestabilidad-prediccion-fin-de-semana\/","title":{"rendered":"Regresa la inestabilidad: Predicci\u00f3n fin de semana"},"content":{"rendered":"<p>Muy buenas, llevamos 48 d\u00edas sin ver caer ni una sola gota por las comarcas m\u00e1s occidentales de Extremadura (desde aquel episodio de lluvias que tuvo lugar el 1 de Septiembre). Pero ya desde el pasado fin de semana los modelos mostraban una clara tendencia a la inestabilidad, y a d\u00eda de hoy casi confirman la llegada de cambios desde el Atl\u00e1ntico para el pr\u00f3ximo fin de semana, \u00a1comenzamos!<\/p>\n<p>Primero empezamos con la \u00faltima imagen del sat\u00e9lite Meteosat en la que podemos observar como la cola de ese debilitado sistema frontal ha rozado el norte peninsular, tras \u00e9l se cuela una masa de aire m\u00e1s fresca que la que encontramos ahora sobre la pen\u00ednsula, de ah\u00ed el descenso de temperaturas que hemos tenido hoy.<\/p>\n<div style=\"clear: both;text-align: center\"><a href=\"http:\/\/1.bp.blogspot.com\/-sPoj1RVinSA\/Tp8eq82nYEI\/AAAAAAAAAKI\/GLZvgmrdLs0\/s1600\/Captura2s.PNG\" rel=\"external nofollow\"><img loading=\"lazy\" border=\"0\" height=\"446\" src=\"\/\/1.bp.blogspot.com\/-sPoj1RVinSA\/Tp8eq82nYEI\/AAAAAAAAAKI\/GLZvgmrdLs0\/s640\/Captura2s.PNG\" width=\"640\" \/><\/a><\/div>\n<p><b><span style=\"color: orange\">Imagen ampliada.<\/span><\/b><br \/><b><span style=\"color: orange\"><br \/><\/span><\/b><\/p>\n<div style=\"clear: both;text-align: center\"><a href=\"http:\/\/4.bp.blogspot.com\/-c8AiysgAhYU\/Tp8gBeCFQFI\/AAAAAAAAAKQ\/1pqMtVqCpqg\/s1600\/Captura22.PNG\" rel=\"external nofollow\"><img loading=\"lazy\" border=\"0\" height=\"444\" src=\"\/\/4.bp.blogspot.com\/-c8AiysgAhYU\/Tp8gBeCFQFI\/AAAAAAAAAKQ\/1pqMtVqCpqg\/s640\/Captura22.PNG\" width=\"640\" \/><\/a><\/div>\n<p>Si nos metemos ya en previsi\u00f3n, como\u00a0dec\u00eda\u00a0anteriormente, los modelos\u00a0atisban\u00a0cambios de cara al fin de semana, pero sobre todo para comienzos de la pr\u00f3ximas semana.<\/p>\n<p><span style=\"color: orange\"><b>Animaci\u00f3n del modelo GFS 500 hPa (Geopotencial + isobaras).<\/b><\/span><br \/><span style=\"color: orange\"><b><br \/><\/b><\/span><br \/>La siguiente animaci\u00f3n nos muestra como se va a desarrollar la situaci\u00f3n para los pr\u00f3ximos d\u00edas. Actualmente tenemos al anticicl\u00f3n de las Azores situado ligeramente al norte de su archipi\u00e9lago y desde all\u00ed ejerce su influencia a todo el oeste del continente europeo, pues bien, para las pr\u00f3ximas horas comenzar\u00e1 a dividirse por su parte central, una parte se desplazar\u00e1 en sentido oeste\u00a0situ\u00e1ndose\u00a0al suroeste del archipi\u00e9lago de las Azores, mientras que la otra parte se desplazar\u00e1 hacia el este, hacia el centro-norte de Europa. Las consecuencias que tendr\u00e1 esa situaci\u00f3n ser\u00e1n inmediata, ya que desde el Atl\u00e1ntico norte se empezar\u00e1 a descolgar una borrasca, que a la vez arrastrar\u00e1 una profunda vaguada. Esa vaguada junto con la borrasca se posicionar\u00e1n al oeste de la pen\u00ednsula para las jornadas del domingo y lunes. Asociada a la borrasca viajar\u00e1 un enorme y potente sistema frontal fr\u00edo que impactar\u00e1 contra la pen\u00ednsula durante la tarde-noche del domingo y la madrugada del lunes, as\u00ed que\u00a0estar\u00edamos\u00a0hablando posiblemente de una noche lluviosa en gran parte del oeste\u00a0peninsular. Tambi\u00e9n destacar lo juntas que se van a encontrar las isobaras, por lo que POSIBLEMENTE tendremos vientos de cierta intensidad, sobre todo durante la jornada del lunes 24.<\/p>\n<p>NOTA: En las \u00faltimas actualizaciones de los modelos, se muestra la formaci\u00f3n de una ciclog\u00e9nesis explosiva.<br \/><span style=\"color: orange\"><b><br \/><\/b><\/span><\/p>\n<div style=\"clear: both;text-align: center\"><a href=\"http:\/\/4.bp.blogspot.com\/-QAY5pzGcgLM\/Tp8ifJ7ruuI\/AAAAAAAAAKg\/x4jrOfttOMs\/s1600\/500hpa.gif\" rel=\"external nofollow\"><img border=\"0\" src=\"\/\/4.bp.blogspot.com\/-QAY5pzGcgLM\/Tp8ifJ7ruuI\/AAAAAAAAAKg\/x4jrOfttOMs\/s1600\/500hpa.gif\" \/><\/a><\/div>\n<p><span style=\"color: orange\"><b><br \/><\/b><\/span><br \/><span style=\"color: orange\"><b>Animaci\u00f3n del modelo GFS (Lluvias) <\/b><\/span><br \/><span style=\"color: orange\"><b><br \/><\/b><\/span><br \/>Como comentaba antes, el impacto del frente fr\u00edo dejar\u00e1 importantes acumulaciones de lluvia en toda la fachada Atl\u00e1ntica, ya que el frente tendr\u00e1 much\u00edsimo recorrido mar\u00edtimo, por lo que se cargar\u00e1 de abundante humedad, pero tambi\u00e9n habr\u00e1 que estar pendiente de las jornadas de s\u00e1bado y \u00a0sobre todo domingo, ya que la aproximaci\u00f3n del frente PUEDE ocasionar la aparici\u00f3n de chubascos y\u00a0tormentas\u00a0pre-frontales\u00a0en el interior de la pen\u00ednsula, lo vemos en la animaci\u00f3n:<\/p>\n<div style=\"clear: both;text-align: center\"><a href=\"http:\/\/4.bp.blogspot.com\/-NPHv0QAKBZA\/Tp8mLGq_35I\/AAAAAAAAAKo\/k-OKfe0qDyI\/s1600\/Precipitaci%25C3%25B3n2.gif\" rel=\"external nofollow\"><img border=\"0\" src=\"\/\/4.bp.blogspot.com\/-NPHv0QAKBZA\/Tp8mLGq_35I\/AAAAAAAAAKo\/k-OKfe0qDyI\/s1600\/Precipitaci%25C3%25B3n2.gif\" \/><\/a><\/div>\n<div style=\"clear: both;text-align: left\"><\/div>\n<div style=\"clear: both;text-align: left\">Detalle de la acumulaci\u00f3n de lluvia prevista para el lunes 24 de Octubre a las 08:00 de la ma\u00f1ana. \u00a1\u00a1Espectacular!!<\/div>\n<div style=\"clear: both;text-align: center\"><\/div>\n<div style=\"clear: both;text-align: center\"><a href=\"http:\/\/1.bp.blogspot.com\/-o_hZLrdZjhY\/Tp8nJrr8_ZI\/AAAAAAAAAK4\/N8biB5OmQvE\/s1600\/gfs-2-114.png\" rel=\"external nofollow\"><img loading=\"lazy\" border=\"0\" height=\"426\" src=\"\/\/1.bp.blogspot.com\/-o_hZLrdZjhY\/Tp8nJrr8_ZI\/AAAAAAAAAK4\/N8biB5OmQvE\/s640\/gfs-2-114.png\" width=\"640\" \/><\/a><\/div>\n<div style=\"clear: both;text-align: left\"><\/div>\n<div style=\"clear: both;text-align: left\">Chubascos\u00a0pre-frontales\u00a0en la jornada del domingo.<\/div>\n<div style=\"clear: both;text-align: left\"><\/div>\n<div style=\"clear: both;text-align: center\"><a href=\"http:\/\/foro.tiempo.com\/index.php?action=dlattach;topic=135112.0;attach=180514;image\" rel=\"external nofollow\"><img border=\"0\" src=\"\/\/foro.tiempo.com\/index.php?action=dlattach;topic=135112.0;attach=180514;image\" \/><\/a><\/div>\n<div style=\"clear: both;text-align: center\"><a href=\"http:\/\/foro.tiempo.com\/index.php?action=dlattach;topic=135112.0;attach=180516;image\" rel=\"external nofollow\"><img border=\"0\" src=\"\/\/foro.tiempo.com\/index.php?action=dlattach;topic=135112.0;attach=180516;image\" \/><\/a><\/div>\n<div style=\"clear: both;text-align: left\"><span style=\"color: orange\"><b><br \/><\/b><\/span><\/div>\n<div style=\"clear: both;text-align: left\"><span style=\"color: orange\"><b>Animaci\u00f3n GFS 850 hPa (Temperatura)<\/b><\/span><\/div>\n<div style=\"clear: both;text-align: left\"><span style=\"color: orange\"><b><br \/><\/b><\/span><\/div>\n<div style=\"clear: both;text-align: left\">A parte de la llegada de lluvias tambi\u00e9n hablaremos de un descenso moderado de las temperaturas, tanto m\u00e1ximas como m\u00ednimas, por que acompa\u00f1ando a la borrasca viajar\u00e1 una lengua de aire fr\u00edo en niveles medios de la Troposfera. Arrancar\u00e1 desde la misma zona que la borrasca, es decir, desde el sur de\u00a0Groenlandia\u00a0(Atl\u00e1ntico norte). Despu\u00e9s, al igual que la borrasca, recorrer\u00e1 buena parte del Atl\u00e1ntico norte hasta llegar a la pen\u00ednsula, pero ya m\u00e1s desgastada y no tan fr\u00eda. A\u00fan as\u00ed ser\u00e1 suficiente para provocar un descenso moderado de las temperaturas. Si os\u00a0fij\u00e1is, a cambio de ese descenso en latitud de esa lengua de aire fr\u00edo, por Europa el anticicl\u00f3n obliga a ascender a una gran dorsal con temperaturas positivas a 850 hPa.<\/div>\n<div style=\"clear: both;text-align: left\"><span style=\"color: orange\"><b><br \/><\/b><\/span><\/div>\n<div style=\"clear: both;text-align: left\"><span style=\"color: orange\"><b><br \/><\/b><\/span><\/div>\n<div style=\"clear: both;text-align: center\"><a href=\"http:\/\/4.bp.blogspot.com\/-nLyVEwWRaTg\/Tp8nov58srI\/AAAAAAAAALA\/eKHSBXpxfyI\/s1600\/850hpa.gif\" rel=\"external nofollow\"><img border=\"0\" src=\"\/\/4.bp.blogspot.com\/-nLyVEwWRaTg\/Tp8nov58srI\/AAAAAAAAALA\/eKHSBXpxfyI\/s1600\/850hpa.gif\" \/><\/a><\/div>\n<div style=\"clear: both;text-align: left\"><span style=\"color: orange\"><b><br \/><\/b><\/span><\/div>\n<div style=\"clear: both;text-align: left\"><span style=\"color: orange;font-size: large\"><b>PREDICCI\u00d3N<\/b><\/span><\/div>\n<div style=\"clear: both;text-align: left\"><span style=\"color: orange;font-size: large\"><b><br \/><\/b><\/span><\/div>\n<div style=\"clear: both;text-align: left\">Seg\u00fan la <a href=\"http:\/\/www.aemet.es\/es\/eltiempo\/prediccion\/municipios\/badajoz-id06015#detallada\" rel=\"external nofollow\">AEMET<\/a> para Badajoz:<\/div>\n<div style=\"clear: both;text-align: left\"><\/div>\n<div style=\"clear: both;text-align: left\">Esta es la tabla de predicci\u00f3n que A D\u00cdA DE HOY prev\u00e9 la AEMET. AEMET se basa en el modelo meteorol\u00f3gico ECMWF (Europeo) no en GFS, pero se aprecia mucha semejanza entre ambos, por lo que la predicci\u00f3n es m\u00e1s o menos la misma. A partir del s\u00e1bado comenzar\u00e1n a cambiar las cosas con un aumento de la nubosidad, acabaremos la tarde del s\u00e1bado con abundante nubosidad que llegar\u00e1 desde el sur. Ya en la jornada del domingo las precipitaciones comenzar\u00e1n a afectarnos, adem\u00e1s ya se notar\u00e1 el descenso t\u00e9rmico. Arrancaremos la pr\u00f3xima semana con importantes cambios, seguir\u00e1n bajando las temperaturas, y llegar\u00e1n las \u00a1\u00a1esperadas lluvias!!. Resalto en la tabla la probabilidad de lluvia para el lunes, 100%, vamos que llueve seguro. El viento tambi\u00e9n empezar\u00e1 a soplar con cierta intensidad, rachas de viento de hasta 70 km\/h, por lo que no se descarta que se activen alertas amarillas por viento en varios puntos del oeste y noroeste de la pen\u00ednsula. El martes (con mucha incertidumbre) seguir\u00e1n presente las lluvias y el descenso t\u00e9rmico, con una m\u00ednima prevista de 7\u00baC, aunque eso habr\u00eda que confirmarlo por que con la presencia de la nubosidad no creo que se alcance esa temperatura.<\/div>\n<div style=\"clear: both;text-align: left\"><\/div>\n<div style=\"clear: both;text-align: left\"><\/div>\n<div style=\"clear: both;text-align: center\"><img border=\"0\" src=\"\/\/4.bp.blogspot.com\/-P1GkvjodBSg\/Tp8qtL2VEhI\/AAAAAAAAALI\/Sen0qSj4rmM\/s1600\/Captura2.PNG\" \/><\/div>\n<div style=\"clear: both;text-align: left\"><\/div>\n<div style=\"clear: both;text-align: left\"><span style=\"color: orange;font-size: large\"><b>CONCLUSI\u00d3N<\/b><\/span><\/div>\n<div style=\"clear: both;text-align: left\"><span style=\"color: orange;font-size: large\"><b><br \/><\/b><\/span><\/div>\n<div style=\"clear: both;text-align: left\">En definitiva, tras muchas semanas de sol y temperaturas por encima de la media, ya parece que la cosa empieza\u00a0a cambiar, y es que ya toca. Las precipitaciones descargar\u00e1n en pr\u00e1cticamente toda la pen\u00ednsula de la mano del primer frente fr\u00edo de la temporada y bajar\u00e1n los term\u00f3metros de forma generalizada. Como siempre, recomiendo seguir muy de cerca la evoluci\u00f3n de la\u00a0atm\u00f3sfera\u00a0de cara a los d\u00edas siguientes y sobretodo de esa POSIBLE ciclog\u00e9nesis explosiva . Para ello recomiendo:<\/div>\n<div style=\"clear: both;text-align: left\"><\/div>\n<div style=\"clear: both;text-align: left\"><a href=\"http:\/\/foro.tiempo.com\/modelos-octubre-2011-normas-en-post-1-t135112.180.html\" rel=\"external nofollow\">Foro Meteored: Modelos Octubre 2011<\/a><\/div>\n<div style=\"clear: both;text-align: left\"><a href=\"http:\/\/www.cazatormentas.net\/foro\/seguimiento-de-situaciones-meteorolgicas\/pronostico-modelos-de-prevision-meteorlogica-octubre-2011\/60\/\" rel=\"external nofollow\">Foro de Cazatormentas.net: Modelos Octubre 2011<\/a><\/div>\n<div style=\"clear: both;text-align: left\"><a href=\"http:\/\/meteosuroeste.foroactivo.com\/t51-modelos-y-predicciones-meteorologicas-octubre-2011#343\" rel=\"external nofollow\">Foro Meteosuroeste: Modelos y predicciones Octubre 2011<\/a><\/div>\n<div style=\"clear: both;text-align: left\"><\/div>\n<div style=\"clear: both;text-align: left\"><span style=\"color: orange\"><b>Agradecimientos:<\/b><\/span><\/div>\n<div style=\"clear: both;text-align: left\"><\/div>\n<div style=\"clear: both;text-align: left\"><a href=\"http:\/\/www.aemet.es\/es\/portada\" rel=\"external nofollow\">AEMET<\/a><\/div>\n<div style=\"clear: both;text-align: left\"><a href=\"http:\/\/www.meteociel.fr\/\" rel=\"external nofollow\">Meteociel<\/a><\/div>\n<div style=\"clear: both;text-align: left\"><a href=\"http:\/\/sat24.com\/\" rel=\"external nofollow\">Sat24.com<\/a><\/div>\n<div style=\"clear: both;text-align: left\"><a href=\"http:\/\/www.cazatormentas.net\/foro\/index.php\" rel=\"external nofollow\">Foro Cazatormentas.net<\/a><\/div>\n<div style=\"clear: both;text-align: left\"><a href=\"http:\/\/foro.tiempo.com\/\" rel=\"external nofollow\">Foro Meteored (foro.tiempo.com)<\/a><\/div>\n<div style=\"clear: both;text-align: left\"><a href=\"http:\/\/meteosuroeste.foroactivo.com\/\" rel=\"external nofollow\">Foro Meteosuroeste<\/a><span><\/span><span><\/span><a href=\"http:\/\/www.blogger.com\/\" rel=\"external nofollow\"><\/a><\/div>\n<p><span style=\"color: orange\"><b><span><\/span><span><\/span><\/b><\/span><\/p>\n<!-- AddThis Advanced Settings generic via filter on the_content --><!-- AddThis Share Buttons generic via filter on the_content -->","protected":false},"excerpt":{"rendered":"<p>Muy buenas, llevamos 48 d\u00edas sin ver caer ni una sola gota por las comarcas m\u00e1s occidentales de Extremadura (desde aquel episodio de lluvias que tuvo lugar el 1 de Septiembre). Pero ya desde el pasado fin de semana los modelos mostraban una clara tendencia a la inestabilidad, y a d\u00eda de hoy casi confirman [&hellip;]<!-- AddThis Advanced Settings generic via filter on get_the_excerpt --><!-- AddThis Share Buttons generic via filter on get_the_excerpt --><\/p>\n","protected":false},"author":3,"featured_media":0,"comment_status":"open","ping_status":"closed","sticky":false,"template":"","format":"standard","meta":[],"categories":[3],"tags":[],"_links":{"self":[{"href":"https:\/\/blogs.hoy.es\/meteobadajoz\/wp-json\/wp\/v2\/posts\/93"}],"collection":[{"href":"https:\/\/blogs.hoy.es\/meteobadajoz\/wp-json\/wp\/v2\/posts"}],"about":[{"href":"https:\/\/blogs.hoy.es\/meteobadajoz\/wp-json\/wp\/v2\/types\/post"}],"author":[{"embeddable":true,"href":"https:\/\/blogs.hoy.es\/meteobadajoz\/wp-json\/wp\/v2\/users\/3"}],"replies":[{"embeddable":true,"href":"https:\/\/blogs.hoy.es\/meteobadajoz\/wp-json\/wp\/v2\/comments?post=93"}],"version-history":[{"count":0,"href":"https:\/\/blogs.hoy.es\/meteobadajoz\/wp-json\/wp\/v2\/posts\/93\/revisions"}],"wp:attachment":[{"href":"https:\/\/blogs.hoy.es\/meteobadajoz\/wp-json\/wp\/v2\/media?parent=93"}],"wp:term":[{"taxonomy":"category","embeddable":true,"href":"https:\/\/blogs.hoy.es\/meteobadajoz\/wp-json\/wp\/v2\/categories?post=93"},{"taxonomy":"post_tag","embeddable":true,"href":"https:\/\/blogs.hoy.es\/meteobadajoz\/wp-json\/wp\/v2\/tags?post=93"}],"curies":[{"name":"wp","href":"https:\/\/api.w.org\/{rel}","templated":true}]}}