{"id":94,"date":"2011-09-29T20:29:00","date_gmt":"2011-09-29T20:29:00","guid":{"rendered":"http:\/\/blogs.hoy.es\/meteobadajoz\/2011\/09\/29\/adios-a-los-cambios-que-veian-los-modelos-para-principios-de-octubre\/"},"modified":"2011-09-29T20:29:00","modified_gmt":"2011-09-29T20:29:00","slug":"adios-a-los-cambios-que-veian-los-modelos-para-principios-de-octubre","status":"publish","type":"post","link":"https:\/\/blogs.hoy.es\/meteobadajoz\/2011\/09\/29\/adios-a-los-cambios-que-veian-los-modelos-para-principios-de-octubre\/","title":{"rendered":"Adi\u00f3s a los cambios que ve\u00edan los modelos para principios de Octubre"},"content":{"rendered":"<p>Hace algunas jornadas, los modelos reflejaban una posible\u00a0situaci\u00f3n\u00a0de inestabilidad en gran parte del oeste de la pen\u00ednsula. Una vez m\u00e1s hemos aprendido que la previsi\u00f3n a m\u00e1s de 4 o 5 d\u00edas vista no es demasiado fiable, y m\u00e1s en esta \u00e9poca. A d\u00eda de hoy modelos como GFS o ECMWF (Europeo) han descartado ya la posibilidad de que tengamos lluvias a principio de Octubre, as\u00ed que habr\u00e1 que seguir esperando.<\/p>\n<p>Para empezar, como viene siendo\u00a0habitual, la \u00faltima\u00a0imagen\u00a0del <span style=\"color: orange\"><b>sat\u00e9lite Meteosat-9<\/b><\/span> en el modo vapor de agua. Personalmente me encanta este modo del\u00a0sat\u00e9lite\u00a0Meteosat porque se puede apreciar con mucha facilidad hasta una simple baja t\u00e9rmica.<\/p>\n<p>En ella vemos, en azul, la enorme vaguada que se empieza a descolgar hacia el Atl\u00e1ntico, (en rojo) la dorsal que impulsa el anticicl\u00f3n centroeuropeo y, en verde, peque\u00f1os\u00a0n\u00facleos\u00a0convectivos que crecen en el tramo sur del frente (la causa de su formaci\u00f3n puede ser porque en esa zona viaje alguna masa de aire subtropical).<\/p>\n<div style=\"clear: both;text-align: center\"><\/div>\n<div style=\"clear: both;text-align: center\"><a href=\"http:\/\/4.bp.blogspot.com\/-4JrCmsQGB_o\/ToTCeRGWMWI\/AAAAAAAAAJ8\/yBm7PzcP_lU\/s1600\/AtlanticWV_62.png\" rel=\"external nofollow\"><img loading=\"lazy\" border=\"0\" height=\"396\" src=\"\/\/4.bp.blogspot.com\/-4JrCmsQGB_o\/ToTCeRGWMWI\/AAAAAAAAAJ8\/yBm7PzcP_lU\/s640\/AtlanticWV_62.png\" width=\"640\" \/><\/a><\/div>\n<p><span style=\"color: orange\"><b>Animaci\u00f3n del modelos GFS (Geopotencial + isobaras)<\/b><\/span><br \/><span style=\"color: orange\"><b><br \/><\/b><\/span><br \/>En principio, la vaguada atl\u00e1ntica terminar\u00e1 descolgando una masa de aire fr\u00edo en altura y, quedar\u00e1 aislada. Luego, en vez de continuar su avance hacia la pen\u00ednsula, realizar\u00e1 un movimiento retrogrado hacia el este, desafiando la circulaci\u00f3n general, acabar\u00e1 siendo\u00a0reabsorbida\u00a0por otra vaguada. A la vez que se desplaza esa DANA hacia el este, el anticicl\u00f3n centroeuropeo trasladar\u00e1 su centro hacia la pen\u00ednsula y, d\u00edas despu\u00e9s se colocar\u00e1 sobre las Islas Brit\u00e1nicas. La\u00a0pen\u00ednsula, por tanto,\u00a0quedar\u00e1 bajo la influencia de las altas presiones, Sol y temperaturas agradables.<\/p>\n<div style=\"clear: both;text-align: center\"><a href=\"http:\/\/4.bp.blogspot.com\/-GPBVK4eYii0\/ToTFKfjLLYI\/AAAAAAAAAKA\/5j9uLE8oPhE\/s1600\/animacionGFS.gif\" rel=\"external nofollow\"><img border=\"0\" src=\"\/\/4.bp.blogspot.com\/-GPBVK4eYii0\/ToTFKfjLLYI\/AAAAAAAAAKA\/5j9uLE8oPhE\/s1600\/animacionGFS.gif\" \/><\/a><\/div>\n<p><span style=\"color: orange\"><b><br \/><\/b><\/span><br \/><span style=\"color: orange\"><b>Animaci\u00f3n del modelos GFS (Temperatura a 850 hPa)<\/b><\/span><br \/><span style=\"color: orange\"><b><br \/><\/b><\/span><br \/>Tras el desplazamiento de los centros de acci\u00f3n, el anticicl\u00f3n que acabar\u00e1 en las Islas Brit\u00e1nicas, impulsar\u00e1 desde su posici\u00f3n una masa de aire fr\u00edo desde el norte de Europa, a la vez que una enorme dorsal asciende por el Atl\u00e1ntico hasta tocar Islandia. Lo vemos&#8230; .<\/p>\n<div style=\"clear: both;text-align: center\"><a href=\"http:\/\/4.bp.blogspot.com\/-Ux45Wff9Ni8\/ToTHzPmKLwI\/AAAAAAAAAKE\/817kdk6LPZo\/s1600\/animacionGFS_2.gif\" rel=\"external nofollow\"><img border=\"0\" src=\"\/\/4.bp.blogspot.com\/-Ux45Wff9Ni8\/ToTHzPmKLwI\/AAAAAAAAAKE\/817kdk6LPZo\/s1600\/animacionGFS_2.gif\" \/><\/a><\/div>\n<p>\u00a0En definitiva, vamos a continuar con tiempo estable y seco. Ya llevamos desde el 1 de Septiembre sin ver agua por tierras extreme\u00f1as, esperemos que Octubre nos deje m\u00e1s movimiento en cuanto a lluvias.<br \/>Bueno, pues espero que os haya gustado este peque\u00f1o an\u00e1lisis de la situaci\u00f3n.<\/p>\n<p>\u00a1\u00a1Saludos desde Badajoz!!<\/p>\n<!-- AddThis Advanced Settings generic via filter on the_content --><!-- AddThis Share Buttons generic via filter on the_content -->","protected":false},"excerpt":{"rendered":"<p>Hace algunas jornadas, los modelos reflejaban una posible\u00a0situaci\u00f3n\u00a0de inestabilidad en gran parte del oeste de la pen\u00ednsula. Una vez m\u00e1s hemos aprendido que la previsi\u00f3n a m\u00e1s de 4 o 5 d\u00edas vista no es demasiado fiable, y m\u00e1s en esta \u00e9poca. A d\u00eda de hoy modelos como GFS o ECMWF (Europeo) han descartado ya [&hellip;]<!-- AddThis Advanced Settings generic via filter on get_the_excerpt --><!-- AddThis Share Buttons generic via filter on get_the_excerpt --><\/p>\n","protected":false},"author":3,"featured_media":0,"comment_status":"open","ping_status":"closed","sticky":false,"template":"","format":"standard","meta":[],"categories":[3],"tags":[],"_links":{"self":[{"href":"https:\/\/blogs.hoy.es\/meteobadajoz\/wp-json\/wp\/v2\/posts\/94"}],"collection":[{"href":"https:\/\/blogs.hoy.es\/meteobadajoz\/wp-json\/wp\/v2\/posts"}],"about":[{"href":"https:\/\/blogs.hoy.es\/meteobadajoz\/wp-json\/wp\/v2\/types\/post"}],"author":[{"embeddable":true,"href":"https:\/\/blogs.hoy.es\/meteobadajoz\/wp-json\/wp\/v2\/users\/3"}],"replies":[{"embeddable":true,"href":"https:\/\/blogs.hoy.es\/meteobadajoz\/wp-json\/wp\/v2\/comments?post=94"}],"version-history":[{"count":0,"href":"https:\/\/blogs.hoy.es\/meteobadajoz\/wp-json\/wp\/v2\/posts\/94\/revisions"}],"wp:attachment":[{"href":"https:\/\/blogs.hoy.es\/meteobadajoz\/wp-json\/wp\/v2\/media?parent=94"}],"wp:term":[{"taxonomy":"category","embeddable":true,"href":"https:\/\/blogs.hoy.es\/meteobadajoz\/wp-json\/wp\/v2\/categories?post=94"},{"taxonomy":"post_tag","embeddable":true,"href":"https:\/\/blogs.hoy.es\/meteobadajoz\/wp-json\/wp\/v2\/tags?post=94"}],"curies":[{"name":"wp","href":"https:\/\/api.w.org\/{rel}","templated":true}]}}