{"id":95,"date":"2011-09-21T19:26:00","date_gmt":"2011-09-21T19:26:00","guid":{"rendered":"http:\/\/blogs.hoy.es\/meteobadajoz\/2011\/09\/21\/despues-de-todo-el-mes-de-septiembre-sin-apenas-novedades-ya-se-ven-cambios\/"},"modified":"2011-09-21T19:26:00","modified_gmt":"2011-09-21T19:26:00","slug":"despues-de-todo-el-mes-de-septiembre-sin-apenas-novedades-ya-se-ven-cambios","status":"publish","type":"post","link":"https:\/\/blogs.hoy.es\/meteobadajoz\/2011\/09\/21\/despues-de-todo-el-mes-de-septiembre-sin-apenas-novedades-ya-se-ven-cambios\/","title":{"rendered":"Despu\u00e9s de todo el mes de Septiembre sin apenas novedades, ya se ven cambios"},"content":{"rendered":"<div>\n<div>En los \u00faltimos d\u00edas los modelos empiezan a mostrarnos el acercamiento de borrascas desde el Atl\u00e1ntico. Para los pr\u00f3ximos d\u00edas, todo parece indicar que se va a configurar una situaci\u00f3n de bloqueo centroeuropeo, es decir, un anticicl\u00f3n se va a colocar en el centro de Europa, provocando una situaci\u00f3n en la que las borrascas no podr\u00e1n avanzar hacia el centro del continente Europeo, ni tampoco por el norte. De \u00e9sta forma, las borrascas atl\u00e1nticas junto con sus frentes asociados y vaguadas podr\u00edan llegar a la pen\u00ednsula de cara a finales de este mes. Adem\u00e1s, como no podr\u00e1n avanzar, podr\u00edan quedarse est\u00e1ticas al suroeste de la pen\u00ednsula y despu\u00e9s cruzar hacia el Mediterr\u00e1neo a trav\u00e9s del estrecho de Gibraltar complicando mucho el tiempo en la fachada mediterr\u00e1nea. Pero quedan muchos d\u00edas hasta la fecha, as\u00ed que no nos podemos fiar demasiado.<\/div>\n<div>De momento, en la \u00faltima salida del modelo GFS (12Z), para el d\u00eda 30 de Septiembre podr\u00edamos tener la llegada del primer frente fr\u00edo del Oto\u00f1o 2011 y afectar\u00eda a todo el oeste de la pen\u00ednsula!!! Veremos&#8230;.<\/div>\n<div><\/div>\n<div><b><span style=\"color: orange\">Modelo GFS isobaras + temperatura 500hPa \u00a0(29 de Septiembre)<\/span><\/b><\/div>\n<div style=\"clear: both;text-align: center\"><\/div>\n<div><b><span style=\"color: orange\"><br \/><\/span><\/b><\/div>\n<div>Para esa fecha ya se habr\u00e1 colocado un anticicl\u00f3n de 1025 hPa en el entorno de centroeuropa y tambi\u00e9n hacia el norte.<\/div>\n<div>Como vemos, las borrascas quedan frenadas y se ven obligadas a desplazarse hacia el norte, o hacia el sur en forma de vaguada.<\/div>\n<div><\/div>\n<div style=\"clear: both;text-align: center\"><a href=\"http:\/\/1.bp.blogspot.com\/-vITcCy8W06g\/TnownFeoDfI\/AAAAAAAAAJE\/uIlN5_dgYzM\/s1600\/Rtavn1921.png\" rel=\"external nofollow\"><img loading=\"lazy\" border=\"0\" height=\"524\" src=\"\/\/1.bp.blogspot.com\/-vITcCy8W06g\/TnownFeoDfI\/AAAAAAAAAJE\/uIlN5_dgYzM\/s640\/Rtavn1921.png\" width=\"640\" \/><\/a><\/div>\n<div><b><span style=\"color: orange\"><br \/><\/span><\/b><\/div>\n<div><b><span style=\"color: orange\">GFS Lluvias (29 de Septiembre)<\/span><\/b><\/div>\n<div><b><span style=\"color: orange\"><br \/><\/span><\/b><\/div>\n<div>Ya tendr\u00edamos un jugoso frente fr\u00edo a las puertas de la pen\u00ednsula, incluso se extiende hasta el norte del\u00a0archipi\u00e9lago\u00a0canario.<\/div>\n<div><\/div>\n<div style=\"clear: both;text-align: center\"><a href=\"http:\/\/3.bp.blogspot.com\/-6VxxkOA46eM\/TnowqxxmZQI\/AAAAAAAAAJI\/FfONetLk41M\/s1600\/Rtavn1924.png\" rel=\"external nofollow\"><img loading=\"lazy\" border=\"0\" height=\"531\" src=\"\/\/3.bp.blogspot.com\/-6VxxkOA46eM\/TnowqxxmZQI\/AAAAAAAAAJI\/FfONetLk41M\/s640\/Rtavn1924.png\" width=\"640\" \/><\/a><\/div>\n<div><b><span style=\"color: orange\"><br \/><\/span><\/b><\/div>\n<div><b><span style=\"color: orange\">GFS isobaras + temperatura 500 hPa (30 de Septiembre)<\/span><\/b><\/div>\n<div><b><span style=\"color: orange\"><br \/><\/span><\/b><\/div>\n<div>Parece que el anticicl\u00f3n se refuerza (1030 hPa) y esa vaguada se acerca un poco m\u00e1s hacia la pen\u00ednsula.<\/div>\n<div><\/div>\n<div style=\"clear: both;text-align: center\"><a href=\"http:\/\/3.bp.blogspot.com\/-bXANMnhPW0U\/TnowtPYpYBI\/AAAAAAAAAJM\/f7bTxQ8eOg4\/s1600\/Rtavn2161.png\" rel=\"external nofollow\"><img loading=\"lazy\" border=\"0\" height=\"524\" src=\"\/\/3.bp.blogspot.com\/-bXANMnhPW0U\/TnowtPYpYBI\/AAAAAAAAAJM\/f7bTxQ8eOg4\/s640\/Rtavn2161.png\" width=\"640\" \/><\/a><\/div>\n<div><b><span style=\"color: orange\"><br \/><\/span><\/b><\/div>\n<div><b><span style=\"color: orange\">GFS Lluvias (30 de Septiembre)<\/span><\/b><\/div>\n<div><b><span style=\"color: orange\"><br \/><\/span><\/b><\/div>\n<div>El frente fr\u00edo penetrar\u00e1 por el noroeste peninsular y\u00a0repartir\u00eda\u00a0lluvias a todo el oeste y centro. (Cabe destacar que en la salida anterior (06Z) la cantidad de precipitaci\u00f3n para esta jornada era mayor, pero a\u00fan as\u00ed, el frente no estar\u00eda nada mal)<\/div>\n<div><\/div>\n<div style=\"clear: both;text-align: center\"><a href=\"http:\/\/2.bp.blogspot.com\/-q6nQWxusosI\/TnowzCPeLKI\/AAAAAAAAAJU\/Uj3W_0or8Wg\/s1600\/Rtavn2164.png\" rel=\"external nofollow\"><img loading=\"lazy\" border=\"0\" height=\"530\" src=\"\/\/2.bp.blogspot.com\/-q6nQWxusosI\/TnowzCPeLKI\/AAAAAAAAAJU\/Uj3W_0or8Wg\/s640\/Rtavn2164.png\" width=\"640\" \/><\/a><\/div>\n<div><b><span style=\"color: orange\"><br \/><\/span><\/b><\/div>\n<div><b><span style=\"color: orange\">GFS temperatura 850 hPa (30 de Septiembre)<\/span><\/b><\/div>\n<div><b><span style=\"color: orange\"><br \/><\/span><\/b><\/div>\n<div>En cuanto a las temperaturas, esa vaguada vendr\u00e1 acompa\u00f1ada de temperaturas a 850 hPa de entorno a 5\u00baC (en general), a nosotros nos afectar\u00e1 la isoterma de entre 10\u00baC a 15\u00baC, puede equivaler a temperaturas en superficie rondando los 25\u00baC m\u00e1s o menos.<\/div>\n<div><\/div>\n<div style=\"clear: both;text-align: center\"><a href=\"http:\/\/4.bp.blogspot.com\/-v-eXpGZPlxk\/TnowwaY5o8I\/AAAAAAAAAJQ\/jNzhLD0gma8\/s1600\/Rtavn2162.png\" rel=\"external nofollow\"><img loading=\"lazy\" border=\"0\" height=\"524\" src=\"\/\/4.bp.blogspot.com\/-v-eXpGZPlxk\/TnowwaY5o8I\/AAAAAAAAAJQ\/jNzhLD0gma8\/s640\/Rtavn2162.png\" width=\"640\" \/><\/a><\/div>\n<div><b><span style=\"color: orange\"><br \/><\/span><\/b><\/div>\n<div>Insisto en la poca fiabilidad que tienen los modelos en \u00e9pocas del a\u00f1o como \u00e9sta, de transici\u00f3n del verano al invierno, en la que el aire en superficie se encuentra bastante caliente, mientras que en altura, ya empezamos a encontrar masas de aire mas fr\u00edas. No queda otra que seguir esperando y viendo diariamente la evoluci\u00f3n de los modelos.<\/div>\n<div><\/div>\n<div>\u00a1\u00a1\u00a1Saludos desde Badajoz!!!<\/div>\n<\/div>\n<!-- AddThis Advanced Settings generic via filter on the_content --><!-- AddThis Share Buttons generic via filter on the_content -->","protected":false},"excerpt":{"rendered":"<p>En los \u00faltimos d\u00edas los modelos empiezan a mostrarnos el acercamiento de borrascas desde el Atl\u00e1ntico. Para los pr\u00f3ximos d\u00edas, todo parece indicar que se va a configurar una situaci\u00f3n de bloqueo centroeuropeo, es decir, un anticicl\u00f3n se va a colocar en el centro de Europa, provocando una situaci\u00f3n en la que las borrascas no [&hellip;]<!-- AddThis Advanced Settings generic via filter on get_the_excerpt --><!-- AddThis Share Buttons generic via filter on get_the_excerpt --><\/p>\n","protected":false},"author":3,"featured_media":0,"comment_status":"open","ping_status":"closed","sticky":false,"template":"","format":"standard","meta":[],"categories":[3],"tags":[],"_links":{"self":[{"href":"https:\/\/blogs.hoy.es\/meteobadajoz\/wp-json\/wp\/v2\/posts\/95"}],"collection":[{"href":"https:\/\/blogs.hoy.es\/meteobadajoz\/wp-json\/wp\/v2\/posts"}],"about":[{"href":"https:\/\/blogs.hoy.es\/meteobadajoz\/wp-json\/wp\/v2\/types\/post"}],"author":[{"embeddable":true,"href":"https:\/\/blogs.hoy.es\/meteobadajoz\/wp-json\/wp\/v2\/users\/3"}],"replies":[{"embeddable":true,"href":"https:\/\/blogs.hoy.es\/meteobadajoz\/wp-json\/wp\/v2\/comments?post=95"}],"version-history":[{"count":0,"href":"https:\/\/blogs.hoy.es\/meteobadajoz\/wp-json\/wp\/v2\/posts\/95\/revisions"}],"wp:attachment":[{"href":"https:\/\/blogs.hoy.es\/meteobadajoz\/wp-json\/wp\/v2\/media?parent=95"}],"wp:term":[{"taxonomy":"category","embeddable":true,"href":"https:\/\/blogs.hoy.es\/meteobadajoz\/wp-json\/wp\/v2\/categories?post=95"},{"taxonomy":"post_tag","embeddable":true,"href":"https:\/\/blogs.hoy.es\/meteobadajoz\/wp-json\/wp\/v2\/tags?post=95"}],"curies":[{"name":"wp","href":"https:\/\/api.w.org\/{rel}","templated":true}]}}