{"id":96,"date":"2011-09-16T20:07:00","date_gmt":"2011-09-16T20:07:00","guid":{"rendered":"http:\/\/blogs.hoy.es\/meteobadajoz\/2011\/09\/16\/mis-ultimas-fotos\/"},"modified":"2011-09-16T20:07:00","modified_gmt":"2011-09-16T20:07:00","slug":"mis-ultimas-fotos","status":"publish","type":"post","link":"https:\/\/blogs.hoy.es\/meteobadajoz\/2011\/09\/16\/mis-ultimas-fotos\/","title":{"rendered":"Mis \u00faltimas fotos"},"content":{"rendered":"<p>Hola bloger@s aqu\u00ed os dejo las \u00faltimas\u00a0fotograf\u00edas\u00a0que he tomado en los dos \u00faltimos meses en Badajoz.<\/p>\n<p>Tras varios d\u00edas de Agosto de much\u00edsimo calor (<span style=\"color: red\"><b>41.7\u00baC<\/b><\/span> el d\u00eda 19), la atm\u00f3sfera se encontraba muy sensible ante la llegada de cualquier masa de aire fr\u00edo, por muy poco importante que fuera. Por eso, sobre todo a finales del mes de Agosto\u00a0tuvieron\u00a0lugar algunos cambios.<\/p>\n<p>La verdad es que en lo que va de Septiembre, quitando la jornada del jueves 1 en la que el paso de una peque\u00f1a DANA por el SW peninsular nos dej\u00f3 la formaci\u00f3n de algunos chubascos y tormentas que afectaron a muchos puntos de Extremadura. Podemos decir que el resto del mes ha transcurrido con la presencia absoluta de las altas presiones, por tanto, sin mayores consecuencias.<br \/>Estas im\u00e1genes son del mes de Agosto y principios de Septiembre.<\/p>\n<p><span style=\"color: orange\"><b>Principios de Agosto.<\/b><\/span><\/p>\n<div style=\"clear: both;text-align: center\"><a href=\"http:\/\/2.bp.blogspot.com\/-T5PYDEYPv7g\/TnOgkm84IqI\/AAAAAAAAAIU\/XoGYP6ZzoeU\/s1600\/DSCF3212.JPG\" rel=\"external nofollow\"><img loading=\"lazy\" border=\"0\" height=\"480\" src=\"\/\/2.bp.blogspot.com\/-T5PYDEYPv7g\/TnOgkm84IqI\/AAAAAAAAAIU\/XoGYP6ZzoeU\/s640\/DSCF3212.JPG\" width=\"640\" \/><\/a><\/div>\n<p><b><span style=\"color: orange\">Nubes de evoluci\u00f3n durante la tarde que no dejaron consecuencias salvo alguna tormenta en Portugal&#8230;..<\/span><\/b><\/p>\n<div style=\"clear: both;text-align: center\"><a href=\"http:\/\/3.bp.blogspot.com\/-R3HbMpQqewc\/TnOgakniSlI\/AAAAAAAAAII\/LvkwWDa0mmc\/s1600\/DSCF3200.JPG\" rel=\"external nofollow\"><img loading=\"lazy\" border=\"0\" height=\"480\" src=\"\/\/3.bp.blogspot.com\/-R3HbMpQqewc\/TnOgakniSlI\/AAAAAAAAAII\/LvkwWDa0mmc\/s640\/DSCF3200.JPG\" width=\"640\" \/><\/a><\/div>\n<div style=\"clear: both;text-align: center\"><\/div>\n<div style=\"clear: both;text-align: center\"><a href=\"http:\/\/3.bp.blogspot.com\/-03g8bTgVu7E\/TnOiSo9YEmI\/AAAAAAAAAI8\/cWaMHZnjf7c\/s1600\/DSCF3126.JPG\" rel=\"external nofollow\"><img loading=\"lazy\" border=\"0\" height=\"480\" src=\"\/\/3.bp.blogspot.com\/-03g8bTgVu7E\/TnOiSo9YEmI\/AAAAAAAAAI8\/cWaMHZnjf7c\/s640\/DSCF3126.JPG\" width=\"640\" \/><\/a><\/div>\n<p><b><span style=\"color: orange\">Este es un v\u00eddeo a\u00a0c\u00e1mara\u00a0r\u00e1pida de esa peque\u00f1a tormenta que se form\u00f3 en Portugal!<\/span><\/b><\/p>\n<div style=\"clear: both;text-align: center\"><\/div>\n<p><\/p>\n<div style=\"clear: both;text-align: center\"><\/div>\n<p><b><span style=\"color: orange\">&#8230;. pero anunciaban la llegada de cambios. Las nubes de desarrollo durante los \u00faltimos d\u00edas del mes de Agosto y los primeros del mes de Septiembre crecieron con especial intensidad.<\/span><\/b><\/p>\n<div style=\"clear: both;text-align: center\"><a href=\"http:\/\/1.bp.blogspot.com\/-0Ezx_xJIgm8\/TnOgxyZGRVI\/AAAAAAAAAIo\/_TMd1w1LHCA\/s1600\/DSCF3247.JPG\" rel=\"external nofollow\"><img loading=\"lazy\" border=\"0\" height=\"480\" src=\"\/\/1.bp.blogspot.com\/-0Ezx_xJIgm8\/TnOgxyZGRVI\/AAAAAAAAAIo\/_TMd1w1LHCA\/s640\/DSCF3247.JPG\" width=\"640\" \/><\/a><\/div>\n<div style=\"clear: both;text-align: center\"><\/div>\n<div style=\"clear: both;text-align: left\"><span style=\"color: orange\"><b>El cielo se llen\u00f3 de nubosidad (C\u00famulos y estratoc\u00famulos en general).<\/b><\/span><\/div>\n<div style=\"clear: both;text-align: left\"><\/div>\n<p><\/p>\n<div style=\"clear: both;text-align: center\"><a href=\"http:\/\/3.bp.blogspot.com\/-PSdSw8Wek_Y\/TnOjILrmRlI\/AAAAAAAAAJA\/ykwwxJqvSbw\/s1600\/DSCF3218.JPG\" rel=\"external nofollow\"><img loading=\"lazy\" border=\"0\" height=\"480\" src=\"\/\/3.bp.blogspot.com\/-PSdSw8Wek_Y\/TnOjILrmRlI\/AAAAAAAAAJA\/ykwwxJqvSbw\/s640\/DSCF3218.JPG\" width=\"640\" \/><\/a><\/div>\n<p><b><span style=\"color: orange\"><br \/><\/span><\/b><br \/>\u00a0<b><span style=\"color: orange\">Luego se formaron los cumulonimbos, y nos dejaban estructuras colosales como el yunque de esta tormenta. \u00a1\u00a1\u00a1Precioso!!!<\/span><\/b><\/p>\n<div style=\"clear: both;text-align: center\"><a href=\"http:\/\/1.bp.blogspot.com\/-a-KmEplhIGQ\/TnOg0QL6egI\/AAAAAAAAAIs\/pqQfimx2t14\/s1600\/DSCF3254.JPG\" rel=\"external nofollow\"><img loading=\"lazy\" border=\"0\" height=\"480\" src=\"\/\/1.bp.blogspot.com\/-a-KmEplhIGQ\/TnOg0QL6egI\/AAAAAAAAAIs\/pqQfimx2t14\/s640\/DSCF3254.JPG\" width=\"640\" \/><\/a><\/div>\n<p><b><span style=\"color: orange\">Mirando hacia el sur, m\u00e1s de lo mismo&#8230;<\/span><\/b><\/p>\n<div style=\"clear: both;text-align: center\"><a href=\"http:\/\/1.bp.blogspot.com\/-Z0avx84lIPI\/TnOg2U1_R-I\/AAAAAAAAAIw\/c3BXcsmuC24\/s1600\/DSCF3255.JPG\" rel=\"external nofollow\"><img loading=\"lazy\" border=\"0\" height=\"480\" src=\"\/\/1.bp.blogspot.com\/-Z0avx84lIPI\/TnOg2U1_R-I\/AAAAAAAAAIw\/c3BXcsmuC24\/s640\/DSCF3255.JPG\" width=\"640\" \/><\/a><\/div>\n<p><b><span style=\"color: orange\">Tambi\u00e9n se empezaban a formar en Portugal, zonas del Alentejo y que despu\u00e9s acced\u00edan por el oeste de la provincia de Badajoz (Llanos de Olivenza, Vegas bajas de Guadiana).<\/span><\/b><\/p>\n<div style=\"clear: both;text-align: center\"><a href=\"http:\/\/3.bp.blogspot.com\/-tw870l1Tj20\/TnOgs4IKFxI\/AAAAAAAAAIg\/EhDDtqiqgsU\/s1600\/DSCF3239.JPG\" rel=\"external nofollow\"><img loading=\"lazy\" border=\"0\" height=\"480\" src=\"\/\/3.bp.blogspot.com\/-tw870l1Tj20\/TnOgs4IKFxI\/AAAAAAAAAIg\/EhDDtqiqgsU\/s640\/DSCF3239.JPG\" width=\"640\" \/><\/a><\/div>\n<p><b><span style=\"color: orange\">Aqu\u00ed tenemos por ejemplo una de las tormentas que nos afect\u00f3 en la tarde del 1 de Septiembre. Cielos bastante oscuros y muy amenazantes, ya se escuchaban los truenos de fondo&#8230;..<\/span><\/b><\/p>\n<div style=\"clear: both;text-align: center\"><a href=\"http:\/\/4.bp.blogspot.com\/-HtWYPTa4EqM\/TnOgvmE1uEI\/AAAAAAAAAIk\/xXiHzEkG-mg\/s1600\/DSCF3240.JPG\" rel=\"external nofollow\"><img loading=\"lazy\" border=\"0\" height=\"480\" src=\"\/\/4.bp.blogspot.com\/-HtWYPTa4EqM\/TnOgvmE1uEI\/AAAAAAAAAIk\/xXiHzEkG-mg\/s640\/DSCF3240.JPG\" width=\"640\" \/><\/a><\/div>\n<p><span style=\"color: orange\"><b>Este tama\u00f1o ten\u00edan las gotas de lluvia durante los primeros momentos de la tormenta&#8230;<\/b><\/span><\/p>\n<div style=\"clear: both;text-align: center\"><a href=\"http:\/\/1.bp.blogspot.com\/-ZSY5FBx5_8I\/TnOgiJdZuiI\/AAAAAAAAAIQ\/PtNHpEye9pQ\/s1600\/DSCF3209.JPG\" rel=\"external nofollow\"><img loading=\"lazy\" border=\"0\" height=\"480\" src=\"\/\/1.bp.blogspot.com\/-ZSY5FBx5_8I\/TnOgiJdZuiI\/AAAAAAAAAIQ\/PtNHpEye9pQ\/s640\/DSCF3209.JPG\" width=\"640\" \/><\/a><\/div>\n<p><b><span style=\"color: orange\">&#8230; poco despu\u00e9s lleg\u00f3 el tremendo chaparr\u00f3n.<\/span><\/b><\/p>\n<div style=\"clear: both;text-align: center\"><a href=\"http:\/\/1.bp.blogspot.com\/-rhmd-cgBTww\/TnOgnrRDh3I\/AAAAAAAAAIY\/JxP7PPZgpCg\/s1600\/DSCF3224.JPG\" rel=\"external nofollow\"><img loading=\"lazy\" border=\"0\" height=\"480\" src=\"\/\/1.bp.blogspot.com\/-rhmd-cgBTww\/TnOgnrRDh3I\/AAAAAAAAAIY\/JxP7PPZgpCg\/s640\/DSCF3224.JPG\" width=\"640\" \/><\/a><\/div>\n<p><\/p>\n<div style=\"clear: both;text-align: center\"><a href=\"http:\/\/3.bp.blogspot.com\/-tcXuWGvjFIU\/TnOgqtKBK2I\/AAAAAAAAAIc\/zhsO3Q-CkpM\/s1600\/DSCF3226.JPG\" rel=\"external nofollow\"><img loading=\"lazy\" border=\"0\" height=\"480\" src=\"\/\/3.bp.blogspot.com\/-tcXuWGvjFIU\/TnOgqtKBK2I\/AAAAAAAAAIc\/zhsO3Q-CkpM\/s640\/DSCF3226.JPG\" width=\"640\" \/><\/a><\/div>\n<p><b><span style=\"color: orange\">Otro v\u00eddeo grabado por m\u00ed de las lluvias intensas del jueves 1 de Septiembre.<\/span><\/b><\/p>\n<div style=\"clear: both;text-align: center\"><\/div>\n<div style=\"clear: both;text-align: center\"><a href=\"http:\/\/3.bp.blogspot.com\/-snyHXusJzmQ\/TnOg4INO2KI\/AAAAAAAAAI0\/q9B5dpvgqyI\/s1600\/DSCF3256.JPG\" rel=\"external nofollow\"><img loading=\"lazy\" border=\"0\" height=\"480\" src=\"\/\/3.bp.blogspot.com\/-snyHXusJzmQ\/TnOg4INO2KI\/AAAAAAAAAI0\/q9B5dpvgqyI\/s640\/DSCF3256.JPG\" width=\"640\" \/><\/a><\/div>\n<p><\/p>\n<div style=\"clear: both;text-align: center\"><a href=\"http:\/\/4.bp.blogspot.com\/-xtPN9yGsbA8\/TnOg6FRjZqI\/AAAAAAAAAI4\/dN_CiYSZYpY\/s1600\/DSCF3259.JPG\" rel=\"external nofollow\"><img loading=\"lazy\" border=\"0\" height=\"480\" src=\"\/\/4.bp.blogspot.com\/-xtPN9yGsbA8\/TnOg6FRjZqI\/AAAAAAAAAI4\/dN_CiYSZYpY\/s640\/DSCF3259.JPG\" width=\"640\" \/><\/a><\/div>\n<p>Bueno, pues esto ha sido todo, espero que les guste!<br \/>Veremos como arranca el oto\u00f1o 2011!<\/p>\n<div style=\"text-align: center\">\u00a1\u00a1\u00a1Saludos desde Badajoz!!!<\/div>\n<!-- AddThis Advanced Settings generic via filter on the_content --><!-- AddThis Share Buttons generic via filter on the_content -->","protected":false},"excerpt":{"rendered":"<p>Hola bloger@s aqu\u00ed os dejo las \u00faltimas\u00a0fotograf\u00edas\u00a0que he tomado en los dos \u00faltimos meses en Badajoz. Tras varios d\u00edas de Agosto de much\u00edsimo calor (41.7\u00baC el d\u00eda 19), la atm\u00f3sfera se encontraba muy sensible ante la llegada de cualquier masa de aire fr\u00edo, por muy poco importante que fuera. Por eso, sobre todo a finales [&hellip;]<!-- AddThis Advanced Settings generic via filter on get_the_excerpt --><!-- AddThis Share Buttons generic via filter on get_the_excerpt --><\/p>\n","protected":false},"author":3,"featured_media":0,"comment_status":"open","ping_status":"closed","sticky":false,"template":"","format":"standard","meta":[],"categories":[3],"tags":[],"_links":{"self":[{"href":"https:\/\/blogs.hoy.es\/meteobadajoz\/wp-json\/wp\/v2\/posts\/96"}],"collection":[{"href":"https:\/\/blogs.hoy.es\/meteobadajoz\/wp-json\/wp\/v2\/posts"}],"about":[{"href":"https:\/\/blogs.hoy.es\/meteobadajoz\/wp-json\/wp\/v2\/types\/post"}],"author":[{"embeddable":true,"href":"https:\/\/blogs.hoy.es\/meteobadajoz\/wp-json\/wp\/v2\/users\/3"}],"replies":[{"embeddable":true,"href":"https:\/\/blogs.hoy.es\/meteobadajoz\/wp-json\/wp\/v2\/comments?post=96"}],"version-history":[{"count":0,"href":"https:\/\/blogs.hoy.es\/meteobadajoz\/wp-json\/wp\/v2\/posts\/96\/revisions"}],"wp:attachment":[{"href":"https:\/\/blogs.hoy.es\/meteobadajoz\/wp-json\/wp\/v2\/media?parent=96"}],"wp:term":[{"taxonomy":"category","embeddable":true,"href":"https:\/\/blogs.hoy.es\/meteobadajoz\/wp-json\/wp\/v2\/categories?post=96"},{"taxonomy":"post_tag","embeddable":true,"href":"https:\/\/blogs.hoy.es\/meteobadajoz\/wp-json\/wp\/v2\/tags?post=96"}],"curies":[{"name":"wp","href":"https:\/\/api.w.org\/{rel}","templated":true}]}}