{"id":97,"date":"2011-08-31T18:53:00","date_gmt":"2011-08-31T18:53:00","guid":{"rendered":"http:\/\/blogs.hoy.es\/meteobadajoz\/2011\/08\/31\/pendientes-de-una-nueva-borrasca\/"},"modified":"2011-08-31T18:53:00","modified_gmt":"2011-08-31T18:53:00","slug":"pendientes-de-una-nueva-borrasca","status":"publish","type":"post","link":"https:\/\/blogs.hoy.es\/meteobadajoz\/2011\/08\/31\/pendientes-de-una-nueva-borrasca\/","title":{"rendered":"Pendientes de una nueva borrasca"},"content":{"rendered":"<p>Estamos de nuevo a las puertas de un nuevo cambio de tiempo que durar\u00e1 hasta la jornada del s\u00e1bado 3 de Septiembre. Todo parece indicar que a partir de esta pr\u00f3xima noche las lluvias comenzar\u00e1n a descargar sobre Extremadura. Ya podemos verlo a\u00a0trav\u00e9s\u00a0de las im\u00e1genes del <span style=\"color: red\"><b><a href=\"http:\/\/www.meteo.pt\/pt\/otempo\/radar\/\" rel=\"external nofollow\">radar de Portugal<\/a><\/b><\/span><br \/><span style=\"color: red\"><br \/><\/span><\/p>\n<div style=\"clear: both;text-align: center\"><a href=\"http:\/\/3.bp.blogspot.com\/-nqrx02b2h0g\/Tl57d5shlMI\/AAAAAAAAAHY\/rpu28mCGS-M\/s1600\/por110831180030.jpg\" rel=\"external nofollow\"><img loading=\"lazy\" border=\"0\" height=\"640\" src=\"\/\/3.bp.blogspot.com\/-nqrx02b2h0g\/Tl57d5shlMI\/AAAAAAAAAHY\/rpu28mCGS-M\/s640\/por110831180030.jpg\" width=\"640\" \/><\/a><\/div>\n<p>Y en la \u00faltima\u00a0imagen\u00a0del sat\u00e9lite.<\/p>\n<div style=\"clear: both;text-align: center\"><a href=\"http:\/\/4.bp.blogspot.com\/-rBJbU6aGOHY\/Tl577LoPzFI\/AAAAAAAAAHc\/aO9WpNrmxts\/s1600\/Captura.PNG\" rel=\"external nofollow\"><img loading=\"lazy\" border=\"0\" height=\"504\" src=\"\/\/4.bp.blogspot.com\/-rBJbU6aGOHY\/Tl577LoPzFI\/AAAAAAAAAHc\/aO9WpNrmxts\/s640\/Captura.PNG\" width=\"640\" \/><\/a><\/div>\n<p>Ma\u00f1ana Jueves 1 de Septiembre, la borrasca se situar\u00e1 al W de la pen\u00ednsula impulsando masa de nubes cargadas de precipitaciones junto con los viento en superficie de componente SW cargados de humedad las precipitaciones pueden dejar registros de lluvia significativos en la cara Sur de Sierra Morena (Norte de Huelva y Sevilla) y cara Sur del Sistema Central (Norte de C\u00e1ceres).<\/p>\n<p>Mapa de isobaras y temperatura a 500 hPa previsto por GFS 12 UTC<\/p>\n<div style=\"clear: both;text-align: center\"><a href=\"http:\/\/4.bp.blogspot.com\/-3IhhNSkjcyI\/Tl59v8E1R9I\/AAAAAAAAAHg\/pMFuSypd_8E\/s1600\/Rtavn241.png\" rel=\"external nofollow\"><img loading=\"lazy\" border=\"0\" height=\"524\" src=\"\/\/4.bp.blogspot.com\/-3IhhNSkjcyI\/Tl59v8E1R9I\/AAAAAAAAAHg\/pMFuSypd_8E\/s640\/Rtavn241.png\" width=\"640\" \/><\/a><\/div>\n<p>El viernes se desplaza hacia el Este.<br \/>Con esa isoterma en su centro de -15\u00baC a 5500 metros.<\/p>\n<div style=\"clear: both;text-align: center\"><a href=\"http:\/\/1.bp.blogspot.com\/-sCr0eQdpAW8\/Tl59-tRwqwI\/AAAAAAAAAHk\/zNC_JdXWj_M\/s1600\/Rtavn481.png\" rel=\"external nofollow\"><img loading=\"lazy\" border=\"0\" height=\"524\" src=\"\/\/1.bp.blogspot.com\/-sCr0eQdpAW8\/Tl59-tRwqwI\/AAAAAAAAAHk\/zNC_JdXWj_M\/s640\/Rtavn481.png\" width=\"640\" \/><\/a><\/div>\n<p>Despu\u00e9s se\u00a0trasladar\u00eda\u00a0hacia el Mediterr\u00e1neo complicando mucho por all\u00ed el panorama&#8230;.<\/p>\n<div style=\"clear: both;text-align: center\"><a href=\"http:\/\/1.bp.blogspot.com\/-ZF9jXBX0BaQ\/Tl5-rksjE5I\/AAAAAAAAAHo\/psFowb2M85M\/s1600\/Rtavn721.png\" rel=\"external nofollow\"><img loading=\"lazy\" border=\"0\" height=\"524\" src=\"\/\/1.bp.blogspot.com\/-ZF9jXBX0BaQ\/Tl5-rksjE5I\/AAAAAAAAAHo\/psFowb2M85M\/s640\/Rtavn721.png\" width=\"640\" \/><\/a><\/div>\n<p>Mapa de precipitaciones acumuladas hasta el domingo 4 de Septiembre. Parece que las precipitaciones pueden acumular hasta 50mm en zonas del Oeste de C\u00e1ceres!!!!!<\/p>\n<div style=\"clear: both;text-align: center\"><a href=\"http:\/\/3.bp.blogspot.com\/-Py7n2d6bUwg\/Tl6CIv9HCqI\/AAAAAAAAAH0\/6-pmSPdKvVA\/s1600\/11090400_3112.gif\" rel=\"external nofollow\"><img loading=\"lazy\" border=\"0\" height=\"494\" src=\"\/\/3.bp.blogspot.com\/-Py7n2d6bUwg\/Tl6CIv9HCqI\/AAAAAAAAAH0\/6-pmSPdKvVA\/s640\/11090400_3112.gif\" width=\"640\" \/><\/a><\/div>\n<p>Por ello estaremos ma\u00f1ana toda Extremadura en alerta amarilla por lluvias que acumular\u00e1n 15mm en 1h y 40mm en 12h. Adem\u00e1s del resto del SW peninsular, costas de Galicia, Pirineo Navarro y\u00a0Aragon\u00e9s.<\/p>\n<div style=\"clear: both;text-align: center\"><a href=\"http:\/\/2.bp.blogspot.com\/-A2_Fq96Fe8c\/Tl5_G859KFI\/AAAAAAAAAHs\/Zzq81AD7Xyo\/s1600\/20110831183000_avi_mna.png\" rel=\"external nofollow\"><img loading=\"lazy\" border=\"0\" height=\"425\" src=\"\/\/2.bp.blogspot.com\/-A2_Fq96Fe8c\/Tl5_G859KFI\/AAAAAAAAAHs\/Zzq81AD7Xyo\/s640\/20110831183000_avi_mna.png\" width=\"640\" \/><\/a><\/div>\n<p>Tambi\u00e9n se notar\u00e1 un descenso generalizado de las temperaturas. Ya lo han hecho hoy las m\u00e1ximas, pero m\u00e1s van ha bajar ma\u00f1ana (entre 1\u00baC a 4\u00baC).<\/p>\n<div style=\"clear: both;text-align: center\"><a href=\"http:\/\/3.bp.blogspot.com\/-rafeZrvRP-o\/Tl6AaFxQUCI\/AAAAAAAAAHw\/4EbQRvHTljU\/s1600\/tw2gp097.gif\" rel=\"external nofollow\"><img loading=\"lazy\" border=\"0\" height=\"444\" src=\"\/\/3.bp.blogspot.com\/-rafeZrvRP-o\/Tl6AaFxQUCI\/AAAAAAAAAHw\/4EbQRvHTljU\/s640\/tw2gp097.gif\" width=\"640\" \/><\/a><\/div>\n<p>En definitiva, ma\u00f1ana ser\u00e1 un d\u00eda m\u00e1s propio del oto\u00f1o que del verano, con esas precipitaciones que pueden ser significativas en zonas monta\u00f1osas del SW peninsular.<\/p>\n<div style=\"text-align: center\"><\/div>\n<div style=\"text-align: center\">Saludos desde Badajoz!!!<\/div>\n<!-- AddThis Advanced Settings generic via filter on the_content --><!-- AddThis Share Buttons generic via filter on the_content -->","protected":false},"excerpt":{"rendered":"<p>Estamos de nuevo a las puertas de un nuevo cambio de tiempo que durar\u00e1 hasta la jornada del s\u00e1bado 3 de Septiembre. Todo parece indicar que a partir de esta pr\u00f3xima noche las lluvias comenzar\u00e1n a descargar sobre Extremadura. Ya podemos verlo a\u00a0trav\u00e9s\u00a0de las im\u00e1genes del radar de Portugal Y en la \u00faltima\u00a0imagen\u00a0del sat\u00e9lite. Ma\u00f1ana [&hellip;]<!-- AddThis Advanced Settings generic via filter on get_the_excerpt --><!-- AddThis Share Buttons generic via filter on get_the_excerpt --><\/p>\n","protected":false},"author":3,"featured_media":0,"comment_status":"open","ping_status":"closed","sticky":false,"template":"","format":"standard","meta":[],"categories":[3],"tags":[],"_links":{"self":[{"href":"https:\/\/blogs.hoy.es\/meteobadajoz\/wp-json\/wp\/v2\/posts\/97"}],"collection":[{"href":"https:\/\/blogs.hoy.es\/meteobadajoz\/wp-json\/wp\/v2\/posts"}],"about":[{"href":"https:\/\/blogs.hoy.es\/meteobadajoz\/wp-json\/wp\/v2\/types\/post"}],"author":[{"embeddable":true,"href":"https:\/\/blogs.hoy.es\/meteobadajoz\/wp-json\/wp\/v2\/users\/3"}],"replies":[{"embeddable":true,"href":"https:\/\/blogs.hoy.es\/meteobadajoz\/wp-json\/wp\/v2\/comments?post=97"}],"version-history":[{"count":0,"href":"https:\/\/blogs.hoy.es\/meteobadajoz\/wp-json\/wp\/v2\/posts\/97\/revisions"}],"wp:attachment":[{"href":"https:\/\/blogs.hoy.es\/meteobadajoz\/wp-json\/wp\/v2\/media?parent=97"}],"wp:term":[{"taxonomy":"category","embeddable":true,"href":"https:\/\/blogs.hoy.es\/meteobadajoz\/wp-json\/wp\/v2\/categories?post=97"},{"taxonomy":"post_tag","embeddable":true,"href":"https:\/\/blogs.hoy.es\/meteobadajoz\/wp-json\/wp\/v2\/tags?post=97"}],"curies":[{"name":"wp","href":"https:\/\/api.w.org\/{rel}","templated":true}]}}