{"id":98,"date":"2011-08-17T16:09:00","date_gmt":"2011-08-17T16:09:00","guid":{"rendered":"http:\/\/blogs.hoy.es\/meteobadajoz\/2011\/08\/17\/los-modelos-vuelve-a-pronosticar-otro-cambio-de-tiempo\/"},"modified":"2011-08-17T16:09:00","modified_gmt":"2011-08-17T16:09:00","slug":"los-modelos-vuelve-a-pronosticar-otro-cambio-de-tiempo","status":"publish","type":"post","link":"https:\/\/blogs.hoy.es\/meteobadajoz\/2011\/08\/17\/los-modelos-vuelve-a-pronosticar-otro-cambio-de-tiempo\/","title":{"rendered":"Los modelos vuelve a pronosticar otro cambio de tiempo"},"content":{"rendered":"<p>Los modelos\u00a0prev\u00e9n\u00a0otro cambio de tiempo sobre todo a partir del pr\u00f3ximo viernes, aunque ya apartir de ma\u00f1ana veremos algunas novedades, con aumento de la nubosidad y algunas precipitaciones.<\/p>\n<p><b><span style=\"color: orange\">Imagen del Sat\u00e9lite Meteosat 9 (Vapor de Agua)<\/span><\/b><br \/>Ya podemos observar como se va alargando la vaguada hacia el S. En las pr\u00f3ximas horas la tendremos frente a las costas de Portugal, pero no llegar\u00e1 todav\u00eda a afectarnos, de momento&#8230;. .<\/p>\n<div style=\"clear: both;text-align: center\"><a href=\"http:\/\/3.bp.blogspot.com\/-n116RIwT4BM\/TkvjKtqvlhI\/AAAAAAAAAGw\/oVVq45LkVr0\/s1600\/Captura22.png\" rel=\"external nofollow\"><img loading=\"lazy\" border=\"0\" height=\"396\" src=\"\/\/3.bp.blogspot.com\/-n116RIwT4BM\/TkvjKtqvlhI\/AAAAAAAAAGw\/oVVq45LkVr0\/s640\/Captura22.png\" width=\"640\" \/><\/a><\/div>\n<p><b><span style=\"color: orange\"><br \/><\/span><\/b><\/p>\n<p><span style=\"color: orange\"><b>HIRLAM (animaci\u00f3n)<\/b><\/span><br \/>La vaguada que hoy comienza a estirarse acabar\u00e1\u00a0estrangul\u00e1ndose\u00a0por la mitad, dejando aislado un embolsamiento de aire fr\u00edo en los niveles altos de la troposfera.<\/p>\n<div style=\"clear: both;text-align: center\"><a href=\"http:\/\/1.bp.blogspot.com\/-NseVd9Uys2Q\/TkvbnionSeI\/AAAAAAAAAGg\/yfcTc5efvkA\/s1600\/anigif+vaguada.gif\" rel=\"external nofollow\"><img loading=\"lazy\" border=\"0\" height=\"365\" src=\"\/\/1.bp.blogspot.com\/-NseVd9Uys2Q\/TkvbnionSeI\/AAAAAAAAAGg\/yfcTc5efvkA\/s640\/anigif+vaguada.gif\" width=\"640\" \/><\/a><\/div>\n<p>Aunque\u00a0todav\u00eda\u00a0no est\u00e1 del todo claro, parece que tras aislarse de la vaguada y de la circulaci\u00f3n general del W, se colocar\u00e1 bastante al SW de la\u00a0pen\u00ednsula, de esa forma no nos afectar\u00e1 demasiado a Extremadura, eso s\u00ed, es posible que se formen nubes de evoluci\u00f3n en las sierras del S de Extremadura y pueden llegar a dejar chubascos y algunas tormentas.<\/p>\n<p>Este mapa corresponde a el viernes 19 de Agosto a las 18h de la tarde. Como vemos, durante la tarde del viernes se formar\u00e1n chubascos y algunas tormentas que dejar\u00edan, en principio, cantidades de lluvia de hasta 8mm.<\/p>\n<div style=\"clear: both;text-align: center\"><a href=\"http:\/\/3.bp.blogspot.com\/-yLIpysSzYtU\/TkvdMAJEBXI\/AAAAAAAAAGk\/V-2VhtG1LPk\/s1600\/Captura.PNG\" rel=\"external nofollow\"><img loading=\"lazy\" border=\"0\" height=\"531\" src=\"\/\/3.bp.blogspot.com\/-yLIpysSzYtU\/TkvdMAJEBXI\/AAAAAAAAAGk\/V-2VhtG1LPk\/s640\/Captura.PNG\" width=\"640\" \/><\/a><\/div>\n<p>Pero ya en la jornada del s\u00e1bado, la perturbaci\u00f3n en altura se acercar\u00e1 m\u00e1s al SW de la pen\u00ednsula y desde all\u00ed aportar\u00e1 mas nubosidad y m\u00e1s precipitaciones.<\/p>\n<p><b><span style=\"color: orange\">CEPPM (Geopotencial a 500 hPa)<\/span><\/b><br \/>\u00c9ste mapa\u00a0corresponde\u00a0a la jornada del s\u00e1bado 20 de Agosto a las 14h de la tarde.<\/p>\n<div style=\"clear: both;text-align: center\"><a href=\"http:\/\/3.bp.blogspot.com\/-VDO-qWQDrlo\/TkvfQPfNgXI\/AAAAAAAAAGo\/DzLiwAyGA4M\/s1600\/ww_czx5p0c3.gif\" rel=\"external nofollow\"><img loading=\"lazy\" border=\"0\" height=\"404\" src=\"\/\/3.bp.blogspot.com\/-VDO-qWQDrlo\/TkvfQPfNgXI\/AAAAAAAAAGo\/DzLiwAyGA4M\/s640\/ww_czx5p0c3.gif\" width=\"640\" \/><\/a><\/div>\n<p>Y las lluvias correspondientes previstas para esa jornada. Las cantidades m\u00e1s significativas de momento parece que se las llevar\u00eda Portugal (sobre todo centro y norte) y varios puntos del norte peninsular.<\/p>\n<div style=\"clear: both;text-align: center\"><a href=\"http:\/\/2.bp.blogspot.com\/-XquojroDgo8\/TkvffPeTThI\/AAAAAAAAAGs\/9ggHwpP7-2g\/s1600\/Captura2.PNG\" rel=\"external nofollow\"><img loading=\"lazy\" border=\"0\" height=\"532\" src=\"\/\/2.bp.blogspot.com\/-XquojroDgo8\/TkvffPeTThI\/AAAAAAAAAGs\/9ggHwpP7-2g\/s640\/Captura2.PNG\" width=\"640\" \/><\/a><\/div>\n<p>Insisto en que a\u00fan quedan \u00a0varias jornadas, y los modelos llevan muchos d\u00edas dando tumbos, poniendo y quitando lluvias. Por ello, recomiendo seguir las previsiones muy de cerca con ayuda de la <a href=\"http:\/\/www.aemet.es\/es\/portada\" rel=\"external nofollow\">AEMET<\/a>\u00a0y por supuesto nuestros amigos de <span><a href=\"http:\/\/cazatormentas.net\/\" rel=\"external nofollow\">Cazatormentas.net<\/a>\u00a0especialmente el <a href=\"http:\/\/www.cazatormentas.net\/foro\/seguimiento-de-situaciones-meteorolgicas\/pronostico-prevision-del-tiempo-agosto-2011-(modelos-meteorologicos)\/75\/#lastPost\" rel=\"external nofollow\">seguimiento meteorol\u00f3gico de Agosto (modelos)<\/a>!<\/span><br \/><span><br \/><\/span><br \/><span>Seguiremos muy pendientes de las evoluciones de esta nueva situaci\u00f3n de posibles tormentas!<\/span><br \/><span><br \/><\/span><\/p>\n<div style=\"text-align: center\"><span style=\"color: lime\"><b>Saludos desde Badajoz!!!<\/b><\/span><\/div>\n<!-- AddThis Advanced Settings generic via filter on the_content --><!-- AddThis Share Buttons generic via filter on the_content -->","protected":false},"excerpt":{"rendered":"<p>Los modelos\u00a0prev\u00e9n\u00a0otro cambio de tiempo sobre todo a partir del pr\u00f3ximo viernes, aunque ya apartir de ma\u00f1ana veremos algunas novedades, con aumento de la nubosidad y algunas precipitaciones. Imagen del Sat\u00e9lite Meteosat 9 (Vapor de Agua)Ya podemos observar como se va alargando la vaguada hacia el S. En las pr\u00f3ximas horas la tendremos frente a [&hellip;]<!-- AddThis Advanced Settings generic via filter on get_the_excerpt --><!-- AddThis Share Buttons generic via filter on get_the_excerpt --><\/p>\n","protected":false},"author":3,"featured_media":0,"comment_status":"open","ping_status":"closed","sticky":false,"template":"","format":"standard","meta":[],"categories":[3],"tags":[],"_links":{"self":[{"href":"https:\/\/blogs.hoy.es\/meteobadajoz\/wp-json\/wp\/v2\/posts\/98"}],"collection":[{"href":"https:\/\/blogs.hoy.es\/meteobadajoz\/wp-json\/wp\/v2\/posts"}],"about":[{"href":"https:\/\/blogs.hoy.es\/meteobadajoz\/wp-json\/wp\/v2\/types\/post"}],"author":[{"embeddable":true,"href":"https:\/\/blogs.hoy.es\/meteobadajoz\/wp-json\/wp\/v2\/users\/3"}],"replies":[{"embeddable":true,"href":"https:\/\/blogs.hoy.es\/meteobadajoz\/wp-json\/wp\/v2\/comments?post=98"}],"version-history":[{"count":0,"href":"https:\/\/blogs.hoy.es\/meteobadajoz\/wp-json\/wp\/v2\/posts\/98\/revisions"}],"wp:attachment":[{"href":"https:\/\/blogs.hoy.es\/meteobadajoz\/wp-json\/wp\/v2\/media?parent=98"}],"wp:term":[{"taxonomy":"category","embeddable":true,"href":"https:\/\/blogs.hoy.es\/meteobadajoz\/wp-json\/wp\/v2\/categories?post=98"},{"taxonomy":"post_tag","embeddable":true,"href":"https:\/\/blogs.hoy.es\/meteobadajoz\/wp-json\/wp\/v2\/tags?post=98"}],"curies":[{"name":"wp","href":"https:\/\/api.w.org\/{rel}","templated":true}]}}