{"id":99,"date":"2011-08-10T19:48:00","date_gmt":"2011-08-10T19:48:00","guid":{"rendered":"http:\/\/blogs.hoy.es\/meteobadajoz\/2011\/08\/10\/pequeno-cambio-de-tiempo-para-la-jornada-del-viernes-12-de-agosto\/"},"modified":"2011-08-10T19:48:00","modified_gmt":"2011-08-10T19:48:00","slug":"pequeno-cambio-de-tiempo-para-la-jornada-del-viernes-12-de-agosto","status":"publish","type":"post","link":"https:\/\/blogs.hoy.es\/meteobadajoz\/2011\/08\/10\/pequeno-cambio-de-tiempo-para-la-jornada-del-viernes-12-de-agosto\/","title":{"rendered":"Peque\u00f1o cambio de tiempo para la jornada del viernes 12 de Agosto."},"content":{"rendered":"<p>El d\u00eda de hoy en Badajoz ha\u00a0transcurrido\u00a0con temperaturas muy elevadas, m\u00e1ximas de <span style=\"color: red;font-weight: bold\">40,5\u00baC<\/span><span> y m\u00ednimas de <\/span><span style=\"color: blue\">23,5\u00baC<\/span>\u00a0con la alerta naranja puesta por AEMET, y as\u00ed parece que va\u00a0continuar, por lo menos de cara a ma\u00f1ana, porque a partir del viernes la tendencia de las temperaturas es a bajar y a complicarse un poquito el tiempo.<\/p>\n<p><b><span style=\"color: orange\">Imagen del\u00a0sat\u00e9lite. Modo Vapor de Agua.<\/span><\/b><br \/>Vemos que al Suroeste encontramos una peque\u00f1a circulaci\u00f3n cicl\u00f3nica pero que es muy d\u00e9bil.<\/p>\n<div style=\"clear: both;text-align: center\"><a href=\"http:\/\/3.bp.blogspot.com\/-TYu9M_kZdlU\/TkLW3gJdoqI\/AAAAAAAAAFw\/J0KGoC4h1Ig\/s1600\/AtlanticWV_62.jpg\" rel=\"external nofollow\"><img loading=\"lazy\" border=\"0\" height=\"395\" src=\"\/\/3.bp.blogspot.com\/-TYu9M_kZdlU\/TkLW3gJdoqI\/AAAAAAAAAFw\/J0KGoC4h1Ig\/s640\/AtlanticWV_62.jpg\" width=\"640\" \/><\/a><\/div>\n<p>Tenemos que recurrir al modo vapor de agua porque si vemos el modo infrarrojo o visible, no podremos apreciar es peque\u00f1o\u00a0n\u00facleo\u00a0fr\u00edo.<\/p>\n<p>Los pron\u00f3sticos apuntan a que ese embolsamiento de aire fr\u00edo se colar\u00e1 tal y como lo hizo el \u00faltimo que nos visit\u00f3, es decir, por el Suroeste Peninsular. De este modo repartir\u00e1 lluvias por todo el Sur, Oeste y Centro de la Pen\u00ednsula, aunque no ser\u00e1n demasiado intensas.<\/p>\n<p><b><span style=\"color: orange\">As\u00ed lo ve GFS.<\/span><\/b><br \/><b><span style=\"color: orange\"><br \/><\/span><\/b><\/p>\n<div style=\"clear: both;text-align: center\"><a href=\"http:\/\/3.bp.blogspot.com\/-E4FqEFvvH5w\/TkLZ6uRoSdI\/AAAAAAAAAF0\/0gHgJpmLG28\/s1600\/Rtavn484.png\" rel=\"external nofollow\"><img border=\"0\" src=\"\/\/3.bp.blogspot.com\/-E4FqEFvvH5w\/TkLZ6uRoSdI\/AAAAAAAAAF0\/0gHgJpmLG28\/s1600\/Rtavn484.png\" \/><\/a><\/div>\n<p>Tras introducirse por el Suroeste de la Pen\u00edsula, recorrer\u00e1 todo el centro peninsular hasta llegar al Noreste, hacia Catalu\u00f1a.<\/p>\n<p><b><span style=\"color: orange\">HIRLAM<\/span><\/b><br \/>12 de Agosto a las 02:00h.<\/p>\n<div style=\"clear: both;text-align: center\"><\/div>\n<div style=\"clear: both;text-align: center\"><a href=\"http:\/\/2.bp.blogspot.com\/-OdbzvkLMrhU\/TkLasL8_MPI\/AAAAAAAAAF4\/tp-eqsZDDpU\/s1600\/ww_iva3w2c1.gif\" rel=\"external nofollow\"><img loading=\"lazy\" border=\"0\" height=\"366\" src=\"\/\/2.bp.blogspot.com\/-OdbzvkLMrhU\/TkLasL8_MPI\/AAAAAAAAAF4\/tp-eqsZDDpU\/s640\/ww_iva3w2c1.gif\" width=\"640\" \/><\/a><\/div>\n<p>13 de Agosto a las 14:00h.<\/p>\n<div style=\"clear: both;text-align: center\"><a href=\"http:\/\/3.bp.blogspot.com\/-zysfmc7MMqc\/TkLbdpR8RiI\/AAAAAAAAAGE\/zCk1zDTyM-0\/s1600\/ww_iva3w2d3.gif\" rel=\"external nofollow\"><img loading=\"lazy\" border=\"0\" height=\"366\" src=\"\/\/3.bp.blogspot.com\/-zysfmc7MMqc\/TkLbdpR8RiI\/AAAAAAAAAGE\/zCk1zDTyM-0\/s640\/ww_iva3w2d3.gif\" width=\"640\" \/><\/a><\/div>\n<p>Las precipitaciones, como dec\u00eda, no ser\u00e1n demasiado intensas, pero ser\u00e1n tormentas de tarde las que dominen el panorama del viernes en el Suroeste peninsular.<\/p>\n<p><span style=\"color: orange\"><b>Viernes de madrugada.<\/b><\/span><br \/>Viernes 03:00 GMT (05:00 hora peninsular).<\/p>\n<div style=\"clear: both;text-align: center\"><a href=\"http:\/\/3.bp.blogspot.com\/-dlikwcNGXYE\/TkLddmM6aSI\/AAAAAAAAAGU\/ipFcrXu7oi0\/s1600\/11081203_1012.gif\" rel=\"external nofollow\"><img loading=\"lazy\" border=\"0\" height=\"494\" src=\"\/\/3.bp.blogspot.com\/-dlikwcNGXYE\/TkLddmM6aSI\/AAAAAAAAAGU\/ipFcrXu7oi0\/s640\/11081203_1012.gif\" width=\"640\" \/><\/a><\/div>\n<div style=\"clear: both;text-align: left\">A esas horas de la noche empezar\u00e1n a descargar las primeras precipitaciones, ser\u00e1n hacia el Sur de Portugal y no de mucha intensidad.<\/div>\n<div style=\"clear: both;text-align: left\"><\/div>\n<div style=\"clear: both;text-align: left\">Viernes 12:00 GMT (14:00 hora peninsular).<\/div>\n<div style=\"clear: both;text-align: center\"><a href=\"http:\/\/1.bp.blogspot.com\/-p6EMrVHONEU\/TkLeSc95IbI\/AAAAAAAAAGY\/eM9S9TUQEwM\/s1600\/11081212_1012.gif\" rel=\"external nofollow\"><img loading=\"lazy\" border=\"0\" height=\"494\" src=\"\/\/1.bp.blogspot.com\/-p6EMrVHONEU\/TkLeSc95IbI\/AAAAAAAAAGY\/eM9S9TUQEwM\/s640\/11081212_1012.gif\" width=\"640\" \/><\/a><\/div>\n<div style=\"clear: both;text-align: left\">Las lluvias que hab\u00edan entrado por el Sur de Portugal se desgastar\u00e1n, y en general no parece que a esas hora este lloviendo en zonas del Oeste.<\/div>\n<div style=\"clear: both;text-align: left\"><\/div>\n<div style=\"clear: both;text-align: left\">Viernes 21:00 GMT (23:00 hora peninsular).<\/div>\n<div style=\"clear: both;text-align: center\"><a href=\"http:\/\/3.bp.blogspot.com\/-xnEZfVKpEQ0\/TkLe19u36bI\/AAAAAAAAAGc\/wzL27DuysG4\/s1600\/11081221_1012.gif\" rel=\"external nofollow\"><img loading=\"lazy\" border=\"0\" height=\"494\" src=\"\/\/3.bp.blogspot.com\/-xnEZfVKpEQ0\/TkLe19u36bI\/AAAAAAAAAGc\/wzL27DuysG4\/s640\/11081221_1012.gif\" width=\"640\" \/><\/a><\/div>\n<div style=\"clear: both;text-align: left\">Pero por la tarde, se reactivar\u00e1n las precipitaciones, con chubascos y con tormentas, que crecer\u00e1n sobre todo en zonas de sierra del Centro peninsular, y tambi\u00e9n en Extremadura.<\/div>\n<div style=\"clear: both;text-align: left\"><\/div>\n<div style=\"clear: both;text-align: left\">Pues seguiremos pendientes de su evoluci\u00f3n!<\/div>\n<div style=\"clear: both;text-align: center\">Saludos desde Badajoz!!!<\/div>\n<!-- AddThis Advanced Settings generic via filter on the_content --><!-- AddThis Share Buttons generic via filter on the_content -->","protected":false},"excerpt":{"rendered":"<p>El d\u00eda de hoy en Badajoz ha\u00a0transcurrido\u00a0con temperaturas muy elevadas, m\u00e1ximas de 40,5\u00baC y m\u00ednimas de 23,5\u00baC\u00a0con la alerta naranja puesta por AEMET, y as\u00ed parece que va\u00a0continuar, por lo menos de cara a ma\u00f1ana, porque a partir del viernes la tendencia de las temperaturas es a bajar y a complicarse un poquito el tiempo. [&hellip;]<!-- AddThis Advanced Settings generic via filter on get_the_excerpt --><!-- AddThis Share Buttons generic via filter on get_the_excerpt --><\/p>\n","protected":false},"author":3,"featured_media":0,"comment_status":"open","ping_status":"closed","sticky":false,"template":"","format":"standard","meta":[],"categories":[3],"tags":[],"_links":{"self":[{"href":"https:\/\/blogs.hoy.es\/meteobadajoz\/wp-json\/wp\/v2\/posts\/99"}],"collection":[{"href":"https:\/\/blogs.hoy.es\/meteobadajoz\/wp-json\/wp\/v2\/posts"}],"about":[{"href":"https:\/\/blogs.hoy.es\/meteobadajoz\/wp-json\/wp\/v2\/types\/post"}],"author":[{"embeddable":true,"href":"https:\/\/blogs.hoy.es\/meteobadajoz\/wp-json\/wp\/v2\/users\/3"}],"replies":[{"embeddable":true,"href":"https:\/\/blogs.hoy.es\/meteobadajoz\/wp-json\/wp\/v2\/comments?post=99"}],"version-history":[{"count":0,"href":"https:\/\/blogs.hoy.es\/meteobadajoz\/wp-json\/wp\/v2\/posts\/99\/revisions"}],"wp:attachment":[{"href":"https:\/\/blogs.hoy.es\/meteobadajoz\/wp-json\/wp\/v2\/media?parent=99"}],"wp:term":[{"taxonomy":"category","embeddable":true,"href":"https:\/\/blogs.hoy.es\/meteobadajoz\/wp-json\/wp\/v2\/categories?post=99"},{"taxonomy":"post_tag","embeddable":true,"href":"https:\/\/blogs.hoy.es\/meteobadajoz\/wp-json\/wp\/v2\/tags?post=99"}],"curies":[{"name":"wp","href":"https:\/\/api.w.org\/{rel}","templated":true}]}}