{"id":1000,"date":"2016-12-31T18:19:15","date_gmt":"2016-12-31T17:19:15","guid":{"rendered":"http:\/\/blogs.hoy.es\/migas-canas\/?p=1000"},"modified":"2016-12-31T18:19:15","modified_gmt":"2016-12-31T17:19:15","slug":"jovenes","status":"publish","type":"post","link":"https:\/\/blogs.hoy.es\/migas-canas\/2016\/12\/31\/jovenes\/","title":{"rendered":"J\u00d3VENES"},"content":{"rendered":"<p><span><a href=\"\/migas-canas\/wp-content\/uploads\/sites\/8\/2016\/12\/DSC02672-3.jpg\"><img loading=\"lazy\" class=\"aligncenter size-full wp-image-1001\" title=\"DSC02672 (3)\" src=\"\/migas-canas\/wp-content\/uploads\/sites\/8\/2016\/12\/DSC02672-3.jpg\" alt=\"\" width=\"1288\" height=\"966\" srcset=\"https:\/\/static-blogs.hoy.es\/wp-content\/uploads\/sites\/8\/2016\/12\/DSC02672-3.jpg 1288w, https:\/\/static-blogs.hoy.es\/wp-content\/uploads\/sites\/8\/2016\/12\/DSC02672-3-300x225.jpg 300w, https:\/\/static-blogs.hoy.es\/wp-content\/uploads\/sites\/8\/2016\/12\/DSC02672-3-768x576.jpg 768w, https:\/\/static-blogs.hoy.es\/wp-content\/uploads\/sites\/8\/2016\/12\/DSC02672-3-1024x768.jpg 1024w\" sizes=\"(max-width: 1288px) 100vw, 1288px\" \/><\/a>Tengo la suerte de haber podido ir a la comida de los compa\u00f1eros de trabajo porque s\u00e9 que hay muchos que no tienen compa\u00f1eros ni trabajo. <\/span><\/p>\n<p><span>Ese d\u00eda habl\u00e9 con ella en un escenario distinto del laboral.<strong> Es enfermera. Una de esas<\/strong><\/span><span><strong> j\u00f3venes que pertenecen a la generaci\u00f3n mejor preparada.<\/strong> Mar\u00eda realiza una sustituci\u00f3n por baja maternal, eso quiere decir que en unos meses volver\u00e1 a las listas del paro. <strong>No son los que m\u00e1s valen los que m\u00e1s oportunidades tienen.<\/strong> Si tuviera que utilizar los servicios hospitalarios me gustar\u00eda caer en sus manos, toparme con una profesional que sabe lo que hace, que transmite seguridad a pesar de su juventud. <\/span><\/p>\n<p><span><strong><a href=\"\/migas-canas\/wp-content\/uploads\/sites\/8\/2016\/12\/12654240_10208349008820072_898196730671513566_n.jpg\"><img loading=\"lazy\" class=\"aligncenter size-full wp-image-1002\" title=\"12654240_10208349008820072_898196730671513566_n\" src=\"\/migas-canas\/wp-content\/uploads\/sites\/8\/2016\/12\/12654240_10208349008820072_898196730671513566_n.jpg\" alt=\"\" width=\"955\" height=\"537\" srcset=\"https:\/\/static-blogs.hoy.es\/wp-content\/uploads\/sites\/8\/2016\/12\/12654240_10208349008820072_898196730671513566_n.jpg 955w, https:\/\/static-blogs.hoy.es\/wp-content\/uploads\/sites\/8\/2016\/12\/12654240_10208349008820072_898196730671513566_n-300x169.jpg 300w, https:\/\/static-blogs.hoy.es\/wp-content\/uploads\/sites\/8\/2016\/12\/12654240_10208349008820072_898196730671513566_n-768x432.jpg 768w\" sizes=\"(max-width: 955px) 100vw, 955px\" \/><\/a>Cuando se quita la bata solo es una chica de 27 a\u00f1os<\/strong>, una joven como todas las de su generaci\u00f3n, guapa a rabiar que derrocha entusiasmo y vitalidad. Disfruta de su ciudad, de su trabajo y pelea por seguir trabajando y viviendo aqu\u00ed. No quiere marcharse al extranjero como muchos de su promoci\u00f3n. Me cont\u00f3 que <strong>pertenece a una murga, Las Polichinelas,<\/strong> canta, act\u00faa y colabora en la composici\u00f3n de las letras. Le dije que estaba interesado en conocer los intr\u00edngulis de las murgas \u00a0para escribir una columna sobre el trabajo realizado antes de salir al escenario.<strong> Quer\u00eda verlas en el tajo, en pantal\u00f3n vaquero y ch\u00e1ndal sin el glamour del L\u00f3pez.<\/strong> As\u00ed que, <strong>engrandecido por el vino, me met\u00ed en el papel de columnistas como si fuera uno de los grandes<\/strong>, como un Alonso de la Torre o Antonio Tinoco. Mar\u00eda me invit\u00f3 a uno de los ensayo. Ahora, que ya pas\u00f3 la euforia et\u00edlica, y soy consciente que no juego en la primera divisi\u00f3n del columnismo, no ir\u00e9. Que pinto yo con una libreta y un bol\u00edgrafo en un ensayo,si no s\u00e9 que preguntar ni en que tengo que fijarme para escribir un art\u00edculo. Sin embargo, <strong>Mar\u00eda me ha hecho pensar en esos j\u00f3venes que viven con pasi\u00f3n las cosas de su ciudad y que tienen que marcharse dejando familia, amigos y costumbres por falta de oportunidades, ahora que es cuando m\u00e1s falta hacen personas ilusionadas y preparadas para trabajar en nuestros Centros de Salud y Hospitales. Algo por lo que tienen que luchar nuestros gobernantes y toda la sociedad aunque solo sea por ego\u00edsmo, \u00bfQu\u00e9 haremos cuando solo quedemos los viejos? Ir a buscarlos a Alemania,Suiza, \u00c1merica&#8230;<a href=\"\/migas-canas\/wp-content\/uploads\/sites\/8\/2016\/12\/DSC02667-2.jpg\"><img loading=\"lazy\" class=\"aligncenter size-full wp-image-1003\" title=\"DSC02667 (2)\" src=\"\/migas-canas\/wp-content\/uploads\/sites\/8\/2016\/12\/DSC02667-2.jpg\" alt=\"\" width=\"1288\" height=\"966\" srcset=\"https:\/\/static-blogs.hoy.es\/wp-content\/uploads\/sites\/8\/2016\/12\/DSC02667-2.jpg 1288w, https:\/\/static-blogs.hoy.es\/wp-content\/uploads\/sites\/8\/2016\/12\/DSC02667-2-300x225.jpg 300w, https:\/\/static-blogs.hoy.es\/wp-content\/uploads\/sites\/8\/2016\/12\/DSC02667-2-768x576.jpg 768w, https:\/\/static-blogs.hoy.es\/wp-content\/uploads\/sites\/8\/2016\/12\/DSC02667-2-1024x768.jpg 1024w\" sizes=\"(max-width: 1288px) 100vw, 1288px\" \/><\/a><br \/>\n<\/strong><\/span><\/p>\n<p>&nbsp;<\/p>\n<p>&nbsp;<\/p>\n<p>&nbsp;<\/p>\n<p>&nbsp;<\/p>\n<!-- AddThis Advanced Settings generic via filter on the_content --><!-- AddThis Share Buttons generic via filter on the_content -->","protected":false},"excerpt":{"rendered":"<p>Tengo la suerte de haber podido ir a la comida de los compa\u00f1eros de trabajo porque s\u00e9 que hay muchos que no tienen compa\u00f1eros ni trabajo. Ese d\u00eda habl\u00e9 con ella en un escenario distinto del laboral. Es enfermera. Una de esas j\u00f3venes que pertenecen a la generaci\u00f3n mejor preparada. Mar\u00eda realiza una sustituci\u00f3n por [&hellip;]<!-- AddThis Advanced Settings generic via filter on get_the_excerpt --><!-- AddThis Share Buttons generic via filter on get_the_excerpt --><\/p>\n","protected":false},"author":11,"featured_media":0,"comment_status":"open","ping_status":"closed","sticky":false,"template":"","format":"standard","meta":[],"categories":[2],"tags":[65,247,286,404,487,758],"_links":{"self":[{"href":"https:\/\/blogs.hoy.es\/migas-canas\/wp-json\/wp\/v2\/posts\/1000"}],"collection":[{"href":"https:\/\/blogs.hoy.es\/migas-canas\/wp-json\/wp\/v2\/posts"}],"about":[{"href":"https:\/\/blogs.hoy.es\/migas-canas\/wp-json\/wp\/v2\/types\/post"}],"author":[{"embeddable":true,"href":"https:\/\/blogs.hoy.es\/migas-canas\/wp-json\/wp\/v2\/users\/11"}],"replies":[{"embeddable":true,"href":"https:\/\/blogs.hoy.es\/migas-canas\/wp-json\/wp\/v2\/comments?post=1000"}],"version-history":[{"count":0,"href":"https:\/\/blogs.hoy.es\/migas-canas\/wp-json\/wp\/v2\/posts\/1000\/revisions"}],"wp:attachment":[{"href":"https:\/\/blogs.hoy.es\/migas-canas\/wp-json\/wp\/v2\/media?parent=1000"}],"wp:term":[{"taxonomy":"category","embeddable":true,"href":"https:\/\/blogs.hoy.es\/migas-canas\/wp-json\/wp\/v2\/categories?post=1000"},{"taxonomy":"post_tag","embeddable":true,"href":"https:\/\/blogs.hoy.es\/migas-canas\/wp-json\/wp\/v2\/tags?post=1000"}],"curies":[{"name":"wp","href":"https:\/\/api.w.org\/{rel}","templated":true}]}}