{"id":1005,"date":"2017-01-07T22:57:31","date_gmt":"2017-01-07T21:57:31","guid":{"rendered":"http:\/\/blogs.hoy.es\/migas-canas\/?p=1005"},"modified":"2017-01-07T22:57:31","modified_gmt":"2017-01-07T21:57:31","slug":"hace-frio-fuera","status":"publish","type":"post","link":"https:\/\/blogs.hoy.es\/migas-canas\/2017\/01\/07\/hace-frio-fuera\/","title":{"rendered":"HACE FR\u00cdO FUERA"},"content":{"rendered":"<p><a href=\"\/migas-canas\/wp-content\/uploads\/sites\/8\/2017\/01\/DSC02446-3.jpg\"><img loading=\"lazy\" class=\"aligncenter size-full wp-image-1006\" title=\"DSC02446 (3)\" src=\"\/migas-canas\/wp-content\/uploads\/sites\/8\/2017\/01\/DSC02446-3.jpg\" alt=\"\" width=\"1288\" height=\"966\" srcset=\"https:\/\/static-blogs.hoy.es\/wp-content\/uploads\/sites\/8\/2017\/01\/DSC02446-3.jpg 1288w, https:\/\/static-blogs.hoy.es\/wp-content\/uploads\/sites\/8\/2017\/01\/DSC02446-3-300x225.jpg 300w, https:\/\/static-blogs.hoy.es\/wp-content\/uploads\/sites\/8\/2017\/01\/DSC02446-3-768x576.jpg 768w, https:\/\/static-blogs.hoy.es\/wp-content\/uploads\/sites\/8\/2017\/01\/DSC02446-3-1024x768.jpg 1024w\" sizes=\"(max-width: 1288px) 100vw, 1288px\" \/><\/a><strong>Un coraz\u00f3n vaga solo entre la gente. Camina sin destino ante la indiferencia de los dem\u00e1s<\/strong> en un desierto g\u00e9lido de almas donde nadie importa a nadie. Hace tiempo que dej\u00f3 de tener lunes, martes..<strong>. vive en d\u00edas sin nombre<\/strong>. Deambula sin rumbo explorando senderos desconocidos, <strong>perdido entre una multitud<\/strong> de personas con bolsas llenas en las manos que se dirigen a sus c\u00e1lidos hogares. Algunas veces, <strong>el l\u00edquido tinto del tetrabrik, quita el fr\u00edo<\/strong> y le hace sentirse dentro del mundo aunque siga siendo invisible para todos.<\/p>\n<p><strong>Oscurece. Cae la noche como una losa<\/strong>. Sentado en el banco de madera observa como se encienden las luces dentro de las casas. Mientras tanto, \u00e9l, <strong>sigue descubriendo bares de vino barato, conociendo corazones tan heridos como el suyo<\/strong> en noches desesperadas de alcohol y silencio, para regresar al vac\u00edo helador de<strong> una casa de cart\u00f3n tan fr\u00e1gil y desprotegida como sus pensamientos, cada vez m\u00e1s huecos, cada vez m\u00e1s confusos.<\/strong> Duerme acompa\u00f1ado por el silencio de una radio sin pilas que no habla. Duerme sin un susurro, sin unos brazos que le abracen, <strong>sin nadie que le toque, sin caricias en el cuerpo, ni en el alma. \u00a0<\/strong><\/p>\n<!-- AddThis Advanced Settings generic via filter on the_content --><!-- AddThis Share Buttons generic via filter on the_content -->","protected":false},"excerpt":{"rendered":"<p>Un coraz\u00f3n vaga solo entre la gente. Camina sin destino ante la indiferencia de los dem\u00e1s en un desierto g\u00e9lido de almas donde nadie importa a nadie. Hace tiempo que dej\u00f3 de tener lunes, martes&#8230; vive en d\u00edas sin nombre. Deambula sin rumbo explorando senderos desconocidos, perdido entre una multitud de personas con bolsas llenas [&hellip;]<!-- AddThis Advanced Settings generic via filter on get_the_excerpt --><!-- AddThis Share Buttons generic via filter on get_the_excerpt --><\/p>\n","protected":false},"author":11,"featured_media":0,"comment_status":"open","ping_status":"closed","sticky":false,"template":"","format":"standard","meta":[],"categories":[3],"tags":[1048],"_links":{"self":[{"href":"https:\/\/blogs.hoy.es\/migas-canas\/wp-json\/wp\/v2\/posts\/1005"}],"collection":[{"href":"https:\/\/blogs.hoy.es\/migas-canas\/wp-json\/wp\/v2\/posts"}],"about":[{"href":"https:\/\/blogs.hoy.es\/migas-canas\/wp-json\/wp\/v2\/types\/post"}],"author":[{"embeddable":true,"href":"https:\/\/blogs.hoy.es\/migas-canas\/wp-json\/wp\/v2\/users\/11"}],"replies":[{"embeddable":true,"href":"https:\/\/blogs.hoy.es\/migas-canas\/wp-json\/wp\/v2\/comments?post=1005"}],"version-history":[{"count":0,"href":"https:\/\/blogs.hoy.es\/migas-canas\/wp-json\/wp\/v2\/posts\/1005\/revisions"}],"wp:attachment":[{"href":"https:\/\/blogs.hoy.es\/migas-canas\/wp-json\/wp\/v2\/media?parent=1005"}],"wp:term":[{"taxonomy":"category","embeddable":true,"href":"https:\/\/blogs.hoy.es\/migas-canas\/wp-json\/wp\/v2\/categories?post=1005"},{"taxonomy":"post_tag","embeddable":true,"href":"https:\/\/blogs.hoy.es\/migas-canas\/wp-json\/wp\/v2\/tags?post=1005"}],"curies":[{"name":"wp","href":"https:\/\/api.w.org\/{rel}","templated":true}]}}