{"id":101,"date":"2012-02-03T15:59:58","date_gmt":"2012-02-03T14:59:58","guid":{"rendered":"http:\/\/blogs.hoy.es\/migas-canas\/?p=101"},"modified":"2012-02-03T15:59:58","modified_gmt":"2012-02-03T14:59:58","slug":"plaza-alta-2","status":"publish","type":"post","link":"https:\/\/blogs.hoy.es\/migas-canas\/2012\/02\/03\/plaza-alta-2\/","title":{"rendered":"PLAZA ALTA"},"content":{"rendered":"<p>Desde las murallas del Castillo  veo a la Kaita y Alejandro Vega que se dirigen a la cacharrer\u00eda del Chupy donde les espera el Peregrino.El nervio se echa un baile delante de los veladores de la Casona.\u201ddarme algo primo\u201d: Todo es  familiar en la plaza alta.  El arte fluye con naturalidad. Para muchos esta es su casa, unos la usan como comedor, otros como dormitorio y los pacenses como un sal\u00f3n para ense\u00f1ar a las visitas. Cualquier d\u00eda  puedes encontrar artistas cantando  o fotografiando las casas \u201ccolora\u201d o intentando reproducir en un lienzo el alma de los soportales. La Plaza Alta hace de lo excepcional lo habitual. El que por la tarde cuenta que bailaba para el Camar\u00f3n, por la noche busca cartones para dormir bajo el arco del Toril. La plaza huele a tangos y jaleos, a vino y hachis, a vida y a muerte.<br \/>\nEn la calle que baja venden churros que llevan a domicilio, libros de segunda mano de Estefan\u00eda Lafuente y  Bonanza.  A la calle del burro ahora, la conocemos por su nombre, sus casas han perdido ese misterio s\u00f3rdido de placer prohibido. En el murmullo cansino de la siesta, veo a uno que  parece  de los Chunguitos con otro que va como un  pincel, con  chaqueta blanca y un  clavel, es Porrina, o su esp\u00edritu, que  tiene una presencia permanente en este lugar y donde, seg\u00fan algunos, si agudizas el o\u00eddo, puedes oir sus cantes en el interior de las casas.  Aspirantes a artistas y artistas,flamencos y flamenquitos y alg\u00fan voyeurista como yo, que mira desde una torre albarrana para intentar vivir el momento. Miro  el convento, de fondo el rio anaranjado  pasa lento entre los ojos del puente, mientras se oye la desgarradora voz de la Kaita: \u201cal llegar a la plaza alta lo primero que se ve el puesto la Magdalena y  el convento San Jos\u00e9\u201d. Un momento m\u00e1gico que se puede repetir ma\u00f1ana, aunque ma\u00f1ana ya no ser\u00e1 el mismo<\/p>\n<!-- AddThis Advanced Settings generic via filter on the_content --><!-- AddThis Share Buttons generic via filter on the_content -->","protected":false},"excerpt":{"rendered":"<p>Desde las murallas del Castillo veo a la Kaita y Alejandro Vega que se dirigen a la cacharrer\u00eda del Chupy donde les espera el Peregrino.El nervio se echa un baile delante de los veladores de la Casona.\u201ddarme algo primo\u201d: Todo es familiar en la plaza alta. El arte fluye con naturalidad. Para muchos esta es [&hellip;]<!-- AddThis Advanced Settings generic via filter on get_the_excerpt --><!-- AddThis Share Buttons generic via filter on get_the_excerpt --><\/p>\n","protected":false},"author":10,"featured_media":0,"comment_status":"open","ping_status":"closed","sticky":false,"template":"","format":"standard","meta":[],"categories":[4],"tags":[],"_links":{"self":[{"href":"https:\/\/blogs.hoy.es\/migas-canas\/wp-json\/wp\/v2\/posts\/101"}],"collection":[{"href":"https:\/\/blogs.hoy.es\/migas-canas\/wp-json\/wp\/v2\/posts"}],"about":[{"href":"https:\/\/blogs.hoy.es\/migas-canas\/wp-json\/wp\/v2\/types\/post"}],"author":[{"embeddable":true,"href":"https:\/\/blogs.hoy.es\/migas-canas\/wp-json\/wp\/v2\/users\/10"}],"replies":[{"embeddable":true,"href":"https:\/\/blogs.hoy.es\/migas-canas\/wp-json\/wp\/v2\/comments?post=101"}],"version-history":[{"count":0,"href":"https:\/\/blogs.hoy.es\/migas-canas\/wp-json\/wp\/v2\/posts\/101\/revisions"}],"wp:attachment":[{"href":"https:\/\/blogs.hoy.es\/migas-canas\/wp-json\/wp\/v2\/media?parent=101"}],"wp:term":[{"taxonomy":"category","embeddable":true,"href":"https:\/\/blogs.hoy.es\/migas-canas\/wp-json\/wp\/v2\/categories?post=101"},{"taxonomy":"post_tag","embeddable":true,"href":"https:\/\/blogs.hoy.es\/migas-canas\/wp-json\/wp\/v2\/tags?post=101"}],"curies":[{"name":"wp","href":"https:\/\/api.w.org\/{rel}","templated":true}]}}