{"id":1027,"date":"2017-01-28T22:52:19","date_gmt":"2017-01-28T21:52:19","guid":{"rendered":"http:\/\/blogs.hoy.es\/migas-canas\/?p=1027"},"modified":"2017-01-28T22:52:19","modified_gmt":"2017-01-28T21:52:19","slug":"me-asomo-al-balcon","status":"publish","type":"post","link":"https:\/\/blogs.hoy.es\/migas-canas\/2017\/01\/28\/me-asomo-al-balcon\/","title":{"rendered":"ME ASOMO AL BALC\u00d3N"},"content":{"rendered":"<p>&nbsp;<\/p>\n<p><a href=\"\/migas-canas\/wp-content\/uploads\/sites\/8\/2017\/01\/DSCN2413-2.jpg\"><img loading=\"lazy\" class=\"aligncenter size-full wp-image-1028\" title=\"DSCN2413 (2)\" src=\"\/migas-canas\/wp-content\/uploads\/sites\/8\/2017\/01\/DSCN2413-2.jpg\" alt=\"\" width=\"1152\" height=\"864\" srcset=\"https:\/\/static-blogs.hoy.es\/wp-content\/uploads\/sites\/8\/2017\/01\/DSCN2413-2.jpg 1152w, https:\/\/static-blogs.hoy.es\/wp-content\/uploads\/sites\/8\/2017\/01\/DSCN2413-2-300x225.jpg 300w, https:\/\/static-blogs.hoy.es\/wp-content\/uploads\/sites\/8\/2017\/01\/DSCN2413-2-768x576.jpg 768w, https:\/\/static-blogs.hoy.es\/wp-content\/uploads\/sites\/8\/2017\/01\/DSCN2413-2-1024x768.jpg 1024w\" sizes=\"(max-width: 1152px) 100vw, 1152px\" \/><\/a><strong>El sol aparece por el horizonte ti\u00f1endo de naranja la ma\u00f1ana<\/strong>, y la ma\u00f1ana viste al d\u00eda con los colores de la vida mientras se lava la cara con las manos limpias del amanecer.<\/p>\n<p><strong>Una ma\u00f1ana de domingo donde el silencio de la calle se oye desde los balcones m\u00e1s madrugadores<\/strong>. Las macetas se asoman por la barandilla buscando su desayuno de luz. Los enfermos ingresados recobran la esperanza despu\u00e9s de una noche de incertidumbre. Un domingo silencioso sin coches, sin bocinas, sin reggaeton. Por la carretera solo se ve pasar los colores chillones de ciclistas, los que sacan a los perros, y los que caminan tambaleantes despu\u00e9s de buscar toda la noche la felicidad dentro de un vaso de cristal.<\/p>\n<p><strong>Un instante, un momento, un clip de m\u00e1quina fotogr\u00e1fica, un parpadeo<\/strong>, lo que tarda el ojo en distinguir el color, un cuadro de Antonio L\u00f3pez, un tic sin tac del reloj, un s\u00edstoles sin di\u00e1stoles, un paisaje sin pasado ni futuro, un fotograma de V\u00edctor Erice en una ma\u00f1ana naranja sin fr\u00edo ni calor, un minuto sin tiempo que no se volver\u00e1 a repetir. Ni pol\u00edticos, ni religiones, ni siquiera Trump puede impedir este instante. Un segundo al que no se le puede poner muros ni barrotes que dura la inhalaci\u00f3n de una bocanada de aire fresco y que es un golpe de vida, un impulso para empezar<strong> un domingo igual a otro domingo pero diferente a todos los dem\u00e1s.<\/strong><\/p>\n<p>&nbsp;<\/p>\n<p>&nbsp;<\/p>\n<p>&nbsp;<\/p>\n<p>&nbsp;<\/p>\n<p>&nbsp;<\/p>\n<p>&nbsp;<\/p>\n<!-- AddThis Advanced Settings generic via filter on the_content --><!-- AddThis Share Buttons generic via filter on the_content -->","protected":false},"excerpt":{"rendered":"<p>&nbsp; El sol aparece por el horizonte ti\u00f1endo de naranja la ma\u00f1ana, y la ma\u00f1ana viste al d\u00eda con los colores de la vida mientras se lava la cara con las manos limpias del amanecer. Una ma\u00f1ana de domingo donde el silencio de la calle se oye desde los balcones m\u00e1s madrugadores. Las macetas se [&hellip;]<!-- AddThis Advanced Settings generic via filter on get_the_excerpt --><!-- AddThis Share Buttons generic via filter on get_the_excerpt --><\/p>\n","protected":false},"author":11,"featured_media":0,"comment_status":"open","ping_status":"closed","sticky":false,"template":"","format":"standard","meta":[],"categories":[3],"tags":[],"_links":{"self":[{"href":"https:\/\/blogs.hoy.es\/migas-canas\/wp-json\/wp\/v2\/posts\/1027"}],"collection":[{"href":"https:\/\/blogs.hoy.es\/migas-canas\/wp-json\/wp\/v2\/posts"}],"about":[{"href":"https:\/\/blogs.hoy.es\/migas-canas\/wp-json\/wp\/v2\/types\/post"}],"author":[{"embeddable":true,"href":"https:\/\/blogs.hoy.es\/migas-canas\/wp-json\/wp\/v2\/users\/11"}],"replies":[{"embeddable":true,"href":"https:\/\/blogs.hoy.es\/migas-canas\/wp-json\/wp\/v2\/comments?post=1027"}],"version-history":[{"count":0,"href":"https:\/\/blogs.hoy.es\/migas-canas\/wp-json\/wp\/v2\/posts\/1027\/revisions"}],"wp:attachment":[{"href":"https:\/\/blogs.hoy.es\/migas-canas\/wp-json\/wp\/v2\/media?parent=1027"}],"wp:term":[{"taxonomy":"category","embeddable":true,"href":"https:\/\/blogs.hoy.es\/migas-canas\/wp-json\/wp\/v2\/categories?post=1027"},{"taxonomy":"post_tag","embeddable":true,"href":"https:\/\/blogs.hoy.es\/migas-canas\/wp-json\/wp\/v2\/tags?post=1027"}],"curies":[{"name":"wp","href":"https:\/\/api.w.org\/{rel}","templated":true}]}}