{"id":1033,"date":"2017-02-06T21:54:31","date_gmt":"2017-02-06T20:54:31","guid":{"rendered":"http:\/\/blogs.hoy.es\/migas-canas\/?p=1033"},"modified":"2018-08-01T23:00:44","modified_gmt":"2018-08-01T22:00:44","slug":"maria-victoria-gil-alvarez","status":"publish","type":"post","link":"https:\/\/blogs.hoy.es\/migas-canas\/2017\/02\/06\/maria-victoria-gil-alvarez\/","title":{"rendered":"MAR\u00cdA VICTORIA GIL \u00c1LVAREZ"},"content":{"rendered":"<p><span><strong><a href=\"\/migas-canas\/wp-content\/uploads\/sites\/8\/2017\/02\/16651692_1369284203133962_1210679912_n-2-victoria.jpg\"><img loading=\"lazy\" class=\"aligncenter size-full wp-image-1034\" title=\"16651692_1369284203133962_1210679912_n (2) victoria\" src=\"\/migas-canas\/wp-content\/uploads\/sites\/8\/2017\/02\/16651692_1369284203133962_1210679912_n-2-victoria.jpg\" alt=\"\" width=\"543\" height=\"826\" srcset=\"https:\/\/static-blogs.hoy.es\/wp-content\/uploads\/sites\/8\/2017\/02\/16651692_1369284203133962_1210679912_n-2-victoria.jpg 543w, https:\/\/static-blogs.hoy.es\/wp-content\/uploads\/sites\/8\/2017\/02\/16651692_1369284203133962_1210679912_n-2-victoria-197x300.jpg 197w\" sizes=\"(max-width: 543px) 100vw, 543px\" \/><\/a>Cuando participo en alguna de las carreras populares que se celebran en Badajoz suelo verla cerca de mi,<\/strong> llevamos un ritmo parecido. En la carrera,con pantalones cortos y zapatillas de deportes todos somos iguales, solo nos diferencia el n\u00famero del dorsal. Luego, en la calle, unos son ingenieros, otros conducen un taxi, me encuentro con corredores trajeados, desali\u00f1ados, pijos, perroflautas,hay periodista, m\u00e9dicos, barrenderos. A ella <strong>la reconozco por su abundante melena rizada y su belleza enigm\u00e1tica y t\u00edmida<\/strong> . Me resulta agradable su presencia, es de esas personas que te dan buen rollo. Cuando nos vemos nos saludamos con un \u201chola\u201d o un \u201cadi\u00f3s\u201d. No la conozco,nunca hemos hablado, no la asociaba con nada al margen de las carreras solidarias, pero<strong> de un tiempo a est\u00e1 parte la he empezado a ver en los medios de comunicaci\u00f3n.<\/strong> Me he enterado que <strong>es profesora de Qu\u00edmica en la UEx<\/strong> y que tambi\u00e9n dedica parte de su tiempo a otras actividades de forma altruista. En la \u00faltima entrevista que he escuchado la presentaban como la mujer de las siglas,<strong> pertenece a: AEXAAL ADiCiTEx, CICYTEX UEx.<\/strong><\/span><\/p>\n<p><strong>Fund\u00f3 <\/strong><span><strong>AEXAAL( Asociaci\u00f3n <\/strong><\/span><strong>Extreme\u00f1a de Al\u00e9rgicos a A<\/strong><span><strong>limentos)<\/strong> para dar respuesta a las dudas que <\/span><span>puedan surgir<\/span><span> en los colegios con alumnos al\u00e9rgicos,un protocolo destinado a la prevenci\u00f3n, aunque tambi\u00e9n informa como actuar <\/span><span>si se da alguna urgencia<\/span><span> y as<strong>\u00ed poder salvar la vida de un ni\u00f1o.<\/strong> Si, he escrito. \u201c salvar la vida a un ni\u00f1o\u201d. Las alergias, aunque suene a ronchas y tos, pueden producir la muerte de los m\u00e1s peque\u00f1os, tambi\u00e9n de adultos. <\/span><span>Cada vez es mayor el n\u00famero de ni\u00f1os con alg\u00fan tipo de alergia.<\/span><\/p>\n<p><span><a href=\"\/migas-canas\/wp-content\/uploads\/sites\/8\/2017\/02\/16650159_1369285713133811_2109820056_n-victoria-2.jpg\"><img loading=\"lazy\" class=\"aligncenter size-full wp-image-1035\" title=\"16650159_1369285713133811_2109820056_n victoria (2)\" src=\"\/migas-canas\/wp-content\/uploads\/sites\/8\/2017\/02\/16650159_1369285713133811_2109820056_n-victoria-2.jpg\" alt=\"\" width=\"591\" height=\"651\" srcset=\"https:\/\/static-blogs.hoy.es\/wp-content\/uploads\/sites\/8\/2017\/02\/16650159_1369285713133811_2109820056_n-victoria-2.jpg 591w, https:\/\/static-blogs.hoy.es\/wp-content\/uploads\/sites\/8\/2017\/02\/16650159_1369285713133811_2109820056_n-victoria-2-272x300.jpg 272w\" sizes=\"(max-width: 591px) 100vw, 591px\" \/><\/a>Personas como Victoria est\u00e1n logrando con su esfuerzo que las cosas sean m\u00e1s f\u00e1ciles y los padres de ni\u00f1os al\u00e9rgicos est\u00e9n m\u00e1s tranquilos.. <\/span><\/p>\n<p><span><strong>Ella, ahora, esta saliendo en los medios, esperemos que no sea algo pasajero<\/strong> y sigamos interes\u00e1ndonos m\u00e1s por su trabajo que por el al \u00faltimo gol de Ronaldo. Que esta investigadora, luchadora y entusiasta de su profesi\u00f3n siga contando con el apoyo necesario y no tenga, si quiere seguir progresando en sus m\u00faltiples actividades,\u00a0 pedir traslado a otra comunidad, o a otro pa\u00eds.<\/span><\/p>\n<p><strong><a href=\"\/migas-canas\/wp-content\/uploads\/sites\/8\/2017\/02\/16559425_1369285666467149_999902332_n-victoria-uno-3.jpg\"><img loading=\"lazy\" class=\"aligncenter size-full wp-image-1036\" title=\"16559425_1369285666467149_999902332_n victoria uno (3)\" src=\"\/migas-canas\/wp-content\/uploads\/sites\/8\/2017\/02\/16559425_1369285666467149_999902332_n-victoria-uno-3.jpg\" alt=\"\" width=\"908\" height=\"960\" srcset=\"https:\/\/static-blogs.hoy.es\/wp-content\/uploads\/sites\/8\/2017\/02\/16559425_1369285666467149_999902332_n-victoria-uno-3.jpg 908w, https:\/\/static-blogs.hoy.es\/wp-content\/uploads\/sites\/8\/2017\/02\/16559425_1369285666467149_999902332_n-victoria-uno-3-284x300.jpg 284w, https:\/\/static-blogs.hoy.es\/wp-content\/uploads\/sites\/8\/2017\/02\/16559425_1369285666467149_999902332_n-victoria-uno-3-768x812.jpg 768w\" sizes=\"(max-width: 908px) 100vw, 908px\" \/><\/a>Aunque haya agotado el espacio de esta columna me gustar\u00eda terminar con algo de lo que me acabo de enterar: a Victoria le han concedido el premio a la excelencia docente. Enhorabuena y gracias por hacer que la vida sea m\u00e1s sencilla.<\/strong><\/p>\n<p>&nbsp;<\/p>\n<!-- AddThis Advanced Settings generic via filter on the_content --><!-- AddThis Share Buttons generic via filter on the_content -->","protected":false},"excerpt":{"rendered":"<p>Cuando participo en alguna de las carreras populares que se celebran en Badajoz suelo verla cerca de mi, llevamos un ritmo parecido. En la carrera,con pantalones cortos y zapatillas de deportes todos somos iguales, solo nos diferencia el n\u00famero del dorsal. Luego, en la calle, unos son ingenieros, otros conducen un taxi, me encuentro con [&hellip;]<!-- AddThis Advanced Settings generic via filter on get_the_excerpt --><!-- AddThis Share Buttons generic via filter on get_the_excerpt --><\/p>\n","protected":false},"author":11,"featured_media":0,"comment_status":"open","ping_status":"closed","sticky":false,"template":"","format":"standard","meta":[],"categories":[2],"tags":[1075],"_links":{"self":[{"href":"https:\/\/blogs.hoy.es\/migas-canas\/wp-json\/wp\/v2\/posts\/1033"}],"collection":[{"href":"https:\/\/blogs.hoy.es\/migas-canas\/wp-json\/wp\/v2\/posts"}],"about":[{"href":"https:\/\/blogs.hoy.es\/migas-canas\/wp-json\/wp\/v2\/types\/post"}],"author":[{"embeddable":true,"href":"https:\/\/blogs.hoy.es\/migas-canas\/wp-json\/wp\/v2\/users\/11"}],"replies":[{"embeddable":true,"href":"https:\/\/blogs.hoy.es\/migas-canas\/wp-json\/wp\/v2\/comments?post=1033"}],"version-history":[{"count":1,"href":"https:\/\/blogs.hoy.es\/migas-canas\/wp-json\/wp\/v2\/posts\/1033\/revisions"}],"predecessor-version":[{"id":1341,"href":"https:\/\/blogs.hoy.es\/migas-canas\/wp-json\/wp\/v2\/posts\/1033\/revisions\/1341"}],"wp:attachment":[{"href":"https:\/\/blogs.hoy.es\/migas-canas\/wp-json\/wp\/v2\/media?parent=1033"}],"wp:term":[{"taxonomy":"category","embeddable":true,"href":"https:\/\/blogs.hoy.es\/migas-canas\/wp-json\/wp\/v2\/categories?post=1033"},{"taxonomy":"post_tag","embeddable":true,"href":"https:\/\/blogs.hoy.es\/migas-canas\/wp-json\/wp\/v2\/tags?post=1033"}],"curies":[{"name":"wp","href":"https:\/\/api.w.org\/{rel}","templated":true}]}}