{"id":1037,"date":"2017-02-11T21:05:43","date_gmt":"2017-02-11T20:05:43","guid":{"rendered":"http:\/\/blogs.hoy.es\/migas-canas\/?p=1037"},"modified":"2017-02-11T21:05:43","modified_gmt":"2017-02-11T20:05:43","slug":"dibujando-nubes","status":"publish","type":"post","link":"https:\/\/blogs.hoy.es\/migas-canas\/2017\/02\/11\/dibujando-nubes\/","title":{"rendered":"DIBUJANDO NUBES"},"content":{"rendered":"<p><a href=\"\/migas-canas\/wp-content\/uploads\/sites\/8\/2017\/02\/DSC03049-2.jpg\"><img loading=\"lazy\" class=\"aligncenter size-full wp-image-1038\" title=\"DSC03049 (2)\" src=\"\/migas-canas\/wp-content\/uploads\/sites\/8\/2017\/02\/DSC03049-2.jpg\" alt=\"\" width=\"1288\" height=\"966\" srcset=\"https:\/\/static-blogs.hoy.es\/wp-content\/uploads\/sites\/8\/2017\/02\/DSC03049-2.jpg 1288w, https:\/\/static-blogs.hoy.es\/wp-content\/uploads\/sites\/8\/2017\/02\/DSC03049-2-300x225.jpg 300w, https:\/\/static-blogs.hoy.es\/wp-content\/uploads\/sites\/8\/2017\/02\/DSC03049-2-768x576.jpg 768w, https:\/\/static-blogs.hoy.es\/wp-content\/uploads\/sites\/8\/2017\/02\/DSC03049-2-1024x768.jpg 1024w\" sizes=\"(max-width: 1288px) 100vw, 1288px\" \/><\/a>Cuando puse en Facebook la foto que encabeza este post me dijeron: <strong>\u00bferes capaz de inventar historias con los cambios que se van produciendo en las nubes?<\/strong> Dije que no, que no tengo imaginaci\u00f3n, que solo s\u00e9 escribir \u00a0lo que veo. No soy capaz de descubrir entre esos algodones blancos y gigantes \u00a0a un perro con un osito d\u00e1ndose la mano solo con el poder de la imaginaci\u00f3n.<\/p>\n<p><strong>Miro otra vez la foto y me encuentro con la palabra melancol\u00eda<\/strong>. Una melancol\u00eda que es como un dolor placentero. Igual que cuando aprietas con el dedo una muela dolorida. Un placer que dirige mis pensamientos hasta los fados de Dulce Pontes, mejor a las habaneras con voz nasal de Carlos Cano, o ese dolor desgarrado de una seguiriya cantada en el silencio de una pe\u00f1a.<\/p>\n<p>Atraviesa este paisaje mi sue\u00f1o de hombre casero: de mesa camilla, de brasero de pic\u00f3n con badila,y el resplandor rojo del carb\u00f3n ardiendo.<\/p>\n<p><strong>El d\u00eda que hice la foto iba con mi c\u00e1mara atada al cuello. Hac\u00eda fr\u00edo. Pis\u00e9 la hierba mojada con mis botas de monta\u00f1a y sent\u00ed el helado aire endureciendo mi piel. Ahora, en casa, sentado en el brasero, vuelvo a mirar el fr\u00edo de aquel d\u00eda y veo tambi\u00e9n, el silencio, mi silencio.<\/strong> Pienso en todos los atardeceres nublados que fueron configurando mi alma hasta hacerla as\u00ed de imperfecta, encallada por los pasos mal dados, modelada por los distintos vientos.<\/p>\n<p>Miro y veo las ramas y pienso que mi trono est\u00e1 en el bosque, en el campo.<strong> Me siento como un le\u00f3n que ha nacido dentro de una jaula, para ser exhibido manso en un circo donde el mayor protagonista es un payaso.<\/strong><\/p>\n<p><strong>No tengo imaginaci\u00f3n. No puedo inventar historias ni buscar en las nubes delfines, unicornios, animales mitol\u00f3gicos, gigantes con cara de bueno, solo puedo contar lo que hay,solo puedo contar lo que veo.<\/strong><\/p>\n<p>&nbsp;<\/p>\n<p>&nbsp;<\/p>\n<!-- AddThis Advanced Settings generic via filter on the_content --><!-- AddThis Share Buttons generic via filter on the_content -->","protected":false},"excerpt":{"rendered":"<p>Cuando puse en Facebook la foto que encabeza este post me dijeron: \u00bferes capaz de inventar historias con los cambios que se van produciendo en las nubes? Dije que no, que no tengo imaginaci\u00f3n, que solo s\u00e9 escribir \u00a0lo que veo. No soy capaz de descubrir entre esos algodones blancos y gigantes \u00a0a un perro [&hellip;]<!-- AddThis Advanced Settings generic via filter on get_the_excerpt --><!-- AddThis Share Buttons generic via filter on get_the_excerpt --><\/p>\n","protected":false},"author":11,"featured_media":0,"comment_status":"open","ping_status":"closed","sticky":false,"template":"","format":"standard","meta":[],"categories":[3],"tags":[214,362,714,970],"_links":{"self":[{"href":"https:\/\/blogs.hoy.es\/migas-canas\/wp-json\/wp\/v2\/posts\/1037"}],"collection":[{"href":"https:\/\/blogs.hoy.es\/migas-canas\/wp-json\/wp\/v2\/posts"}],"about":[{"href":"https:\/\/blogs.hoy.es\/migas-canas\/wp-json\/wp\/v2\/types\/post"}],"author":[{"embeddable":true,"href":"https:\/\/blogs.hoy.es\/migas-canas\/wp-json\/wp\/v2\/users\/11"}],"replies":[{"embeddable":true,"href":"https:\/\/blogs.hoy.es\/migas-canas\/wp-json\/wp\/v2\/comments?post=1037"}],"version-history":[{"count":0,"href":"https:\/\/blogs.hoy.es\/migas-canas\/wp-json\/wp\/v2\/posts\/1037\/revisions"}],"wp:attachment":[{"href":"https:\/\/blogs.hoy.es\/migas-canas\/wp-json\/wp\/v2\/media?parent=1037"}],"wp:term":[{"taxonomy":"category","embeddable":true,"href":"https:\/\/blogs.hoy.es\/migas-canas\/wp-json\/wp\/v2\/categories?post=1037"},{"taxonomy":"post_tag","embeddable":true,"href":"https:\/\/blogs.hoy.es\/migas-canas\/wp-json\/wp\/v2\/tags?post=1037"}],"curies":[{"name":"wp","href":"https:\/\/api.w.org\/{rel}","templated":true}]}}