{"id":1044,"date":"2017-03-04T19:57:44","date_gmt":"2017-03-04T18:57:44","guid":{"rendered":"http:\/\/blogs.hoy.es\/migas-canas\/?p=1044"},"modified":"2017-03-04T19:57:44","modified_gmt":"2017-03-04T18:57:44","slug":"la-vie-en-rose","status":"publish","type":"post","link":"https:\/\/blogs.hoy.es\/migas-canas\/2017\/03\/04\/la-vie-en-rose\/","title":{"rendered":"LA VIE EN ROSE"},"content":{"rendered":"<p><a href=\"\/migas-canas\/wp-content\/uploads\/sites\/8\/2017\/03\/DSC03587-3.jpg\"><img loading=\"lazy\" class=\"aligncenter size-full wp-image-1045\" title=\"DSC03587 (3)\" src=\"\/migas-canas\/wp-content\/uploads\/sites\/8\/2017\/03\/DSC03587-3.jpg\" alt=\"\" width=\"1222\" height=\"916\" srcset=\"https:\/\/static-blogs.hoy.es\/wp-content\/uploads\/sites\/8\/2017\/03\/DSC03587-3.jpg 1222w, https:\/\/static-blogs.hoy.es\/wp-content\/uploads\/sites\/8\/2017\/03\/DSC03587-3-300x225.jpg 300w, https:\/\/static-blogs.hoy.es\/wp-content\/uploads\/sites\/8\/2017\/03\/DSC03587-3-768x576.jpg 768w, https:\/\/static-blogs.hoy.es\/wp-content\/uploads\/sites\/8\/2017\/03\/DSC03587-3-1024x768.jpg 1024w\" sizes=\"(max-width: 1222px) 100vw, 1222px\" \/><\/a><strong>Inici\u00e9 mi vida laboral en Almendralejo<\/strong>, sin tener en cuenta, nunca lo pongo en el curriculum, los veranos que trabaj\u00e9 en el campo cogiendo peras, tomates, manzanas, segando hierba, vendimiando. Aquellos veranos que desmont\u00e9 pistas en coches chocantes. <strong>Ferias donde todav\u00eda no exist\u00eda Camela y nos motivaban con los Chichos y los Chunguitos, m\u00fasica a todo volumen que golpeaban como un l\u00e1tigo en mi tierna espalda. Tambi\u00e9n nos pon\u00edan a Mar\u00eda Jimenez que era como cuando Marylin Monroe visitaba a los soldados americanos en Vietnam.<\/strong><\/p>\n<p>Al final del d\u00eda, despu\u00e9s de haber cargado con las calientes y pesadas planchas de hierro,<strong> nos daban 1000 pts (6 euros) que solo nos llegaba para hidratarnos en los Valencianos con granizadas de lim\u00f3n.<\/strong> Despu\u00e9s, yo, cansado hasta la extenuaci\u00f3n, y dando un rodeo para que no me vieran los conocidos con la camisa y pantalones rotos y sucios llegaba a casa para intentar sacar la grasa del cuerpo y de las u\u00f1as, pero lo peor no era el cansancio.<strong> lo peor era el olor, ese olor que se met\u00eda en el interior de la piel para recordarme como me hab\u00edan robado un poco de mi dignidad en aquellas tardes de un achicharrante verano.<\/strong><\/p>\n<p><strong>Llegu\u00e9 a Almendralejo con pocos a\u00f1os, con la cabeza llena de p\u00e1jaros<\/strong>, expectante, rebelde, indisciplinado. Luego el tiempo me fue modelando hasta convertirme a la docilidad de las vidas dictadas, al simpl\u00f3n que soy, que fui y que ser\u00e9 y que por aquellos entonces se notaba m\u00e1s por mi l\u00e1nguido cuerpo de larguirucho sin gracia que se pon\u00eda colorado si me miraba alg\u00fan jefe o alguna de aquellas chicas con r\u00edmel en las pesta\u00f1as y labios encarnados.<\/p>\n<p><strong>En Almendralejo tuve mi primera experiencia laboral de verdad, esa que necesitaba tener una cuenta bancaria para cobrar<\/strong>. Ya no me pagaba el encargado subido al remolque del tractor con un sobre donde pon\u00eda mi nombre con bol\u00edgrafo y faltas de ortograf\u00eda.<\/p>\n<p><a href=\"\/migas-canas\/wp-content\/uploads\/sites\/8\/2017\/03\/DSC03600-2.jpg\"><img loading=\"lazy\" class=\"aligncenter size-full wp-image-1046\" title=\"DSC03600 (2)\" src=\"\/migas-canas\/wp-content\/uploads\/sites\/8\/2017\/03\/DSC03600-2.jpg\" alt=\"\" width=\"1236\" height=\"927\" srcset=\"https:\/\/static-blogs.hoy.es\/wp-content\/uploads\/sites\/8\/2017\/03\/DSC03600-2.jpg 1236w, https:\/\/static-blogs.hoy.es\/wp-content\/uploads\/sites\/8\/2017\/03\/DSC03600-2-300x225.jpg 300w, https:\/\/static-blogs.hoy.es\/wp-content\/uploads\/sites\/8\/2017\/03\/DSC03600-2-768x576.jpg 768w, https:\/\/static-blogs.hoy.es\/wp-content\/uploads\/sites\/8\/2017\/03\/DSC03600-2-1024x768.jpg 1024w\" sizes=\"(max-width: 1236px) 100vw, 1236px\" \/><\/a>En Almedralejo descubr\u00ed \u201cLa via en rose\u201d un pub que ten\u00eda un toque intelectual que tanto me gustaba sin yo saberlo. A mi corta e ingenua vida le faltaba algo aunque no sab\u00eda qu\u00e9.<\/p>\n<p><strong>La vie Rose ten\u00eda un a\u00edre afrancesado y esa calma que hac\u00eda reposar el alma tan distinta del desasosiego de luces y m\u00fasica que hab\u00eda en las discotecas que frecuentaba.<\/strong> En la Via en rose respiraba esa otra vida que solo hab\u00eda sentido a trav\u00e9s de libros y pel\u00edculas. ese mundo que profundizaba en el interior y que sin conocerlo, conoc\u00eda. Cuando viv\u00ed el ambiente de la Via en Rose sab\u00eda que aquello era lo que quer\u00eda. <strong>Un lugar de conversaci\u00f3n sosegada que me hac\u00eda descansar mi efervescente cabeza y descargarla de banalidades adolescentes que se hab\u00edan encallado en mi personalidad como los cristalitos de la bola de las discoteca.<\/strong> La v\u00eda en Rose me ayudaba a desarrollar mis sentidos escondidos: la belleza,el esp\u00edritu,la imaginaci\u00f3n. Un mundo nuevo de libros, pel\u00edculas y m\u00fasica que no exist\u00eda en mi pobre ser dedicado a mi apariencia exterior de peinados modernos y pantalones ajustados. Me gustaba m\u00e1s la sensibilidad de aquel lugar que otros donde \u00edbamos los machos ib\u00e9ricos en busca de esa sexualidad f\u00e1cil del aqu\u00ed te pillo aqu\u00ed te mato. Menos mal que mi capacidad de seducci\u00f3n dejaba mucho que desear, hubiera sido un desastre acostumbrado como estaba al onanismo solitario.<\/p>\n<p><strong>En la vie Rosa la vi por primera vez con su melena morena y rizada y una timidez casi tan acentuada como la m\u00eda<\/strong> y que la hac\u00eda mirar al suelo cada vez que nos cruzabamos. Llevaba falda larga y una mirada l\u00e1nguida y limpia donde se intu\u00eda la mujer que fue despu\u00e9s. Ella nunca tuvo inter\u00e9s en mi, ahora tampoco.<\/p>\n<p>Han pasado los a\u00f1os y me he vuelto a encontrar con ella. Sigue igual f\u00edsicamente aunque con mucho m\u00e1s desparpajo verbal.<\/p>\n<p><a href=\"\/migas-canas\/wp-content\/uploads\/sites\/8\/2017\/03\/DSC03611-2.jpg\"><img loading=\"lazy\" class=\"aligncenter size-full wp-image-1047\" title=\"DSC03611 (2)\" src=\"\/migas-canas\/wp-content\/uploads\/sites\/8\/2017\/03\/DSC03611-2.jpg\" alt=\"\" width=\"1288\" height=\"966\" srcset=\"https:\/\/static-blogs.hoy.es\/wp-content\/uploads\/sites\/8\/2017\/03\/DSC03611-2.jpg 1288w, https:\/\/static-blogs.hoy.es\/wp-content\/uploads\/sites\/8\/2017\/03\/DSC03611-2-300x225.jpg 300w, https:\/\/static-blogs.hoy.es\/wp-content\/uploads\/sites\/8\/2017\/03\/DSC03611-2-768x576.jpg 768w, https:\/\/static-blogs.hoy.es\/wp-content\/uploads\/sites\/8\/2017\/03\/DSC03611-2-1024x768.jpg 1024w\" sizes=\"(max-width: 1288px) 100vw, 1288px\" \/><\/a>Recuerdo que siempre se sentaba en un rinc\u00f3n con la su falda marr\u00f3n de cuadros que cubr\u00eda las rodillas de piernas suaves, juntas y cruzadas a la altura de los zapatos marrones con ligero tac\u00f3n. Me gustaba escuchar su voz tierna que llenaba toda la sala abuhardillada. Yo, en cambio, hac\u00eda el burro jugando al billar o al futbol\u00edn. Hac\u00eda ruido para que mirara, pero la voz que sobresal\u00eda era la de su enigm\u00e1tico silencio. Yo <strong>no quer\u00eda mostrar mi sensibilidad, me parec\u00eda ramplona y afeminada. Me hab\u00eda criado en el barrio, en ese mundo de machos duros que pas\u00e1bamos el d\u00eda dando patadas a un bal\u00f3n o pele\u00e1ndonos con los de otros barrios a pedradas.<\/strong><\/p>\n<p><strong>La miraba igual que la miro hoy: tan accesible y tan inaccesible, tan alejada de mis manos, m\u00e1s de mis besos, tan guapa,tan tierna, tan cerca y tan lejos.<\/strong><\/p>\n<p><strong>En noches como esta me gustar\u00eda abrazarla y bailar pegados aquella canciones de entonces \u201cNe me quitte pas\u201d de Jacques Brel o \u201cHotel California\u201d de los Eagles. Si ella no estuviera a tanta distancia ni yo tan pr\u00f3ximo&#8230;<\/strong><\/p>\n<!-- AddThis Advanced Settings generic via filter on the_content --><!-- AddThis Share Buttons generic via filter on the_content -->","protected":false},"excerpt":{"rendered":"<p>Inici\u00e9 mi vida laboral en Almendralejo, sin tener en cuenta, nunca lo pongo en el curriculum, los veranos que trabaj\u00e9 en el campo cogiendo peras, tomates, manzanas, segando hierba, vendimiando. Aquellos veranos que desmont\u00e9 pistas en coches chocantes. Ferias donde todav\u00eda no exist\u00eda Camela y nos motivaban con los Chichos y los Chunguitos, m\u00fasica a [&hellip;]<!-- AddThis Advanced Settings generic via filter on get_the_excerpt --><!-- AddThis Share Buttons generic via filter on get_the_excerpt --><\/p>\n","protected":false},"author":11,"featured_media":0,"comment_status":"open","ping_status":"closed","sticky":false,"template":"","format":"standard","meta":[],"categories":[3],"tags":[1106,1110,1112,1113,1114,1115,1116,1117,1118,1119,1120,1121],"_links":{"self":[{"href":"https:\/\/blogs.hoy.es\/migas-canas\/wp-json\/wp\/v2\/posts\/1044"}],"collection":[{"href":"https:\/\/blogs.hoy.es\/migas-canas\/wp-json\/wp\/v2\/posts"}],"about":[{"href":"https:\/\/blogs.hoy.es\/migas-canas\/wp-json\/wp\/v2\/types\/post"}],"author":[{"embeddable":true,"href":"https:\/\/blogs.hoy.es\/migas-canas\/wp-json\/wp\/v2\/users\/11"}],"replies":[{"embeddable":true,"href":"https:\/\/blogs.hoy.es\/migas-canas\/wp-json\/wp\/v2\/comments?post=1044"}],"version-history":[{"count":0,"href":"https:\/\/blogs.hoy.es\/migas-canas\/wp-json\/wp\/v2\/posts\/1044\/revisions"}],"wp:attachment":[{"href":"https:\/\/blogs.hoy.es\/migas-canas\/wp-json\/wp\/v2\/media?parent=1044"}],"wp:term":[{"taxonomy":"category","embeddable":true,"href":"https:\/\/blogs.hoy.es\/migas-canas\/wp-json\/wp\/v2\/categories?post=1044"},{"taxonomy":"post_tag","embeddable":true,"href":"https:\/\/blogs.hoy.es\/migas-canas\/wp-json\/wp\/v2\/tags?post=1044"}],"curies":[{"name":"wp","href":"https:\/\/api.w.org\/{rel}","templated":true}]}}