{"id":1054,"date":"2017-03-11T21:38:37","date_gmt":"2017-03-11T20:38:37","guid":{"rendered":"http:\/\/blogs.hoy.es\/migas-canas\/?p=1054"},"modified":"2017-03-11T21:38:37","modified_gmt":"2017-03-11T20:38:37","slug":"ya-no-me-miro-al-espejo","status":"publish","type":"post","link":"https:\/\/blogs.hoy.es\/migas-canas\/2017\/03\/11\/ya-no-me-miro-al-espejo\/","title":{"rendered":"YA NO ME MIRO EN LOS ESPEJOS"},"content":{"rendered":"<p><a href=\"\/migas-canas\/wp-content\/uploads\/sites\/8\/2017\/03\/DSCN3775-2.jpg\"><img loading=\"lazy\" class=\"aligncenter size-full wp-image-1055\" title=\"DSCN3775 (2)\" src=\"\/migas-canas\/wp-content\/uploads\/sites\/8\/2017\/03\/DSCN3775-2.jpg\" alt=\"\" width=\"1148\" height=\"861\" srcset=\"https:\/\/static-blogs.hoy.es\/wp-content\/uploads\/sites\/8\/2017\/03\/DSCN3775-2.jpg 1148w, https:\/\/static-blogs.hoy.es\/wp-content\/uploads\/sites\/8\/2017\/03\/DSCN3775-2-300x225.jpg 300w, https:\/\/static-blogs.hoy.es\/wp-content\/uploads\/sites\/8\/2017\/03\/DSCN3775-2-768x576.jpg 768w, https:\/\/static-blogs.hoy.es\/wp-content\/uploads\/sites\/8\/2017\/03\/DSCN3775-2-1024x768.jpg 1024w\" sizes=\"(max-width: 1148px) 100vw, 1148px\" \/><\/a>Hace unos d\u00edas me preguntaron que si lo que escribo es verdad o ficci\u00f3n.<\/p>\n<p>La idea se transforma en verdadera cu\u00e1ndo pasa al papel. La historia es lo de menos cuando existe sentimiento. Los sentimiento son siempre reales.<\/p>\n<p>Hablando de sentimientos verdaderos, puros y limpios.<\/p>\n<p><strong>Cada vez esta m\u00e1s alta la raya pintada a l\u00e1piz en un rinc\u00f3n de la pared de su habitaci\u00f3n que como una escalera ascendente da testimonio del estir\u00f3n<\/strong>. A la vez que la raya se aleja del suelo, tambi\u00e9n ella se aleja. Ya no esta todo el d\u00eda pegada a mi. Tiene amigas y juegas con ellas. Tiene ese af\u00e1n por crecer, nada puede parar su desarrollo. <strong>Aprende letras, n\u00fameros, sabe de memoria los cuentos que recita una y otra vez, canta las canciones de los dibujos animados y las de Shakira con mejor pronunciaci\u00f3n que Shakira.<\/strong> Ella todav\u00eda no conoce el fraude que supone crecer. La vida es el tiempo que pasa, unas veces deprisa y otras lenta, pero que nadie es capaz de detener. El mundo de los mayores que tanto anhela es muy diferente al suyo de hadas y princesas. Las princesas adultas se dedican a cosas muy diferentes de las que cuentan los cuentos.<\/p>\n<p><strong>Cuando su peque\u00f1a mano agarra la m\u00eda buscando protecci\u00f3n, soy yo el que estoy protegido, protegido de todos los males, inmunizado ante un mundo hostil donde la bondad est\u00e1 mal vista y la ternura es de \u00f1o\u00f1os.<\/strong><\/p>\n<p>Cuando siento sus manos todo se transforma, vuelvo a los colores vivos dejando los grises y las cosas adquieren formas redondeadas exentas de hirientes puntas. El mundo muestra su sonrisa y se hace amable. Me siento como un dios protector y protegido.<\/p>\n<p>Ya no me miro en los espejos, ya no soy yo el importante.<\/p>\n<p>&nbsp;<\/p>\n<p>&nbsp;<\/p>\n<p>&nbsp;<\/p>\n<!-- AddThis Advanced Settings generic via filter on the_content --><!-- AddThis Share Buttons generic via filter on the_content -->","protected":false},"excerpt":{"rendered":"<p>Hace unos d\u00edas me preguntaron que si lo que escribo es verdad o ficci\u00f3n. La idea se transforma en verdadera cu\u00e1ndo pasa al papel. La historia es lo de menos cuando existe sentimiento. Los sentimiento son siempre reales. Hablando de sentimientos verdaderos, puros y limpios. Cada vez esta m\u00e1s alta la raya pintada a l\u00e1piz [&hellip;]<!-- AddThis Advanced Settings generic via filter on get_the_excerpt --><!-- AddThis Share Buttons generic via filter on get_the_excerpt --><\/p>\n","protected":false},"author":11,"featured_media":0,"comment_status":"open","ping_status":"closed","sticky":false,"template":"","format":"standard","meta":[],"categories":[3],"tags":[1124,1125,1126,1127],"_links":{"self":[{"href":"https:\/\/blogs.hoy.es\/migas-canas\/wp-json\/wp\/v2\/posts\/1054"}],"collection":[{"href":"https:\/\/blogs.hoy.es\/migas-canas\/wp-json\/wp\/v2\/posts"}],"about":[{"href":"https:\/\/blogs.hoy.es\/migas-canas\/wp-json\/wp\/v2\/types\/post"}],"author":[{"embeddable":true,"href":"https:\/\/blogs.hoy.es\/migas-canas\/wp-json\/wp\/v2\/users\/11"}],"replies":[{"embeddable":true,"href":"https:\/\/blogs.hoy.es\/migas-canas\/wp-json\/wp\/v2\/comments?post=1054"}],"version-history":[{"count":0,"href":"https:\/\/blogs.hoy.es\/migas-canas\/wp-json\/wp\/v2\/posts\/1054\/revisions"}],"wp:attachment":[{"href":"https:\/\/blogs.hoy.es\/migas-canas\/wp-json\/wp\/v2\/media?parent=1054"}],"wp:term":[{"taxonomy":"category","embeddable":true,"href":"https:\/\/blogs.hoy.es\/migas-canas\/wp-json\/wp\/v2\/categories?post=1054"},{"taxonomy":"post_tag","embeddable":true,"href":"https:\/\/blogs.hoy.es\/migas-canas\/wp-json\/wp\/v2\/tags?post=1054"}],"curies":[{"name":"wp","href":"https:\/\/api.w.org\/{rel}","templated":true}]}}