{"id":1057,"date":"2017-03-18T23:24:18","date_gmt":"2017-03-18T22:24:18","guid":{"rendered":"http:\/\/blogs.hoy.es\/migas-canas\/?p=1057"},"modified":"2017-03-18T23:24:18","modified_gmt":"2017-03-18T22:24:18","slug":"recuerdos","status":"publish","type":"post","link":"https:\/\/blogs.hoy.es\/migas-canas\/2017\/03\/18\/recuerdos\/","title":{"rendered":"RECUERDOS"},"content":{"rendered":"<p><a href=\"\/migas-canas\/wp-content\/uploads\/sites\/8\/2017\/03\/DSC00956-2.jpg\"><img loading=\"lazy\" class=\"aligncenter size-full wp-image-1058\" title=\"DSC00956 (2)\" src=\"\/migas-canas\/wp-content\/uploads\/sites\/8\/2017\/03\/DSC00956-2.jpg\" alt=\"\" width=\"1288\" height=\"966\" srcset=\"https:\/\/static-blogs.hoy.es\/wp-content\/uploads\/sites\/8\/2017\/03\/DSC00956-2.jpg 1288w, https:\/\/static-blogs.hoy.es\/wp-content\/uploads\/sites\/8\/2017\/03\/DSC00956-2-300x225.jpg 300w, https:\/\/static-blogs.hoy.es\/wp-content\/uploads\/sites\/8\/2017\/03\/DSC00956-2-768x576.jpg 768w, https:\/\/static-blogs.hoy.es\/wp-content\/uploads\/sites\/8\/2017\/03\/DSC00956-2-1024x768.jpg 1024w\" sizes=\"(max-width: 1288px) 100vw, 1288px\" \/><\/a><strong>He vuelto al pueblo.<\/strong><\/p>\n<p><strong>Me fui un d\u00eda como aprendiz de la vida y regres\u00e9 siendo un experto en fracasos.<\/strong><\/p>\n<p>Volv\u00ed un s\u00e1bado por la tarde. Encend\u00ed la chimenea. La llama se alzaba como una mano salvadora del fr\u00edo en el mundo.<strong> Me sent\u00e9 en la vieja silla de enea donde se sentaba el abuelo, por unos instantes fui \u00e9l: callado, solitario, envolviendo un cigarro<\/strong>, m\u00e1s por entretener las manos que por fumar, me pas\u00e9 el pa\u00f1uelo por los ojos para limpiar el lagrimal como hac\u00eda \u00e9l. Ahora no s\u00e9 si por la vejez o por la tristeza.<\/p>\n<p>Me sent\u00e9 en su vieja silla. cerr\u00e9 los ojos y<strong> volv\u00eda a verlos a todos: a la ni\u00f1a chica cogida en brazos, a la abuela siempre vestida de negro con el mo\u00f1o redondo en la cabeza. Sent\u00ed a padre, a madre, a los hermanos, a canelo tumbado en el patio y al caballo comiendo alfalfa en la cuadra.<\/strong><\/p>\n<p>Ayer volv\u00ed al pueblo. Volv\u00ed a la casa del abuelo para quedarme pero solo resist\u00ed una tarde. <strong>Por la gatera ya no entraban los gato. Al anochecer empezaron a hablar las ausencias en el rechinar de las ventanas de madera, solo escuchaba murmullos y ve\u00eda sombras.<\/strong><\/p>\n<p>Regres\u00e9 a un mundo que ya no exist\u00eda. Ven\u00eda a construir lo destruido pero todo estaba ya muy deteriorado.<strong> Llegu\u00e9 buscando respuestas y encontr\u00e9 silencios<\/strong>. Un presente que ya no ten\u00eda un suelo donde pisar, ni un techo s\u00f3lido para proteger el alma de la intemperie de la calle. La casa estaba sola y ese vac\u00edo hac\u00eda que ya no fuera l<a href=\"\/migas-canas\/wp-content\/uploads\/sites\/8\/2017\/03\/DSC00987-2.jpg\"><img loading=\"lazy\" class=\"aligncenter size-full wp-image-1059\" title=\"DSC00987 (2)\" src=\"\/migas-canas\/wp-content\/uploads\/sites\/8\/2017\/03\/DSC00987-2.jpg\" alt=\"\" width=\"1288\" height=\"966\" srcset=\"https:\/\/static-blogs.hoy.es\/wp-content\/uploads\/sites\/8\/2017\/03\/DSC00987-2.jpg 1288w, https:\/\/static-blogs.hoy.es\/wp-content\/uploads\/sites\/8\/2017\/03\/DSC00987-2-300x225.jpg 300w, https:\/\/static-blogs.hoy.es\/wp-content\/uploads\/sites\/8\/2017\/03\/DSC00987-2-768x576.jpg 768w, https:\/\/static-blogs.hoy.es\/wp-content\/uploads\/sites\/8\/2017\/03\/DSC00987-2-1024x768.jpg 1024w\" sizes=\"(max-width: 1288px) 100vw, 1288px\" \/><\/a>a misma. Pens\u00e9 que podr\u00eda habitarla ahora que ya no quedaba nadie, pero el recuerdo es tan fuerte que arrasa el presente y no tiene futuro.<\/p>\n<p><strong>Volv\u00ed para quedarme para siempre y me fui ese misma noche para no volver jam\u00e1s.<\/strong><\/p>\n<!-- AddThis Advanced Settings generic via filter on the_content --><!-- AddThis Share Buttons generic via filter on the_content -->","protected":false},"excerpt":{"rendered":"<p>He vuelto al pueblo. Me fui un d\u00eda como aprendiz de la vida y regres\u00e9 siendo un experto en fracasos. Volv\u00ed un s\u00e1bado por la tarde. Encend\u00ed la chimenea. La llama se alzaba como una mano salvadora del fr\u00edo en el mundo. Me sent\u00e9 en la vieja silla de enea donde se sentaba el abuelo, [&hellip;]<!-- AddThis Advanced Settings generic via filter on get_the_excerpt --><!-- AddThis Share Buttons generic via filter on get_the_excerpt --><\/p>\n","protected":false},"author":11,"featured_media":0,"comment_status":"open","ping_status":"closed","sticky":false,"template":"","format":"standard","meta":[],"categories":[3],"tags":[1133],"_links":{"self":[{"href":"https:\/\/blogs.hoy.es\/migas-canas\/wp-json\/wp\/v2\/posts\/1057"}],"collection":[{"href":"https:\/\/blogs.hoy.es\/migas-canas\/wp-json\/wp\/v2\/posts"}],"about":[{"href":"https:\/\/blogs.hoy.es\/migas-canas\/wp-json\/wp\/v2\/types\/post"}],"author":[{"embeddable":true,"href":"https:\/\/blogs.hoy.es\/migas-canas\/wp-json\/wp\/v2\/users\/11"}],"replies":[{"embeddable":true,"href":"https:\/\/blogs.hoy.es\/migas-canas\/wp-json\/wp\/v2\/comments?post=1057"}],"version-history":[{"count":0,"href":"https:\/\/blogs.hoy.es\/migas-canas\/wp-json\/wp\/v2\/posts\/1057\/revisions"}],"wp:attachment":[{"href":"https:\/\/blogs.hoy.es\/migas-canas\/wp-json\/wp\/v2\/media?parent=1057"}],"wp:term":[{"taxonomy":"category","embeddable":true,"href":"https:\/\/blogs.hoy.es\/migas-canas\/wp-json\/wp\/v2\/categories?post=1057"},{"taxonomy":"post_tag","embeddable":true,"href":"https:\/\/blogs.hoy.es\/migas-canas\/wp-json\/wp\/v2\/tags?post=1057"}],"curies":[{"name":"wp","href":"https:\/\/api.w.org\/{rel}","templated":true}]}}