{"id":107,"date":"2012-03-02T12:11:05","date_gmt":"2012-03-02T11:11:05","guid":{"rendered":"http:\/\/blogs.hoy.es\/migas-canas\/?p=107"},"modified":"2012-03-02T12:11:05","modified_gmt":"2012-03-02T11:11:05","slug":"patatas-con-carne","status":"publish","type":"post","link":"https:\/\/blogs.hoy.es\/migas-canas\/2012\/03\/02\/patatas-con-carne\/","title":{"rendered":"PATATAS CON CARNE"},"content":{"rendered":"<p>Cuando todav\u00eda se acordaba de como se iba del sal\u00f3n a la cocina, de como se hac\u00eda la tortilla de patatas y de las palabras que ten\u00eda que utilizar para  dar cari\u00f1o y  consuelo, no esperaba que a\u00f1os despu\u00e9s dirigieses sus pasos. Hoy, calla y mira con indiferencia desde el balc\u00f3n de unos ojos misteriosos ocupados por un pensamiento vac\u00edo. Todas las caras son caras de extra\u00f1os. Parece que en cualquier momento se va a levantar del sill\u00f3n para preguntar con esa voz dulce y melodiosa.\u00bfQue quere\u00eds cenar esta noche? Que poca importancia le d\u00e1bamos entonces a esa pregunta,con lo que nos hubiese gustado que sus sacrificadas manos elaborasen aquel pisto que nunca m\u00e1s probamos. La enfermedad se llev\u00f3 para siempre el recuerdo de los sabores infantiles. Sonr\u00ede al nieto como a cualquier ni\u00f1o, sin sentir la fuerza del cord\u00f3n umbilical de la sangre. Vive sin recuerdos, excepto aquel d\u00eda en el apareci\u00f3 por un instante la memoria. Se levant\u00f3,trajo el mantel de tela y, mientras lo extend\u00eda planch\u00e1ndolo suavemente con las manos, dijo: \u201c Voy hacer unas patatas con carne para que hoy comamos todos juntos\u201d. Despu\u00e9s, se sent\u00f3 en el sill\u00f3n y qued\u00f3 definitivamente atrapada en las telara\u00f1as del olvido.<\/p>\n<!-- AddThis Advanced Settings generic via filter on the_content --><!-- AddThis Share Buttons generic via filter on the_content -->","protected":false},"excerpt":{"rendered":"<p>Cuando todav\u00eda se acordaba de como se iba del sal\u00f3n a la cocina, de como se hac\u00eda la tortilla de patatas y de las palabras que ten\u00eda que utilizar para dar cari\u00f1o y consuelo, no esperaba que a\u00f1os despu\u00e9s dirigieses sus pasos. Hoy, calla y mira con indiferencia desde el balc\u00f3n de unos ojos misteriosos [&hellip;]<!-- AddThis Advanced Settings generic via filter on get_the_excerpt --><!-- AddThis Share Buttons generic via filter on get_the_excerpt --><\/p>\n","protected":false},"author":10,"featured_media":0,"comment_status":"open","ping_status":"closed","sticky":false,"template":"","format":"standard","meta":[],"categories":[4],"tags":[],"_links":{"self":[{"href":"https:\/\/blogs.hoy.es\/migas-canas\/wp-json\/wp\/v2\/posts\/107"}],"collection":[{"href":"https:\/\/blogs.hoy.es\/migas-canas\/wp-json\/wp\/v2\/posts"}],"about":[{"href":"https:\/\/blogs.hoy.es\/migas-canas\/wp-json\/wp\/v2\/types\/post"}],"author":[{"embeddable":true,"href":"https:\/\/blogs.hoy.es\/migas-canas\/wp-json\/wp\/v2\/users\/10"}],"replies":[{"embeddable":true,"href":"https:\/\/blogs.hoy.es\/migas-canas\/wp-json\/wp\/v2\/comments?post=107"}],"version-history":[{"count":0,"href":"https:\/\/blogs.hoy.es\/migas-canas\/wp-json\/wp\/v2\/posts\/107\/revisions"}],"wp:attachment":[{"href":"https:\/\/blogs.hoy.es\/migas-canas\/wp-json\/wp\/v2\/media?parent=107"}],"wp:term":[{"taxonomy":"category","embeddable":true,"href":"https:\/\/blogs.hoy.es\/migas-canas\/wp-json\/wp\/v2\/categories?post=107"},{"taxonomy":"post_tag","embeddable":true,"href":"https:\/\/blogs.hoy.es\/migas-canas\/wp-json\/wp\/v2\/tags?post=107"}],"curies":[{"name":"wp","href":"https:\/\/api.w.org\/{rel}","templated":true}]}}