{"id":1071,"date":"2017-03-25T21:38:12","date_gmt":"2017-03-25T20:38:12","guid":{"rendered":"http:\/\/blogs.hoy.es\/migas-canas\/?p=1071"},"modified":"2017-03-25T21:38:12","modified_gmt":"2017-03-25T20:38:12","slug":"amapola","status":"publish","type":"post","link":"https:\/\/blogs.hoy.es\/migas-canas\/2017\/03\/25\/amapola\/","title":{"rendered":"AMAPOLA"},"content":{"rendered":"<p><strong><a href=\"\/migas-canas\/wp-content\/uploads\/sites\/8\/2017\/03\/DSC03739-2.jpg\"><img loading=\"lazy\" class=\"aligncenter size-full wp-image-1073\" title=\"DSC03739 (2)\" src=\"\/migas-canas\/wp-content\/uploads\/sites\/8\/2017\/03\/DSC03739-2.jpg\" alt=\"\" width=\"1288\" height=\"966\" srcset=\"https:\/\/static-blogs.hoy.es\/wp-content\/uploads\/sites\/8\/2017\/03\/DSC03739-2.jpg 1288w, https:\/\/static-blogs.hoy.es\/wp-content\/uploads\/sites\/8\/2017\/03\/DSC03739-2-300x225.jpg 300w, https:\/\/static-blogs.hoy.es\/wp-content\/uploads\/sites\/8\/2017\/03\/DSC03739-2-768x576.jpg 768w, https:\/\/static-blogs.hoy.es\/wp-content\/uploads\/sites\/8\/2017\/03\/DSC03739-2-1024x768.jpg 1024w\" sizes=\"(max-width: 1288px) 100vw, 1288px\" \/><\/a>Voy andando por caminos solitarios hacia el amanecer para regenerar mi alma malherida<\/strong>. Voy buscando la belleza que esconde el campo cuando la luz del sol va descubriendo los misterios de la oscuridad. Se hace la luz lentamente, como si se estuviesen abriendo las cortinas de un gigantesco escenario, como si se estuviese cociendo a fuego lento en un chup chup de aromas verdes. Ando despacio. Quiero sentir la brisa en la cara. Quiero sentir como me envuelve el frescor del viento y me abraza en mitad de la ma\u00f1ana. Busco belleza entre la belleza. Busco color entre los colores. Me mezclo con la naturaleza que me protege de la intemperie de la ciudad como si fuese un c\u00e1lido refugio. oigo la m\u00fasica suave de paz en el cantar de p\u00e1jaros satisfechos de pan y agua. La ma\u00f1ana acaricia la hierba h\u00fameda con manos bals\u00e1micas de un protector natural. Una tierra parda cubierta de verde donde lo que se ve es lo que es. Aqu\u00ed no existen mentiras, ni palabras que modifiquen el color ni el sabor haciendo vivir en la irrealidad de la duda. Aqu\u00ed las cosas son como son, naturales y simples. Aqu\u00ed no hay cuentistas que arrimen su discurso a sus intereses. Aqu\u00ed nadie inventa palabras manipuladoras, ni gestos para mentir y solo se oye el silencio de la tierra y la hierba crecer. Solo en el silencio est\u00e1 la verdad. Camino vestido con ropa de campo aunque me sienta desnudo ante la mirada de la luna y el sol que me gu\u00edan hasta encontrarme con ella.<\/p>\n<p>Ah\u00ed est\u00e1: alta, elevada, inhiesta, desprotegida, a merced del viento. Se bambolea coqueta e indiferente ante mi presencia, pero permanece firme y anclada al suelo.<\/p>\n<p>Despliega sus p\u00e9talos como unas manos extendidas para que su interior respire profundo todo el azul del cielo y as\u00ed transformarlo en cuatro rojos intensos,en cuatro l\u00e1minas que son cuatro lenguas sin voz, no le hace falta voz, es una explosi\u00f3n, un estallido de color que provoca un bienestar que solo puede desencadenar en la qu\u00edmica del cuerpo la belleza de una flor. Es ella, la amapola, la lind\u00edsima amapola esa que tiene m\u00fasica aunque no tenga canci\u00f3n.<\/p>\n<!-- AddThis Advanced Settings generic via filter on the_content --><!-- AddThis Share Buttons generic via filter on the_content -->","protected":false},"excerpt":{"rendered":"<p>Voy andando por caminos solitarios hacia el amanecer para regenerar mi alma malherida. Voy buscando la belleza que esconde el campo cuando la luz del sol va descubriendo los misterios de la oscuridad. Se hace la luz lentamente, como si se estuviesen abriendo las cortinas de un gigantesco escenario, como si se estuviese cociendo a [&hellip;]<!-- AddThis Advanced Settings generic via filter on get_the_excerpt --><!-- AddThis Share Buttons generic via filter on get_the_excerpt --><\/p>\n","protected":false},"author":11,"featured_media":0,"comment_status":"open","ping_status":"closed","sticky":false,"template":"","format":"standard","meta":[],"categories":[3],"tags":[1128,1129],"_links":{"self":[{"href":"https:\/\/blogs.hoy.es\/migas-canas\/wp-json\/wp\/v2\/posts\/1071"}],"collection":[{"href":"https:\/\/blogs.hoy.es\/migas-canas\/wp-json\/wp\/v2\/posts"}],"about":[{"href":"https:\/\/blogs.hoy.es\/migas-canas\/wp-json\/wp\/v2\/types\/post"}],"author":[{"embeddable":true,"href":"https:\/\/blogs.hoy.es\/migas-canas\/wp-json\/wp\/v2\/users\/11"}],"replies":[{"embeddable":true,"href":"https:\/\/blogs.hoy.es\/migas-canas\/wp-json\/wp\/v2\/comments?post=1071"}],"version-history":[{"count":0,"href":"https:\/\/blogs.hoy.es\/migas-canas\/wp-json\/wp\/v2\/posts\/1071\/revisions"}],"wp:attachment":[{"href":"https:\/\/blogs.hoy.es\/migas-canas\/wp-json\/wp\/v2\/media?parent=1071"}],"wp:term":[{"taxonomy":"category","embeddable":true,"href":"https:\/\/blogs.hoy.es\/migas-canas\/wp-json\/wp\/v2\/categories?post=1071"},{"taxonomy":"post_tag","embeddable":true,"href":"https:\/\/blogs.hoy.es\/migas-canas\/wp-json\/wp\/v2\/tags?post=1071"}],"curies":[{"name":"wp","href":"https:\/\/api.w.org\/{rel}","templated":true}]}}