{"id":1078,"date":"2017-04-08T21:42:42","date_gmt":"2017-04-08T20:42:42","guid":{"rendered":"http:\/\/blogs.hoy.es\/migas-canas\/?p=1078"},"modified":"2017-04-08T21:42:42","modified_gmt":"2017-04-08T20:42:42","slug":"primavera-de-diseno","status":"publish","type":"post","link":"https:\/\/blogs.hoy.es\/migas-canas\/2017\/04\/08\/primavera-de-diseno\/","title":{"rendered":"PRIMAVERA DE DISE\u00d1O"},"content":{"rendered":"<p><a href=\"\/migas-canas\/wp-content\/uploads\/sites\/8\/2017\/04\/DSC03743.jpg\"><img loading=\"lazy\" class=\"aligncenter size-full wp-image-1079\" title=\"DSC03743\" src=\"\/migas-canas\/wp-content\/uploads\/sites\/8\/2017\/04\/DSC03743.jpg\" alt=\"\" width=\"1288\" height=\"966\" srcset=\"https:\/\/static-blogs.hoy.es\/wp-content\/uploads\/sites\/8\/2017\/04\/DSC03743.jpg 1288w, https:\/\/static-blogs.hoy.es\/wp-content\/uploads\/sites\/8\/2017\/04\/DSC03743-300x225.jpg 300w, https:\/\/static-blogs.hoy.es\/wp-content\/uploads\/sites\/8\/2017\/04\/DSC03743-768x576.jpg 768w, https:\/\/static-blogs.hoy.es\/wp-content\/uploads\/sites\/8\/2017\/04\/DSC03743-1024x768.jpg 1024w\" sizes=\"(max-width: 1288px) 100vw, 1288px\" \/><\/a>Entramos en el mes de los Aries. Abril penetra con todos sus fuerza en este tiempo de m\u00faltiples colores, de cumplea\u00f1os cargados de a\u00f1os, de ciclotimias, de cambios de humor, de alergias y catarros, de obesos corriendo, de mangas cortas y camisas de cuadro, de veladores llenos,de casas vac\u00edas, de campos sembrados de senderistas, de ma\u00f1anas de dulce dormir, de fot\u00f3grafos de flores, de almas desguazadas, de corazones tiernos e ilusionados, de ni\u00f1os en la calle, de muchachas con faldas cortas y piernas largas,de exhibici\u00f3n de b\u00edceps agrandados en gimnasio y laboratorios, de canciones de Sabina. A mi no me han robado el mes de abril, lo cambi\u00e9 por noviembre, por d\u00edas de lluvia y fr\u00edo. Sin buscarlo me encontr\u00e9 con el reverso del tiempo, y me gust\u00f3. Aqu\u00ed, en casa, sigue lloviendo aunque en la calle salga el sol.<\/p>\n<p>Es primavera No quiero poes\u00edas de flores. Yo, que ni siquiera en d\u00edas como estos la tuve entre mis brazos. No quiero golondrinas que vuelvan. El abril de la luz devuelve con m\u00e1s intensidad las sombras nocturnas a las habitaciones del insomne solitario, esos que ya no creemos en el brillo de temporada.<\/p>\n<!-- AddThis Advanced Settings generic via filter on the_content --><!-- AddThis Share Buttons generic via filter on the_content -->","protected":false},"excerpt":{"rendered":"<p>Entramos en el mes de los Aries. Abril penetra con todos sus fuerza en este tiempo de m\u00faltiples colores, de cumplea\u00f1os cargados de a\u00f1os, de ciclotimias, de cambios de humor, de alergias y catarros, de obesos corriendo, de mangas cortas y camisas de cuadro, de veladores llenos,de casas vac\u00edas, de campos sembrados de senderistas, de [&hellip;]<!-- AddThis Advanced Settings generic via filter on get_the_excerpt --><!-- AddThis Share Buttons generic via filter on get_the_excerpt --><\/p>\n","protected":false},"author":11,"featured_media":0,"comment_status":"open","ping_status":"closed","sticky":false,"template":"","format":"standard","meta":[],"categories":[3],"tags":[1136,1137,1138,872,933],"_links":{"self":[{"href":"https:\/\/blogs.hoy.es\/migas-canas\/wp-json\/wp\/v2\/posts\/1078"}],"collection":[{"href":"https:\/\/blogs.hoy.es\/migas-canas\/wp-json\/wp\/v2\/posts"}],"about":[{"href":"https:\/\/blogs.hoy.es\/migas-canas\/wp-json\/wp\/v2\/types\/post"}],"author":[{"embeddable":true,"href":"https:\/\/blogs.hoy.es\/migas-canas\/wp-json\/wp\/v2\/users\/11"}],"replies":[{"embeddable":true,"href":"https:\/\/blogs.hoy.es\/migas-canas\/wp-json\/wp\/v2\/comments?post=1078"}],"version-history":[{"count":0,"href":"https:\/\/blogs.hoy.es\/migas-canas\/wp-json\/wp\/v2\/posts\/1078\/revisions"}],"wp:attachment":[{"href":"https:\/\/blogs.hoy.es\/migas-canas\/wp-json\/wp\/v2\/media?parent=1078"}],"wp:term":[{"taxonomy":"category","embeddable":true,"href":"https:\/\/blogs.hoy.es\/migas-canas\/wp-json\/wp\/v2\/categories?post=1078"},{"taxonomy":"post_tag","embeddable":true,"href":"https:\/\/blogs.hoy.es\/migas-canas\/wp-json\/wp\/v2\/tags?post=1078"}],"curies":[{"name":"wp","href":"https:\/\/api.w.org\/{rel}","templated":true}]}}