{"id":11,"date":"2011-01-21T08:19:00","date_gmt":"2011-01-21T08:19:00","guid":{"rendered":"http:\/\/blogs.hoy.es\/migas-canas\/?p=11"},"modified":"2011-01-21T08:19:00","modified_gmt":"2011-01-21T08:19:00","slug":"el-flamenco-ha-llegado-al-hoy","status":"publish","type":"post","link":"https:\/\/blogs.hoy.es\/migas-canas\/2011\/01\/21\/el-flamenco-ha-llegado-al-hoy\/","title":{"rendered":"EL FLAMENCO HA LLEGADO AL HOY"},"content":{"rendered":"\n<div id=\"EIcolB\">\n<div id=\"articuloEI\">\n<div class=\"encabezadoEI\">\n<h2><A href=\"http:\/\/www.hoy.es\/prensa\/\" rel=\"nofollow\" ><IMG src=\"\/\/www.hoy.es\/img\/logoEI_hoy.gif\" alt=\"Diario Hoy. Edici\u00f3n Impresa\"><span>Edici\u00f3n Impresa<\/span><\/a><\/h2>\n<\/p><\/div>\n<div class=\"doc\" xmlns:gmt=\"http:\/\/www.jclark.com\/xt\/java\/FormatGMT\">\n<div class=\"story\">\n<div class=\"grouphead\">\n<div class=\"overhead\">\n<h4>OPINI\u00d3N<\/h4>\n<\/p><\/div>\n<div class=\"headline\">\n<div id=\"story-titulo\" class=\"ln\">\n<h1> <A href=\"http:\/\/www.hoy.es\/prensa\/20110121\/opinion\/flamenco-20110121.html\" rel=\"nofollow\"  target=\"_self\">Flamenco de HOY<\/a> <\/h1>\n<\/p><\/div>\n<\/p><\/div>\n<div class=\"subhead\"> <\/div>\n<\/p><\/div>\n<div class=\"date\"> <\/div>\n<div class=\"byline\">21.01.2011 &#8211;   <\/p>\n<div class=\"author\">\n<div class=\"name\" id=\"story-autor\">DIEGO ALGABA MANSILLA<\/div>\n<div class=\"description\" id=\"story-localidad\">BADAJOZ<\/div>\n<\/p><\/div>\n<\/p><\/div>\n<div class=\"OpcArt\">\n<div class=\"OpcArtB\">\n<div id=\"envianoticia\"><A href=\"javascript:window.print();\" class=\"imprimir\"><\/a><\/p>\n<div id=\"contenidoenvianoticia\">\n<form name=\"envio_noticia\">\n<fieldset>\n<div class=\"envianoticia\">\n<div class=\"envianoticiaI\">\n<table border=\"0\" cellpadding=\"0\" cellspacing=\"0\" width=\"99%\">\n<tbody>\n<tr>\n<th>\n<\/th>\n<td><input name=\"nombre\" value=\"\" type=\"text\"><\/td>\n<th>\n<\/th>\n<td><input name=\"email_remitente\" value=\"\" type=\"text\"><\/td>\n<\/tr>\n<tr>\n<th>\n<\/th>\n<td><input name=\"para\" value=\"\" type=\"text\"><\/td>\n<th>\n<\/th>\n<\/tr>\n<\/tbody>\n<\/table><\/div>\n<div id=\"rectificanoticia\">\n<div id=\"contenidorectificanoticia\">\n<fieldset>\n<div class=\"rectificanoticia\">\n<div class=\"rectificanoticiaI\">\n<table border=\"0\" cellpadding=\"0\" cellspacing=\"0\" width=\"99%\">\n<tbody>\n<tr>\n<th width=\"12%\"><span class=\"obligatorio\"><\/span>\n<\/th>\n<td width=\"38%\"><input name=\"nombre\" value=\"\" type=\"text\"><\/td>\n<th width=\"9%\"><span class=\"obligatorio\"><\/span>\n<\/th>\n<td width=\"41%\"><input name=\"email\" value=\"\" type=\"text\"><\/td>\n<\/tr>\n<\/tbody>\n<\/table><\/div>\n<div class=\"rectificanoticiaD\">                           <textarea cols=\"5\" rows=\"5\"><\/textarea><\/div>\n<\/p><\/div>\n<\/fieldset><\/div>\n<\/p><\/div>\n<\/p><\/div>\n<\/fieldset><\/form>\n<\/p><\/div>\n<\/p><\/div>\n<\/p><\/div>\n<div id=\"envialanoticia\">  <\/div>\n<div id=\"rectificalanoticia\">                                    <\/div>\n<\/p><\/div>\n<div class=\"text\">\n<div class=\"barhead\">\n<div class=\"ln\" id=\"story-entradilla\"> <\/div>\n<\/p><\/div>\n<div class=\"p\" id=\"story-texto\">\n<div class=\"p\">Cuando era chico viv\u00eda en la calle Prim. Jugaba con otros ni\u00f1os en la plaza de Portugal, junto al edificio del HOY. Los ni\u00f1os de aquel barrio fuimos creciendo con la imagen y sonido de los engranajes de la maquinaria del peri\u00f3dico. El peri\u00f3dico cambi\u00f3 de sede. Nosotros tambi\u00e9n, pero mi padre mantuvo la costumbre de ir a comprarlo todos los d\u00edas. Nosotros, cinco hermanos, le\u00edamos por turnos las noticias a\u00fan frescas y crujientes de la ma\u00f1ana. Ahora mi padre tiene 90 a\u00f1os y le seguimos comprando el peri\u00f3dico. Desde aquellos a\u00f1os de la plaza de Portugal la evoluci\u00f3n del peri\u00f3dico ha sido notable, viviendo uno de sus mejores momentos en la actualidad. No hace mucho, el alcalde de Almendralejo escrib\u00eda una carta referida al bien hacer de sus columnistas. A m\u00ed tambi\u00e9n me gustan: Gratis total, de Juan Domingo, que todos sus art\u00edculos los adorna con citas. El postigo, de Rodr\u00edguez Lara, que escribe cada s\u00e1bado con iron\u00eda e inteligencia sobre cualquier tema. Los domingos, \u00c1ngel Ortiz hace una reflexi\u00f3n sobre la actualidad; la prosa fresca de Enrique Falc\u00f3, la casera y viajera de Alonso de la Torre y la \u00e1cida de Li\u00f1\u00e1n. El peri\u00f3dico tiene una nueva secci\u00f3n, de flamenco, a cargo de Mar\u00eda Isabel Rodr\u00edguez Palop. Me alegro mucho por ella, por el peri\u00f3dico y por sus lectores. Conozco el entusiasmo y la pasi\u00f3n que pone Mar\u00eda Isabel en todo lo que hace. Sabe mucho de flamenco y lo sabe contar. Desde peque\u00f1a lo ha vivido en su casa. As\u00ed que mi enhorabuena a ella y al HOY. <\/div>\n<\/div>\n<\/div>\n<\/div>\n<\/div>\n<\/div>\n<\/div>\n<!-- AddThis Advanced Settings generic via filter on the_content --><!-- AddThis Share Buttons generic via filter on the_content -->","protected":false},"excerpt":{"rendered":"<p>Edici\u00f3n Impresa OPINI\u00d3N Flamenco de HOY 21.01.2011 &#8211; DIEGO ALGABA MANSILLA BADAJOZ Cuando era chico viv\u00eda en la calle Prim. Jugaba con otros ni\u00f1os en la plaza de Portugal, junto al edificio del HOY. Los ni\u00f1os de aquel barrio fuimos creciendo con la imagen y sonido de los engranajes de la maquinaria del peri\u00f3dico. El [&hellip;]<!-- AddThis Advanced Settings generic via filter on get_the_excerpt --><!-- AddThis Share Buttons generic via filter on get_the_excerpt --><\/p>\n","protected":false},"author":10,"featured_media":0,"comment_status":"open","ping_status":"closed","sticky":false,"template":"","format":"standard","meta":[],"categories":[4],"tags":[454,547,689,793,922],"_links":{"self":[{"href":"https:\/\/blogs.hoy.es\/migas-canas\/wp-json\/wp\/v2\/posts\/11"}],"collection":[{"href":"https:\/\/blogs.hoy.es\/migas-canas\/wp-json\/wp\/v2\/posts"}],"about":[{"href":"https:\/\/blogs.hoy.es\/migas-canas\/wp-json\/wp\/v2\/types\/post"}],"author":[{"embeddable":true,"href":"https:\/\/blogs.hoy.es\/migas-canas\/wp-json\/wp\/v2\/users\/10"}],"replies":[{"embeddable":true,"href":"https:\/\/blogs.hoy.es\/migas-canas\/wp-json\/wp\/v2\/comments?post=11"}],"version-history":[{"count":0,"href":"https:\/\/blogs.hoy.es\/migas-canas\/wp-json\/wp\/v2\/posts\/11\/revisions"}],"wp:attachment":[{"href":"https:\/\/blogs.hoy.es\/migas-canas\/wp-json\/wp\/v2\/media?parent=11"}],"wp:term":[{"taxonomy":"category","embeddable":true,"href":"https:\/\/blogs.hoy.es\/migas-canas\/wp-json\/wp\/v2\/categories?post=11"},{"taxonomy":"post_tag","embeddable":true,"href":"https:\/\/blogs.hoy.es\/migas-canas\/wp-json\/wp\/v2\/tags?post=11"}],"curies":[{"name":"wp","href":"https:\/\/api.w.org\/{rel}","templated":true}]}}