{"id":110,"date":"2012-04-17T11:49:09","date_gmt":"2012-04-17T10:49:09","guid":{"rendered":"http:\/\/blogs.hoy.es\/migas-canas\/?p=110"},"modified":"2012-04-17T11:49:09","modified_gmt":"2012-04-17T10:49:09","slug":"bocadillo-de-calamares","status":"publish","type":"post","link":"https:\/\/blogs.hoy.es\/migas-canas\/2012\/04\/17\/bocadillo-de-calamares\/","title":{"rendered":"BOCADILLO DE CALAMARES"},"content":{"rendered":"<p>Ayer me  encontr\u00e9 con mi pasado. Estuvimos caminando  por los mismo lugares de siempre evocando ese mundo m\u00e1gico de aromas antiguos que quedaron grabados en la memoria de una generaci\u00f3n. Llegamos a San Francisco y recordamos el olor a calamares fritos del kiosco de los Martinez que impregnaba todo el parque con la fragancia del manjar que abr\u00eda el apetito de  los que pasaban por all\u00ed. Tambi\u00e9n de nosotros, unos pobres muchachos que en lugar de monedero llevabamos el capital debajo del brazo, en el interior de los libros, cuando estudiar era garant\u00eda de prestigio y empleo. El parque era un sabroso olor a rebozado marino que seduc\u00eda  al paseante  como hoy cautiva a todos los golosos el olor a reposter\u00eda que se expande por la avenida de Huelva.<br \/>\nEstuvimos tomando ca\u00f1as en la marina y all\u00ed volvimos a ver los gestos expresivos de Ricardo Puente y Enrique Segura en una interminable tertulia literaria. Todav\u00eda perdura en nuestra memoria la mesa de la cafeter\u00eda llena de libros manoseados, subrayados, leidos una y otra vez.<br \/>\nTomamos cervezas en aquel rinc\u00f3n desde donde no se ve\u00eda pasar a nadie hac\u00eda un L\u00f3pez de Ayala cerrado, excepto en la feria de San Juan que  ven\u00eda Lina Morgan y Manolo Escobar, el resto del a\u00f1o no hab\u00eda conciertos ni teatro, pero un d\u00eda de invierno, sin mucha publicidad, cant\u00f3 Labordeta,  todo un acontecimiento que  llen\u00f3 la sala de hombres y mujeres con jersey de punto  hechos a mano que emocionados y en pie gritaban \u201chabr\u00e1 un d\u00eda en que todos al levantar la vista veremos una tierra que diga libertad\u201d nunca m\u00e1s he visto a tanta persona con barba juntas. Hoy, desde esta esquina nueva y reformada, se ven como pasan camino de la taquilla un  buen n\u00famero de personas vestidas de zara. Muchos de los espectadores, se celebr\u00e9 un espect\u00e1culo de teatro,flamenco o  mag\u00eda,son los mismo. Esos  que acuden a todos los estrenos en un intento de pertenecer al mundo variopinto de la cultura. Tan importante es ver como ser visto y poder hablar de lo \u00faltimo que llega a la ciudad. Los fijos van a exposiciones conciertos y espect\u00e1culos formando parte de ese mundo cambiantes y caprichoso de las modas. existen los que selecionan los libros y los que leen cualquier cosas, los que van a todas las exposiones y los que  eligen.<br \/>\nMe desped\u00ed de mi pasado dej\u00e1ndole que se fuera a vagar por las calles del casco antiguo para poderlo contar otro d\u00eda mientras yo me perd\u00ed en el mundo nuevo de Valdepasillas y que tambi\u00e9n,alg\u00fan d\u00eda, alguien recordar\u00e1 como suyo.<\/p>\n<!-- AddThis Advanced Settings generic via filter on the_content --><!-- AddThis Share Buttons generic via filter on the_content -->","protected":false},"excerpt":{"rendered":"<p>Ayer me encontr\u00e9 con mi pasado. Estuvimos caminando por los mismo lugares de siempre evocando ese mundo m\u00e1gico de aromas antiguos que quedaron grabados en la memoria de una generaci\u00f3n. Llegamos a San Francisco y recordamos el olor a calamares fritos del kiosco de los Martinez que impregnaba todo el parque con la fragancia del [&hellip;]<!-- AddThis Advanced Settings generic via filter on get_the_excerpt --><!-- AddThis Share Buttons generic via filter on get_the_excerpt --><\/p>\n","protected":false},"author":10,"featured_media":0,"comment_status":"open","ping_status":"closed","sticky":false,"template":"","format":"standard","meta":[],"categories":[4],"tags":[],"_links":{"self":[{"href":"https:\/\/blogs.hoy.es\/migas-canas\/wp-json\/wp\/v2\/posts\/110"}],"collection":[{"href":"https:\/\/blogs.hoy.es\/migas-canas\/wp-json\/wp\/v2\/posts"}],"about":[{"href":"https:\/\/blogs.hoy.es\/migas-canas\/wp-json\/wp\/v2\/types\/post"}],"author":[{"embeddable":true,"href":"https:\/\/blogs.hoy.es\/migas-canas\/wp-json\/wp\/v2\/users\/10"}],"replies":[{"embeddable":true,"href":"https:\/\/blogs.hoy.es\/migas-canas\/wp-json\/wp\/v2\/comments?post=110"}],"version-history":[{"count":0,"href":"https:\/\/blogs.hoy.es\/migas-canas\/wp-json\/wp\/v2\/posts\/110\/revisions"}],"wp:attachment":[{"href":"https:\/\/blogs.hoy.es\/migas-canas\/wp-json\/wp\/v2\/media?parent=110"}],"wp:term":[{"taxonomy":"category","embeddable":true,"href":"https:\/\/blogs.hoy.es\/migas-canas\/wp-json\/wp\/v2\/categories?post=110"},{"taxonomy":"post_tag","embeddable":true,"href":"https:\/\/blogs.hoy.es\/migas-canas\/wp-json\/wp\/v2\/tags?post=110"}],"curies":[{"name":"wp","href":"https:\/\/api.w.org\/{rel}","templated":true}]}}