{"id":111,"date":"2012-04-21T10:56:46","date_gmt":"2012-04-21T09:56:46","guid":{"rendered":"http:\/\/blogs.hoy.es\/migas-canas\/?p=111"},"modified":"2012-04-21T10:56:46","modified_gmt":"2012-04-21T09:56:46","slug":"periodico-y-cafe","status":"publish","type":"post","link":"https:\/\/blogs.hoy.es\/migas-canas\/2012\/04\/21\/periodico-y-cafe\/","title":{"rendered":"PERIODICO Y CAF\u00c9"},"content":{"rendered":"<p>En el juego del lenguaje pol\u00edtico lo que m\u00e1s se oye \u00faltimamente es :\u201dCon la que esta cayendo\u201d. Una frase que se ha puesto de moda y es tan repetida por pol\u00edticos,columnistas y tertulianos como aquella empalagosa de \u201cun poquito de por favor\u201d \u00bfSe acuerda de aquellos brotes verdes que nunca florecieron? Los eufemismos vuelven. Los recortes se han sustituidos por ajustes igual que la crisis lo hizo por desaceleraci\u00f3n, un juego de palabras para decirnos bonito que cada vez vamos a estar peor.Palabras que intentan calmar las heridas que est\u00e1n produciendo las tijeras. Publicidad enga\u00f1osa como aquella de la campa\u00f1a electoral donde luc\u00eda en grandes carteles con fondo azul \u201cLo m\u00e1s importante el empleo\u201d. Dircusos meditados que parecen espont\u00e1neos, escondiendo insultos. Palabras dichas con voz ir\u00f3nica y sonrisa de medio lado \u201ca los funcionarios se le va a acabar el cafelito y el peri\u00f3dico\u201d, una puya m\u00e1s para mostrar al pa\u00eds lo malo que son los funcionarios y haciendolos culpables de la situaci\u00f3n y as\u00ed justicar, cuando sigan apretando hasta ahogar,que nos lo merecemos por vagos.Criticar a la administraci\u00f3n desde la administraci\u00f3n como aquellos maridos antiguos y catetos que  ridiculizaban a sus mujeres para hacer la gracieta delante, de sus tambi\u00e9n pateticos, amigos.<\/p>\n<!-- AddThis Advanced Settings generic via filter on the_content --><!-- AddThis Share Buttons generic via filter on the_content -->","protected":false},"excerpt":{"rendered":"<p>En el juego del lenguaje pol\u00edtico lo que m\u00e1s se oye \u00faltimamente es :\u201dCon la que esta cayendo\u201d. Una frase que se ha puesto de moda y es tan repetida por pol\u00edticos,columnistas y tertulianos como aquella empalagosa de \u201cun poquito de por favor\u201d \u00bfSe acuerda de aquellos brotes verdes que nunca florecieron? Los eufemismos vuelven. [&hellip;]<!-- AddThis Advanced Settings generic via filter on get_the_excerpt --><!-- AddThis Share Buttons generic via filter on get_the_excerpt --><\/p>\n","protected":false},"author":10,"featured_media":0,"comment_status":"open","ping_status":"closed","sticky":false,"template":"","format":"standard","meta":[],"categories":[4],"tags":[],"_links":{"self":[{"href":"https:\/\/blogs.hoy.es\/migas-canas\/wp-json\/wp\/v2\/posts\/111"}],"collection":[{"href":"https:\/\/blogs.hoy.es\/migas-canas\/wp-json\/wp\/v2\/posts"}],"about":[{"href":"https:\/\/blogs.hoy.es\/migas-canas\/wp-json\/wp\/v2\/types\/post"}],"author":[{"embeddable":true,"href":"https:\/\/blogs.hoy.es\/migas-canas\/wp-json\/wp\/v2\/users\/10"}],"replies":[{"embeddable":true,"href":"https:\/\/blogs.hoy.es\/migas-canas\/wp-json\/wp\/v2\/comments?post=111"}],"version-history":[{"count":0,"href":"https:\/\/blogs.hoy.es\/migas-canas\/wp-json\/wp\/v2\/posts\/111\/revisions"}],"wp:attachment":[{"href":"https:\/\/blogs.hoy.es\/migas-canas\/wp-json\/wp\/v2\/media?parent=111"}],"wp:term":[{"taxonomy":"category","embeddable":true,"href":"https:\/\/blogs.hoy.es\/migas-canas\/wp-json\/wp\/v2\/categories?post=111"},{"taxonomy":"post_tag","embeddable":true,"href":"https:\/\/blogs.hoy.es\/migas-canas\/wp-json\/wp\/v2\/tags?post=111"}],"curies":[{"name":"wp","href":"https:\/\/api.w.org\/{rel}","templated":true}]}}