{"id":1117,"date":"2017-05-27T23:05:06","date_gmt":"2017-05-27T22:05:06","guid":{"rendered":"http:\/\/blogs.hoy.es\/migas-canas\/?p=1117"},"modified":"2017-05-29T16:48:30","modified_gmt":"2017-05-29T15:48:30","slug":"el-viejo","status":"publish","type":"post","link":"https:\/\/blogs.hoy.es\/migas-canas\/2017\/05\/27\/el-viejo\/","title":{"rendered":"EL VIEJO"},"content":{"rendered":"<p class=\"western\" align=\"left\"><a href=\"https:\/\/static-blogs.hoy.es\/wp-content\/uploads\/sites\/8\/2017\/05\/DSC01407-3.jpg\"><img loading=\"lazy\" class=\"size-medium wp-image-1121 aligncenter\" src=\"https:\/\/static-blogs.hoy.es\/wp-content\/uploads\/sites\/8\/2017\/05\/DSC01407-3-300x225.jpg\" alt=\"dsc01407-3\" width=\"300\" height=\"225\" srcset=\"https:\/\/static-blogs.hoy.es\/wp-content\/uploads\/sites\/8\/2017\/05\/DSC01407-3-300x225.jpg 300w, https:\/\/static-blogs.hoy.es\/wp-content\/uploads\/sites\/8\/2017\/05\/DSC01407-3-768x576.jpg 768w, https:\/\/static-blogs.hoy.es\/wp-content\/uploads\/sites\/8\/2017\/05\/DSC01407-3-1024x768.jpg 1024w, https:\/\/static-blogs.hoy.es\/wp-content\/uploads\/sites\/8\/2017\/05\/DSC01407-3.jpg 1804w\" sizes=\"(max-width: 300px) 100vw, 300px\" \/><\/a>E<strong>n algunas ocasiones pienso m\u00e1s en las cosas que no me han ocurrido que en las vividas<\/strong>. Esas otras vidas que las circunstancias o las casualidades me negaron. Hoy veo como ha pasado el tiempo sin detenerse en amores id\u00edlicos, pasionales, viajes a los lugares m\u00e1s desconocidos y profundos de los sentimientos. Mi coraz\u00f3n se entristece pensando en ello, \u00bfquien lo entristece?, \u00bfalguien ajeno a mi?, \u00bfo fui yo solo caminando por las veredas del riesgo al buscar la meta sin disfrutar del recorrido? Descubr\u00ed caminos desconocidos cada d\u00eda como si naciera cada ma\u00f1ana de nuevo, sin dejar ra\u00edces, sin dejar poso, siempre descubriendo nuevos paisajes sin reparar en el pasado, correr siempre hacia adelante sin detenerme a mirar el paisaje. Despreciaba las veces que el sol me inund\u00f3 con su pl\u00e1cida calidez para acurrucarme entre sus brazos. Ten\u00eda unas expectativas que me alejaron de la realidad dej\u00e1ndome ciego de avaricia. Ahora, quiz\u00e1s, lo m\u00e1s importante es lo que dej\u00e9, pero lo no vivido ya no importa, no s\u00e9 caminar marcha atr\u00e1s, es un retorno imposible, ya no se puede retomar el camino de inicio, me da verg\u00fcenza, no tengo a\u00f1os y estoy viejo. El principio queda lejos para unas piernas cansadas, unas piernas con varices en los sentimientos y ampollas en la alma. Estoy mayor y el dolor f\u00edsico de piernas y brazos sustituyen a los dolores del coraz\u00f3n.<\/p>\n<p class=\"western\" align=\"left\">La puerta que da al balc\u00f3n de la vida se ha cerrado. Fuera hace fr\u00edo. El viento helador me da miedo. Es demasiado fuerte para unos huesos desvanecidos que ya no pueden soportar sin quebrarse el peso del fracaso.<\/p>\n<p class=\"western\" align=\"left\">Sin darme cuenta transcurrieron los a\u00f1os, atravesando caminos en los que no me detuve a escuchar el silencio. Siempre viv\u00eda agitado por el ruido de la m\u00fasica que sonaba en el siguiente prado.<\/p>\n<!-- AddThis Advanced Settings generic via filter on the_content --><!-- AddThis Share Buttons generic via filter on the_content -->","protected":false},"excerpt":{"rendered":"<p>En algunas ocasiones pienso m\u00e1s en las cosas que no me han ocurrido que en las vividas. Esas otras vidas que las circunstancias o las casualidades me negaron. Hoy veo como ha pasado el tiempo sin detenerse en amores id\u00edlicos, pasionales, viajes a los lugares m\u00e1s desconocidos y profundos de los sentimientos. Mi coraz\u00f3n se [&hellip;]<!-- AddThis Advanced Settings generic via filter on get_the_excerpt --><!-- AddThis Share Buttons generic via filter on get_the_excerpt --><\/p>\n","protected":false},"author":11,"featured_media":0,"comment_status":"open","ping_status":"closed","sticky":false,"template":"","format":"standard","meta":[],"categories":[3],"tags":[1065],"_links":{"self":[{"href":"https:\/\/blogs.hoy.es\/migas-canas\/wp-json\/wp\/v2\/posts\/1117"}],"collection":[{"href":"https:\/\/blogs.hoy.es\/migas-canas\/wp-json\/wp\/v2\/posts"}],"about":[{"href":"https:\/\/blogs.hoy.es\/migas-canas\/wp-json\/wp\/v2\/types\/post"}],"author":[{"embeddable":true,"href":"https:\/\/blogs.hoy.es\/migas-canas\/wp-json\/wp\/v2\/users\/11"}],"replies":[{"embeddable":true,"href":"https:\/\/blogs.hoy.es\/migas-canas\/wp-json\/wp\/v2\/comments?post=1117"}],"version-history":[{"count":5,"href":"https:\/\/blogs.hoy.es\/migas-canas\/wp-json\/wp\/v2\/posts\/1117\/revisions"}],"predecessor-version":[{"id":1124,"href":"https:\/\/blogs.hoy.es\/migas-canas\/wp-json\/wp\/v2\/posts\/1117\/revisions\/1124"}],"wp:attachment":[{"href":"https:\/\/blogs.hoy.es\/migas-canas\/wp-json\/wp\/v2\/media?parent=1117"}],"wp:term":[{"taxonomy":"category","embeddable":true,"href":"https:\/\/blogs.hoy.es\/migas-canas\/wp-json\/wp\/v2\/categories?post=1117"},{"taxonomy":"post_tag","embeddable":true,"href":"https:\/\/blogs.hoy.es\/migas-canas\/wp-json\/wp\/v2\/tags?post=1117"}],"curies":[{"name":"wp","href":"https:\/\/api.w.org\/{rel}","templated":true}]}}