{"id":1140,"date":"2017-07-09T06:55:10","date_gmt":"2017-07-09T05:55:10","guid":{"rendered":"http:\/\/blogs.hoy.es\/migas-canas\/?p=1140"},"modified":"2017-07-09T06:55:10","modified_gmt":"2017-07-09T05:55:10","slug":"no-quiero-mas-noches","status":"publish","type":"post","link":"https:\/\/blogs.hoy.es\/migas-canas\/2017\/07\/09\/no-quiero-mas-noches\/","title":{"rendered":"NO QUIERO M\u00c1S NOCHES"},"content":{"rendered":"<p class=\"western\"><a href=\"https:\/\/static-blogs.hoy.es\/wp-content\/uploads\/sites\/8\/2017\/05\/DSCN0453-2.jpg\"><img loading=\"lazy\" class=\"alignnone size-medium wp-image-1102\" src=\"https:\/\/static-blogs.hoy.es\/wp-content\/uploads\/sites\/8\/2017\/05\/DSCN0453-2-300x225.jpg\" alt=\"dscn0453-2\" width=\"300\" height=\"225\" srcset=\"https:\/\/static-blogs.hoy.es\/wp-content\/uploads\/sites\/8\/2017\/05\/DSCN0453-2-300x225.jpg 300w, https:\/\/static-blogs.hoy.es\/wp-content\/uploads\/sites\/8\/2017\/05\/DSCN0453-2-768x576.jpg 768w, https:\/\/static-blogs.hoy.es\/wp-content\/uploads\/sites\/8\/2017\/05\/DSCN0453-2-1024x768.jpg 1024w, https:\/\/static-blogs.hoy.es\/wp-content\/uploads\/sites\/8\/2017\/05\/DSCN0453-2.jpg 1152w\" sizes=\"(max-width: 300px) 100vw, 300px\" \/><\/a>Dices que vendr\u00e1s por la noche. A esa hora en la que Antonio L\u00f3pez ya ha recogido los pinceles y el sol deja de dar luz a los membrillos para entrar en los grises de una tarde que anuncia la oscuridad. Una oscuridad que hace confundir colores y sue\u00f1os; Vida y muerte,<\/p>\n<p class=\"western\">La noche tiene ese escenario de m\u00e1scaras que esconde el rostro de la verdad. Un mundo donde no se aprecia la belleza de las imperfecciones y donde los sentimientos bajan los pelda\u00f1os de dos en dos.<\/p>\n<p class=\"western\">Luego, ma\u00f1ana, como todos los ma\u00f1ana, la luz de la tarde regresar\u00e1 igual aunque con formas diferentes. Volver\u00e1 a gozar de la tierra, a enrojecer los campos, a sosegar el alma, a calmar la tarde de las incertidumbres del d\u00eda que se va.<\/p>\n<p class=\"western\">Lindes arropadas por la hierba que cubre como un manto sagrado las orillas de los surcos donde el agua corre libre y ligera hasta que la noche la transforme en est\u00e1tica escarcha.<\/p>\n<p class=\"western\">Dices que vendr\u00e1s por la noche. Si vienes ven de d\u00eda. Ya no quiero m\u00e1s noches.<\/p>\n<!-- AddThis Advanced Settings generic via filter on the_content --><!-- AddThis Share Buttons generic via filter on the_content -->","protected":false},"excerpt":{"rendered":"<p>Dices que vendr\u00e1s por la noche. A esa hora en la que Antonio L\u00f3pez ya ha recogido los pinceles y el sol deja de dar luz a los membrillos para entrar en los grises de una tarde que anuncia la oscuridad. Una oscuridad que hace confundir colores y sue\u00f1os; Vida y muerte, La noche tiene [&hellip;]<!-- AddThis Advanced Settings generic via filter on get_the_excerpt --><!-- AddThis Share Buttons generic via filter on get_the_excerpt --><\/p>\n","protected":false},"author":11,"featured_media":0,"comment_status":"open","ping_status":"closed","sticky":false,"template":"","format":"standard","meta":[],"categories":[3],"tags":[],"_links":{"self":[{"href":"https:\/\/blogs.hoy.es\/migas-canas\/wp-json\/wp\/v2\/posts\/1140"}],"collection":[{"href":"https:\/\/blogs.hoy.es\/migas-canas\/wp-json\/wp\/v2\/posts"}],"about":[{"href":"https:\/\/blogs.hoy.es\/migas-canas\/wp-json\/wp\/v2\/types\/post"}],"author":[{"embeddable":true,"href":"https:\/\/blogs.hoy.es\/migas-canas\/wp-json\/wp\/v2\/users\/11"}],"replies":[{"embeddable":true,"href":"https:\/\/blogs.hoy.es\/migas-canas\/wp-json\/wp\/v2\/comments?post=1140"}],"version-history":[{"count":1,"href":"https:\/\/blogs.hoy.es\/migas-canas\/wp-json\/wp\/v2\/posts\/1140\/revisions"}],"predecessor-version":[{"id":1143,"href":"https:\/\/blogs.hoy.es\/migas-canas\/wp-json\/wp\/v2\/posts\/1140\/revisions\/1143"}],"wp:attachment":[{"href":"https:\/\/blogs.hoy.es\/migas-canas\/wp-json\/wp\/v2\/media?parent=1140"}],"wp:term":[{"taxonomy":"category","embeddable":true,"href":"https:\/\/blogs.hoy.es\/migas-canas\/wp-json\/wp\/v2\/categories?post=1140"},{"taxonomy":"post_tag","embeddable":true,"href":"https:\/\/blogs.hoy.es\/migas-canas\/wp-json\/wp\/v2\/tags?post=1140"}],"curies":[{"name":"wp","href":"https:\/\/api.w.org\/{rel}","templated":true}]}}