{"id":1146,"date":"2017-07-21T22:29:50","date_gmt":"2017-07-21T21:29:50","guid":{"rendered":"http:\/\/blogs.hoy.es\/migas-canas\/?p=1146"},"modified":"2017-07-26T16:23:01","modified_gmt":"2017-07-26T15:23:01","slug":"los-mejores-2","status":"publish","type":"post","link":"https:\/\/blogs.hoy.es\/migas-canas\/2017\/07\/21\/los-mejores-2\/","title":{"rendered":"LOS MEJORES"},"content":{"rendered":"<p class=\"western\">Ten\u00eda vacaciones. Aprovech\u00e9 para de ir a pagar el IBI. Luego cog\u00ed el coche para <a href=\"https:\/\/static-blogs.hoy.es\/wp-content\/uploads\/sites\/8\/2017\/05\/DSC04511-2.jpg\"><img loading=\"lazy\" class=\"alignnone size-medium wp-image-1118\" src=\"https:\/\/static-blogs.hoy.es\/wp-content\/uploads\/sites\/8\/2017\/05\/DSC04511-2-300x225.jpg\" alt=\"dsc04511-2\" width=\"300\" height=\"225\" srcset=\"https:\/\/static-blogs.hoy.es\/wp-content\/uploads\/sites\/8\/2017\/05\/DSC04511-2-300x225.jpg 300w, https:\/\/static-blogs.hoy.es\/wp-content\/uploads\/sites\/8\/2017\/05\/DSC04511-2-768x576.jpg 768w, https:\/\/static-blogs.hoy.es\/wp-content\/uploads\/sites\/8\/2017\/05\/DSC04511-2.jpg 773w\" sizes=\"(max-width: 300px) 100vw, 300px\" \/><\/a>dar una vuelta por San Isidro. Pas\u00e9 por <strong>Suerte de Saavedra, ese barrio donde antes pon\u00edan el mercadillo los domingos y que todos conocemos como las Malvinas.<\/strong> Veo a personas arreglando las aceras. No son trabajadores del Ayuntamiento, <strong>son los vecinos que han salido a la calle con sus herramientas y sus manos para arreglar lo que no se arregla ni en periodo electoral<\/strong>. D\u00edas antes le\u00ed en este peri\u00f3dico una carta al director de <a href=\"https:\/\/static-blogs.hoy.es\/wp-content\/uploads\/sites\/8\/2017\/07\/DSC04877.jpg\"><img loading=\"lazy\" class=\"alignnone size-medium wp-image-1152\" src=\"https:\/\/static-blogs.hoy.es\/wp-content\/uploads\/sites\/8\/2017\/07\/DSC04877-300x225.jpg\" alt=\"dsc04877\" width=\"300\" height=\"225\" srcset=\"https:\/\/static-blogs.hoy.es\/wp-content\/uploads\/sites\/8\/2017\/07\/DSC04877-300x225.jpg 300w, https:\/\/static-blogs.hoy.es\/wp-content\/uploads\/sites\/8\/2017\/07\/DSC04877.jpg 644w\" sizes=\"(max-width: 300px) 100vw, 300px\" \/><\/a>una se\u00f1ora que se quejaba de lo mal que estaban las calles de <strong>San Fernando.<\/strong> Llevo el recibo del<strong> IBI<\/strong> todav\u00eda con la tinta fresca del sello del banco brincando indignado dentro del bolsillo del pantal\u00f3n. Me pregunto donde est\u00e1n los trabajadores del Ayuntamiento. Llego al campo y veo en el m\u00f3vil que los operarios del Ayuntamiento andan ocupados<strong> instalando un nuevo radar en la carretera de Circunvalaci\u00f3n<\/strong> y es que no se puede desatender el negocio. Dice el peri\u00f3dico que recaudan m\u00e1s de medio mill\u00f3n de euros.<\/p>\n<p class=\"western\"><a href=\"https:\/\/static-blogs.hoy.es\/wp-content\/uploads\/sites\/8\/2017\/05\/DSC04441-2.jpg\"><img loading=\"lazy\" class=\"alignnone size-medium wp-image-1092\" src=\"https:\/\/static-blogs.hoy.es\/wp-content\/uploads\/sites\/8\/2017\/05\/DSC04441-2-300x225.jpg\" alt=\"DSC04441 (2)\" width=\"300\" height=\"225\" srcset=\"https:\/\/static-blogs.hoy.es\/wp-content\/uploads\/sites\/8\/2017\/05\/DSC04441-2-300x225.jpg 300w, https:\/\/static-blogs.hoy.es\/wp-content\/uploads\/sites\/8\/2017\/05\/DSC04441-2-768x576.jpg 768w, https:\/\/static-blogs.hoy.es\/wp-content\/uploads\/sites\/8\/2017\/05\/DSC04441-2-1024x768.jpg 1024w, https:\/\/static-blogs.hoy.es\/wp-content\/uploads\/sites\/8\/2017\/05\/DSC04441-2.jpg 1288w\" sizes=\"(max-width: 300px) 100vw, 300px\" \/><\/a><strong>En Badajoz estamos que lo tiramos. Contratamos a los mejores<\/strong> y, adem\u00e1s, el Badajoz ha ascendido de categor\u00eda, eso si que hace salir a la gente a la calle, mucho m\u00e1s que <strong>CCOO y que UGT<\/strong> cuando piden trabajo para desempleados.<\/p>\n<p class=\"western\">Con esta nueva moda de fichar a los mejores podemos ver por las calles de Badajoz, no solo al<strong> hermano de Pedro de S\u00e1nchez,<\/strong> tambi\u00e9n encontrarnos por<strong> la Plaza de los Alf\u00e9reces a Mesi<\/strong>, por las tiendas del<strong> Faro a Ronaldo,<\/strong> fichados los dos para reforzar la plantilla y as\u00ed afrontar con \u00e9xito la nueva categor\u00eda. Quiz\u00e1s hasta el peri\u00f3dico se una a la nueva moda y contrate como columnistas a <strong>Manuel Vicent o Javier Mar\u00edas o a Mu\u00f1oz Molina<\/strong>. Yo me veo en el paro buscando otro peri\u00f3dico donde poder escribir. Tambi\u00e9n pueden traer a la c\u00e1rcel de Badajoz a los mejores, <strong>Urdangarin, Rato, Villar y un largo etc\u00e9tera.<\/strong><\/p>\n<p class=\"western\"><a href=\"https:\/\/static-blogs.hoy.es\/wp-content\/uploads\/sites\/8\/2017\/05\/DSC04602-3.jpg\"><img loading=\"lazy\" class=\"alignnone size-medium wp-image-1090\" src=\"https:\/\/static-blogs.hoy.es\/wp-content\/uploads\/sites\/8\/2017\/05\/DSC04602-3-300x225.jpg\" alt=\"DSC04602 (3)\" width=\"300\" height=\"225\" srcset=\"https:\/\/static-blogs.hoy.es\/wp-content\/uploads\/sites\/8\/2017\/05\/DSC04602-3-300x225.jpg 300w, https:\/\/static-blogs.hoy.es\/wp-content\/uploads\/sites\/8\/2017\/05\/DSC04602-3-768x576.jpg 768w, https:\/\/static-blogs.hoy.es\/wp-content\/uploads\/sites\/8\/2017\/05\/DSC04602-3-1024x768.jpg 1024w, https:\/\/static-blogs.hoy.es\/wp-content\/uploads\/sites\/8\/2017\/05\/DSC04602-3.jpg 1243w\" sizes=\"(max-width: 300px) 100vw, 300px\" \/><\/a>Lo peor es cuando Pedro S\u00e1nchez venga a visitar a su hermano. Badajoz es una ciudad para quedarse ya que medios de transporte tenemos pocos: una avioneta con horarios raros, un tren de cuando la mili era la mili y se conoc\u00eda como borreguero y el coche particular, aunque <strong>cualquiera sale a la calle en coche con tanto radar.<\/strong><\/p>\n<!-- AddThis Advanced Settings generic via filter on the_content --><!-- AddThis Share Buttons generic via filter on the_content -->","protected":false},"excerpt":{"rendered":"<p>Ten\u00eda vacaciones. Aprovech\u00e9 para de ir a pagar el IBI. Luego cog\u00ed el coche para dar una vuelta por San Isidro. Pas\u00e9 por Suerte de Saavedra, ese barrio donde antes pon\u00edan el mercadillo los domingos y que todos conocemos como las Malvinas. Veo a personas arreglando las aceras. No son trabajadores del Ayuntamiento, son los [&hellip;]<!-- AddThis Advanced Settings generic via filter on get_the_excerpt --><!-- AddThis Share Buttons generic via filter on get_the_excerpt --><\/p>\n","protected":false},"author":11,"featured_media":0,"comment_status":"open","ping_status":"closed","sticky":false,"template":"","format":"standard","meta":[],"categories":[2],"tags":[1173,378,1169,1172,1165,1176,606,1164,1175,723,1174,828,1171,1166,901,1170,940,1167,1163,1168,1045],"_links":{"self":[{"href":"https:\/\/blogs.hoy.es\/migas-canas\/wp-json\/wp\/v2\/posts\/1146"}],"collection":[{"href":"https:\/\/blogs.hoy.es\/migas-canas\/wp-json\/wp\/v2\/posts"}],"about":[{"href":"https:\/\/blogs.hoy.es\/migas-canas\/wp-json\/wp\/v2\/types\/post"}],"author":[{"embeddable":true,"href":"https:\/\/blogs.hoy.es\/migas-canas\/wp-json\/wp\/v2\/users\/11"}],"replies":[{"embeddable":true,"href":"https:\/\/blogs.hoy.es\/migas-canas\/wp-json\/wp\/v2\/comments?post=1146"}],"version-history":[{"count":3,"href":"https:\/\/blogs.hoy.es\/migas-canas\/wp-json\/wp\/v2\/posts\/1146\/revisions"}],"predecessor-version":[{"id":1154,"href":"https:\/\/blogs.hoy.es\/migas-canas\/wp-json\/wp\/v2\/posts\/1146\/revisions\/1154"}],"wp:attachment":[{"href":"https:\/\/blogs.hoy.es\/migas-canas\/wp-json\/wp\/v2\/media?parent=1146"}],"wp:term":[{"taxonomy":"category","embeddable":true,"href":"https:\/\/blogs.hoy.es\/migas-canas\/wp-json\/wp\/v2\/categories?post=1146"},{"taxonomy":"post_tag","embeddable":true,"href":"https:\/\/blogs.hoy.es\/migas-canas\/wp-json\/wp\/v2\/tags?post=1146"}],"curies":[{"name":"wp","href":"https:\/\/api.w.org\/{rel}","templated":true}]}}