{"id":1157,"date":"2017-08-07T23:03:59","date_gmt":"2017-08-07T22:03:59","guid":{"rendered":"http:\/\/blogs.hoy.es\/migas-canas\/?p=1157"},"modified":"2017-08-07T23:03:59","modified_gmt":"2017-08-07T22:03:59","slug":"musica-para-el-espiritu","status":"publish","type":"post","link":"https:\/\/blogs.hoy.es\/migas-canas\/2017\/08\/07\/musica-para-el-espiritu\/","title":{"rendered":"M\u00daSICA PARA EL ESP\u00cdRITU"},"content":{"rendered":"<p class=\"western\"><a href=\"https:\/\/static-blogs.hoy.es\/wp-content\/uploads\/sites\/8\/2017\/08\/DSC00435-2.jpg\"><img loading=\"lazy\" class=\"alignnone size-medium wp-image-1158\" src=\"https:\/\/static-blogs.hoy.es\/wp-content\/uploads\/sites\/8\/2017\/08\/DSC00435-2-300x200.jpg\" alt=\"dsc00435-2\" width=\"300\" height=\"200\" srcset=\"https:\/\/static-blogs.hoy.es\/wp-content\/uploads\/sites\/8\/2017\/08\/DSC00435-2-300x200.jpg 300w, https:\/\/static-blogs.hoy.es\/wp-content\/uploads\/sites\/8\/2017\/08\/DSC00435-2.jpg 546w\" sizes=\"(max-width: 300px) 100vw, 300px\" \/><\/a>Viaj\u00e9 de <strong>Badajoz a C\u00e1cere<\/strong>s una tarde calurosa de \u00faltimos de julio. Par\u00e9 en <strong>Puebla de Obando<\/strong>, por un caf\u00e9 de un euro me regalaron una lata de Fanta. Par\u00e9 en el paisaje de piedra de los <strong>Barruecos<\/strong> donde el sol iluminaba las piedras negras d\u00e1ndole el misterio del silencio y la inquietud de la soledad.<\/p>\n<p class=\"western\">Para el museo de <strong>Vostell<\/strong> no hab\u00eda tiempo. Llegu\u00e9 a la iglesia de<strong> Garrovilla de Alcon\u00e9tar<\/strong> cuando comenzaron.<\/p>\n<p class=\"western\"><a href=\"https:\/\/static-blogs.hoy.es\/wp-content\/uploads\/sites\/8\/2017\/08\/DSC00457-2.jpg\"><img loading=\"lazy\" class=\"alignnone size-medium wp-image-1159\" src=\"https:\/\/static-blogs.hoy.es\/wp-content\/uploads\/sites\/8\/2017\/08\/DSC00457-2-300x200.jpg\" alt=\"dsc00457-2\" width=\"300\" height=\"200\" srcset=\"https:\/\/static-blogs.hoy.es\/wp-content\/uploads\/sites\/8\/2017\/08\/DSC00457-2-300x200.jpg 300w, https:\/\/static-blogs.hoy.es\/wp-content\/uploads\/sites\/8\/2017\/08\/DSC00457-2-768x511.jpg 768w, https:\/\/static-blogs.hoy.es\/wp-content\/uploads\/sites\/8\/2017\/08\/DSC00457-2.jpg 819w\" sizes=\"(max-width: 300px) 100vw, 300px\" \/><\/a>Se llama<strong> Miguel \u00c1ngel<\/strong> y toca el <strong>Contrabajo<\/strong> en la<strong> Orquesta de Extremadura<\/strong>, Miguel \u00c1ngel es un Venezonalo de Badajoz y un entusiasta de la m\u00fasica,tambi\u00e9n es un estudioso de instrumento antiguos donde toca el <strong>Violone<\/strong> que es como un contrabajo pero con m\u00e1s cuerdas. Miguel \u00c1ngel, junto a<strong> Miguel del Barco<\/strong>, hijo del llerenese compositor del himno de Extremadura del mismo nombre, organiz\u00f3 un curso de m\u00fasicas antigua en <strong>Garrovilla de Alcon\u00e9tar<\/strong> para alumnos aventajados. Por la ma\u00f1ana ten\u00edan las clases, por la tarde daban conciertos en la<strong> Iglesia de Santa Mar\u00eda<\/strong>. Fui a escucharlos el viernes, el d\u00eda que actuaban los alumnos, anteriormente lo <a href=\"https:\/\/static-blogs.hoy.es\/wp-content\/uploads\/sites\/8\/2017\/08\/DSC00467.jpg\"><img loading=\"lazy\" class=\"alignnone size-medium wp-image-1160\" src=\"https:\/\/static-blogs.hoy.es\/wp-content\/uploads\/sites\/8\/2017\/08\/DSC00467-300x200.jpg\" alt=\"dsc00467\" width=\"300\" height=\"200\" srcset=\"https:\/\/static-blogs.hoy.es\/wp-content\/uploads\/sites\/8\/2017\/08\/DSC00467-300x200.jpg 300w, https:\/\/static-blogs.hoy.es\/wp-content\/uploads\/sites\/8\/2017\/08\/DSC00467-768x511.jpg 768w, https:\/\/static-blogs.hoy.es\/wp-content\/uploads\/sites\/8\/2017\/08\/DSC00467.jpg 819w\" sizes=\"(max-width: 300px) 100vw, 300px\" \/><\/a>hab\u00eda hecho los profesores, prestigiosos m\u00fasicos de todo el mundo.<\/p>\n<p class=\"western\">Aquel viernes pudimos disfrutar con la m\u00fasica de<strong> Bach<\/strong> de <strong>Mozart<\/strong>, de <strong>Handel<\/strong>, interpretado por j\u00f3venes talentos con instrumentos antiguos que sonaban a otros tiempos, a sonidos medievales, al relajante frescor de muros de Iglesia despu\u00e9s de atravesar en coche un paisaje de campos amarillentos.<\/p>\n<p class=\"western\">Cuando acab\u00f3 la m\u00fasica salimos de la iglesia con los sentidos todav\u00eda agrandados por el hechizo de las \u00faltimas notas, dejando un rastro de espiritualidad muda a nuestro paso. Salimos al pueblo. Aqu\u00ed quiero hacer otra parada para volver a escribir un \u00a1Oh! de asombro cuando descubr\u00ed aquella <strong>Plaza porticada<\/strong> en una noche donde la m\u00fasica puso la magia y la luna el embrujo. Una noche para enamorarse, para sentir,para prolongar ese misticismo de la sonoridad del <strong>\u00f3rgano Renacentista de la Iglesia<\/strong> manejado por <a href=\"https:\/\/static-blogs.hoy.es\/wp-content\/uploads\/sites\/8\/2017\/08\/DSC00411.jpg\"><img loading=\"lazy\" class=\"alignnone size-medium wp-image-1161\" src=\"https:\/\/static-blogs.hoy.es\/wp-content\/uploads\/sites\/8\/2017\/08\/DSC00411-300x200.jpg\" alt=\"dsc00411\" width=\"300\" height=\"200\" srcset=\"https:\/\/static-blogs.hoy.es\/wp-content\/uploads\/sites\/8\/2017\/08\/DSC00411-300x200.jpg 300w, https:\/\/static-blogs.hoy.es\/wp-content\/uploads\/sites\/8\/2017\/08\/DSC00411.jpg 682w\" sizes=\"(max-width: 300px) 100vw, 300px\" \/><\/a>los dedos prodigiosos de Miguel del Barco.<\/p>\n<p class=\"western\">Aquella noche, sentados en la plaza del pueblo, frente al<strong> corral de comedias,<\/strong> Miguel \u00c1ngel, con esa musicalidad en sus ilustrativas palabras nos habl\u00f3 con el entusiasmo de un alumno y con la sabidur\u00eda de un maestro.<\/p>\n<!-- AddThis Advanced Settings generic via filter on the_content --><!-- AddThis Share Buttons generic via filter on the_content -->","protected":false},"excerpt":{"rendered":"<p>Viaj\u00e9 de Badajoz a C\u00e1ceres una tarde calurosa de \u00faltimos de julio. Par\u00e9 en Puebla de Obando, por un caf\u00e9 de un euro me regalaron una lata de Fanta. Par\u00e9 en el paisaje de piedra de los Barruecos donde el sol iluminaba las piedras negras d\u00e1ndole el misterio del silencio y la inquietud de la [&hellip;]<!-- AddThis Advanced Settings generic via filter on get_the_excerpt --><!-- AddThis Share Buttons generic via filter on get_the_excerpt --><\/p>\n","protected":false},"author":11,"featured_media":0,"comment_status":"open","ping_status":"closed","sticky":false,"template":"","format":"standard","meta":[],"categories":[2],"tags":[1186,103,1178,1182,1180,1185,1188,1181,1177,1187,1184,1179,1183],"_links":{"self":[{"href":"https:\/\/blogs.hoy.es\/migas-canas\/wp-json\/wp\/v2\/posts\/1157"}],"collection":[{"href":"https:\/\/blogs.hoy.es\/migas-canas\/wp-json\/wp\/v2\/posts"}],"about":[{"href":"https:\/\/blogs.hoy.es\/migas-canas\/wp-json\/wp\/v2\/types\/post"}],"author":[{"embeddable":true,"href":"https:\/\/blogs.hoy.es\/migas-canas\/wp-json\/wp\/v2\/users\/11"}],"replies":[{"embeddable":true,"href":"https:\/\/blogs.hoy.es\/migas-canas\/wp-json\/wp\/v2\/comments?post=1157"}],"version-history":[{"count":1,"href":"https:\/\/blogs.hoy.es\/migas-canas\/wp-json\/wp\/v2\/posts\/1157\/revisions"}],"predecessor-version":[{"id":1162,"href":"https:\/\/blogs.hoy.es\/migas-canas\/wp-json\/wp\/v2\/posts\/1157\/revisions\/1162"}],"wp:attachment":[{"href":"https:\/\/blogs.hoy.es\/migas-canas\/wp-json\/wp\/v2\/media?parent=1157"}],"wp:term":[{"taxonomy":"category","embeddable":true,"href":"https:\/\/blogs.hoy.es\/migas-canas\/wp-json\/wp\/v2\/categories?post=1157"},{"taxonomy":"post_tag","embeddable":true,"href":"https:\/\/blogs.hoy.es\/migas-canas\/wp-json\/wp\/v2\/tags?post=1157"}],"curies":[{"name":"wp","href":"https:\/\/api.w.org\/{rel}","templated":true}]}}