{"id":116,"date":"2012-06-15T07:11:23","date_gmt":"2012-06-15T06:11:23","guid":{"rendered":"http:\/\/blogs.hoy.es\/migas-canas\/?p=116"},"modified":"2012-06-15T07:11:23","modified_gmt":"2012-06-15T06:11:23","slug":"feria-de-san-juan","status":"publish","type":"post","link":"https:\/\/blogs.hoy.es\/migas-canas\/2012\/06\/15\/feria-de-san-juan\/","title":{"rendered":"FERIA DE SAN JUAN"},"content":{"rendered":"<p>Los ve\u00eda pasar desde el balc\u00f3n de mi casa,caminaban en familia, parec\u00edan soldados de  un regimiento sin mandos, sin prisas, disfrutando del paseo, uniformados con ropa de vestir. Ellos:  pantalones blancos y camisas de botones, ellas:  zapatos de tac\u00f3n y medias negras, un \u00fanico traje para ferias y bodas,  no hab\u00eda  dinero para trapos, no exist\u00eda el kiavi ni la secci\u00f3n de ropa de Carrefur.  lo importante era ir limpio y bien peinado.<br \/>\nPublicidad Jose Luis anunciaba a trav\u00e9s de un altavoz colocado en el techo de su autom\u00f3vil  las actuaciones en la caseta de las lomas: Rocio Jurado, Triana y los Pecos. La noria giraba y se ve\u00eda desde todas las partes de la ciudad como hoy se ve el edificio de Caja Badajoz. La feria estaba cerca, se pod\u00eda ir andando y regresar a gatas. Ahora no, ya no se palpa ese ambiente festivo. En una ciudad peque\u00f1a se ha dividido la feria  est\u00e1n los que van al casco antiguo y los que van a la frontera de Caya. divides y perder\u00e1s. Antes todos nos encontr\u00e1bamos en el albero del ferial con la orquestas de fondo agach\u00e1ndonos y volvi\u00e9ndonos a levantar a ritmo de Paquito el chocolatero. Hoy la feria esta en el quinto pino como su caseta m\u00e1s marchosa. Se acabaron aquellas noches abiertas a las estrellas aderezadas con pasobles, pinchitos, pollos asados,la rica manzana acaramelada, algod\u00f3n de az\u00facar, coco reci\u00e9n regados, fruta escarchada, turr\u00f3n de Castuera, escopetas de feria, el siempre toca, si no es un pito es una pelota. Desde hace unos a\u00f1os esta de moda ir al casco antiguo de bar en bar, como un d\u00eda  cualquiera. Aunque tengamos farolillos con el dibujo del toro encima de la cabeza aunque pongan canciones de Camela, nunca sonaran igual que en la pista de coches chocantes,  a mi me sigue gustando pisar la tierra del ferial porque si no parece que no estoy de feria.<br \/>\nTengo nostalgia de aquellos a\u00f1os en los no exist\u00eda el m\u00f3vil y donde solo eran necesario cuatro amigos con los que disfrutar sin el impedimento del tel\u00e9fono. Hoy, el personal, lo que hace es ignorar a los presentes, en lugar de beber hablar, cantar, bailar y ligar, sacan el reportero que cada uno lleva dentro para contar la feria en directo a los ausentes a trav\u00e9s de  feisbu, twitter y tuenti.<br \/>\nRecuerdo aquellos a\u00f1os glorioso en los que a  las cinco de la tarde los taurinos cog\u00edan las botas de vino y el coj\u00edn y  marchaban camino de la plaza dejando el terreno libre a los dem\u00e1s.<br \/>\nCuantas cornadas dieron aquellos toros aunque las  cornadas importantes siempre las dio la vida.<\/p>\n<!-- AddThis Advanced Settings generic via filter on the_content --><!-- AddThis Share Buttons generic via filter on the_content -->","protected":false},"excerpt":{"rendered":"<p>Los ve\u00eda pasar desde el balc\u00f3n de mi casa,caminaban en familia, parec\u00edan soldados de un regimiento sin mandos, sin prisas, disfrutando del paseo, uniformados con ropa de vestir. Ellos: pantalones blancos y camisas de botones, ellas: zapatos de tac\u00f3n y medias negras, un \u00fanico traje para ferias y bodas, no hab\u00eda dinero para trapos, no [&hellip;]<!-- AddThis Advanced Settings generic via filter on get_the_excerpt --><!-- AddThis Share Buttons generic via filter on get_the_excerpt --><\/p>\n","protected":false},"author":10,"featured_media":0,"comment_status":"open","ping_status":"closed","sticky":false,"template":"","format":"standard","meta":[],"categories":[4],"tags":[],"_links":{"self":[{"href":"https:\/\/blogs.hoy.es\/migas-canas\/wp-json\/wp\/v2\/posts\/116"}],"collection":[{"href":"https:\/\/blogs.hoy.es\/migas-canas\/wp-json\/wp\/v2\/posts"}],"about":[{"href":"https:\/\/blogs.hoy.es\/migas-canas\/wp-json\/wp\/v2\/types\/post"}],"author":[{"embeddable":true,"href":"https:\/\/blogs.hoy.es\/migas-canas\/wp-json\/wp\/v2\/users\/10"}],"replies":[{"embeddable":true,"href":"https:\/\/blogs.hoy.es\/migas-canas\/wp-json\/wp\/v2\/comments?post=116"}],"version-history":[{"count":0,"href":"https:\/\/blogs.hoy.es\/migas-canas\/wp-json\/wp\/v2\/posts\/116\/revisions"}],"wp:attachment":[{"href":"https:\/\/blogs.hoy.es\/migas-canas\/wp-json\/wp\/v2\/media?parent=116"}],"wp:term":[{"taxonomy":"category","embeddable":true,"href":"https:\/\/blogs.hoy.es\/migas-canas\/wp-json\/wp\/v2\/categories?post=116"},{"taxonomy":"post_tag","embeddable":true,"href":"https:\/\/blogs.hoy.es\/migas-canas\/wp-json\/wp\/v2\/tags?post=116"}],"curies":[{"name":"wp","href":"https:\/\/api.w.org\/{rel}","templated":true}]}}