{"id":1164,"date":"2017-08-09T18:21:18","date_gmt":"2017-08-09T17:21:18","guid":{"rendered":"http:\/\/blogs.hoy.es\/migas-canas\/?p=1164"},"modified":"2017-08-09T18:26:18","modified_gmt":"2017-08-09T17:26:18","slug":"una-ciudad-con-rio-o-el-primer-beso","status":"publish","type":"post","link":"https:\/\/blogs.hoy.es\/migas-canas\/2017\/08\/09\/una-ciudad-con-rio-o-el-primer-beso\/","title":{"rendered":"UNA CIUDAD CON R\u00cdO O EL PRIMER BESO"},"content":{"rendered":"<p class=\"western\"><a href=\"https:\/\/static-blogs.hoy.es\/wp-content\/uploads\/sites\/8\/2017\/08\/DSC00092-3.jpg\"><img loading=\"lazy\" class=\"alignnone size-medium wp-image-1168\" src=\"https:\/\/static-blogs.hoy.es\/wp-content\/uploads\/sites\/8\/2017\/08\/DSC00092-3-300x200.jpg\" alt=\"dsc00092-3\" width=\"300\" height=\"200\" srcset=\"https:\/\/static-blogs.hoy.es\/wp-content\/uploads\/sites\/8\/2017\/08\/DSC00092-3-300x200.jpg 300w, https:\/\/static-blogs.hoy.es\/wp-content\/uploads\/sites\/8\/2017\/08\/DSC00092-3.jpg 765w\" sizes=\"(max-width: 300px) 100vw, 300px\" \/><\/a>No s\u00e9 si hac\u00eda menos calor que ahora o lo soportaba mejor entonces. <strong>Los a\u00f1os. Esa pesadez del tiempo que no solo cae sobre nuestros cuerpos enlenteciendo sus movimiento, tambi\u00e9n en el alma arrastrando recuerdos en noches de vinos y nostalgias.<\/strong><\/p>\n<p class=\"western\">Aquel d\u00eda de mediados de Junio sent\u00ed la sensaci\u00f3n repentina de que me hac\u00eda mayor. <strong>Termin\u00f3 el curso<\/strong>. Aprob\u00e9 todo aunque solo obtuve buena nota en Literatura. El autor de aquel resultado no fui yo. Fue el profesor que tuvo la capacidad de sacar partido de un adolescente alelado. <strong>Enrique Segura<\/strong> me inyect\u00f3 el veneno de las letras. No s\u00e9 si estar agradecido por ello. Ha sido una carga que he soportado al ser ese tipo diferente, aburrido, que en lugar de decir lo mismo que todos para ser aceptado en el grupo se me escapaba de vez en cuando una frase le\u00edda en los libros, una cita del<strong> Quijote, o alg\u00fan ejemplo del Lazarillo, o del Libro del Buen Amor.<\/strong> Era un bicho raro que ten\u00eda entre mis entretenimiento la lectura por la que hab\u00eda abandonado cosas importante como el argot juvenil, ese c\u00f3digo secreto de palabras inventadas y gestos. <strong>Muchas veces me he preguntado qu\u00e9 habr\u00eda sido de mi si en lugar de haber tenido aquel profesor de Literatura hubiese sido otro el que me sedujera.<\/strong> Por ejemplo el de F\u00edsica, el de Qu\u00edmica. Quiz\u00e1s en lugar de estar escribiendo estar\u00eda ahora con los ojos aumentados por la lente del microscopio intentado descubrir los secretos de las c\u00e9lulas de la rana, o buscando algo que sirviera para curar el c\u00e1ncer, o quien sabe si me pondr\u00eda a buscar la inmortalidad, aunque a eso he llegado demasiado tarde. Tendr\u00eda que haberla encontrando antes de que muriera mi padre. \u00c9l fue el primero en dejarme un poco m\u00e1s solo. A fin de cuentas la literatura y la investigaci\u00f3n es lo mismo, so\u00f1ar.<\/p>\n<p class=\"western\"><strong>Aquel \u00faltimo d\u00eda del curso fuimos unos cuantos de la clase al r\u00edo Guadiana,<\/strong> al embarcadero. Un lugar que forma parte de mis a\u00f1os de juventud y donde siempre acababa cu\u00e1ndo ten\u00eda que celebrar cosas importantes: primer amor, primeros amigos, primeros tragos.<\/p>\n<p class=\"western\">Aquella ma\u00f1ana de Junio, con cinco compa\u00f1eros que hab\u00edamos pasado por las penalidades y alegr\u00edas del bachiller,<strong> sentados en la hierba de la orilla con unas latas de sardinas que se abr\u00edan girando una llave, un pan y dos litro de cerveza que pasaban de mano en mano para beber todos de la misma botella<\/strong>, tuve la sensaci\u00f3n de que mi vida iba a cambiar, de que iba a formar parte de ese numeroso club desconocido y aburrido de los adultos. Una nueva etapa en la que ten\u00eda que modelar mi vida, darle forma, comenzaba el momento de mudar la piel suave y protegida del ni\u00f1o por la \u00e1spera del hombre.<strong> Aquel d\u00eda en el r\u00edo sent\u00ed por primera vez todo el peso del porvenir en mi conciencia<\/strong> rodeado por unos compa\u00f1eros con la misma inquietudes que yo y que pens\u00e1bamos en el ma\u00f1ana con igual optimismo que pesimismo. Mirando el agua sent\u00edamos sed de futuro. Uno quer\u00eda ser banquero, otro arquitecto, profesiones m\u00e1s cercanas a las que conoc\u00edan en el ambiente familiar que a sus gustos. Cinco vidas iguales que desde ese momento tomar\u00edan rutas diferentes <strong>. A uno se lo llev\u00f3 por delante la hero\u00edna, otro se hizo maestro, otro m\u00e9dico, Miguel ingeniero y Luis, que no estudi\u00f3, fue diputado despu\u00e9s de pegar muchos carteles.<\/strong> Ahora es director general en una Consejer\u00eda. Cu\u00e1ndo me ve por la calle me saluda con un fuerte abrazo, aprieta mi espalda con la seguridad que tienen los que viven unos escalones por encima de nosotros.<\/p>\n<p class=\"western\">Recuerdo aquel d\u00eda igual que aquel a\u00f1o. Fue cuando la conoc\u00ed. Mi primera novia.<strong> Un primer amor para toda la vida que solo dur\u00f3 un verano.<\/strong> Un verano m\u00e1gico y dulz\u00f3n de besos y abrazos. Aquello era mejor que todo lo que hab\u00eda le\u00eddo. Muchos a\u00f1os tuvieron que pasar para darme cuenta que las historias de los libros son mejores que los paralizantes amores rom\u00e1nticos.<\/p>\n<p class=\"western\">Por la tarde iba con ella al embarcadero. Fue en uno de aquellos atardeceres naranjas en los que se fund\u00eda el sol con la luna y teniendo como \u00fanico testigo un r\u00edo de agua clara, cuando <strong>di mi primer beso. El beso puro de dos j\u00f3venes enredados en la hierba de la orilla.<\/strong> Aquel fue un momento mitol\u00f3gico en el que me pareci\u00f3 ver emerger del interior del agua un Neptuno de grandes barbas con tridente para gui\u00f1arme un ojo de complicidad.<strong> Una felicidad que nunca m\u00e1s volv\u00ed a sentir con esa sensaci\u00f3n primeriza de pasi\u00f3n y amor. Porque lo primero siempre fue lo primero aunque lo que estaba por llegar fuese mejor.<\/strong><\/p>\n<!-- AddThis Advanced Settings generic via filter on the_content --><!-- AddThis Share Buttons generic via filter on the_content -->","protected":false},"excerpt":{"rendered":"<p>No s\u00e9 si hac\u00eda menos calor que ahora o lo soportaba mejor entonces. Los a\u00f1os. Esa pesadez del tiempo que no solo cae sobre nuestros cuerpos enlenteciendo sus movimiento, tambi\u00e9n en el alma arrastrando recuerdos en noches de vinos y nostalgias. Aquel d\u00eda de mediados de Junio sent\u00ed la sensaci\u00f3n repentina de que me hac\u00eda [&hellip;]<!-- AddThis Advanced Settings generic via filter on get_the_excerpt --><!-- AddThis Share Buttons generic via filter on get_the_excerpt --><\/p>\n","protected":false},"author":11,"featured_media":0,"comment_status":"open","ping_status":"closed","sticky":false,"template":"","format":"standard","meta":[],"categories":[3],"tags":[1192,1189,1191,1190,915],"_links":{"self":[{"href":"https:\/\/blogs.hoy.es\/migas-canas\/wp-json\/wp\/v2\/posts\/1164"}],"collection":[{"href":"https:\/\/blogs.hoy.es\/migas-canas\/wp-json\/wp\/v2\/posts"}],"about":[{"href":"https:\/\/blogs.hoy.es\/migas-canas\/wp-json\/wp\/v2\/types\/post"}],"author":[{"embeddable":true,"href":"https:\/\/blogs.hoy.es\/migas-canas\/wp-json\/wp\/v2\/users\/11"}],"replies":[{"embeddable":true,"href":"https:\/\/blogs.hoy.es\/migas-canas\/wp-json\/wp\/v2\/comments?post=1164"}],"version-history":[{"count":3,"href":"https:\/\/blogs.hoy.es\/migas-canas\/wp-json\/wp\/v2\/posts\/1164\/revisions"}],"predecessor-version":[{"id":1169,"href":"https:\/\/blogs.hoy.es\/migas-canas\/wp-json\/wp\/v2\/posts\/1164\/revisions\/1169"}],"wp:attachment":[{"href":"https:\/\/blogs.hoy.es\/migas-canas\/wp-json\/wp\/v2\/media?parent=1164"}],"wp:term":[{"taxonomy":"category","embeddable":true,"href":"https:\/\/blogs.hoy.es\/migas-canas\/wp-json\/wp\/v2\/categories?post=1164"},{"taxonomy":"post_tag","embeddable":true,"href":"https:\/\/blogs.hoy.es\/migas-canas\/wp-json\/wp\/v2\/tags?post=1164"}],"curies":[{"name":"wp","href":"https:\/\/api.w.org\/{rel}","templated":true}]}}