{"id":117,"date":"2012-06-18T07:55:49","date_gmt":"2012-06-18T06:55:49","guid":{"rendered":"http:\/\/blogs.hoy.es\/migas-canas\/?p=117"},"modified":"2012-06-18T07:55:49","modified_gmt":"2012-06-18T06:55:49","slug":"cuanto-tiempo-se-puede-estar-callado","status":"publish","type":"post","link":"https:\/\/blogs.hoy.es\/migas-canas\/2012\/06\/18\/cuanto-tiempo-se-puede-estar-callado\/","title":{"rendered":"\u00bfCUANTO TIEMPO SE PUEDE ESTAR CALLADO?"},"content":{"rendered":"<p>El personal anda revuelto, asustado, expectante, oye radio, lee peri\u00f3dicos, ve telediarios, pregunta a los sindicatos, intenta  descubrir el significado de la palabra rescate,sobre todo las consecuencias, , El personal de la calle no sabe que son cien mil millones de euros al 3 por ciento. No entiende que lo que ayer era muy malo hoy es muy  bueno. El anuncio del temido y negado rescate solo le falt\u00f3 festejarlo con champ\u00e1n. La gente no entiende porque le dan tanto dinero al banco, ese gigante, que tiene los edificios m\u00e1s altos, las mejores casetas en la feria, los mejores trajes en las fiestas.<br \/>\nEl personal de la calle, sabe que el presidente quiere lo mejor para el pa\u00eds, pero&#8230; \u00bfque es lo mejor? La gente no entiende porque el Gobierno no muestra el mismo inter\u00e9s para crear trabajo, no entiende para que han recortado los sueldos si no son los ciudadanos quienes van a pagar la deuda. El pa\u00eds esta triste. El personal permanece en casa los s\u00e1bados y domingo por la ma\u00f1ana conectado a \u201cfacebook\u201d y twtter cuando antes estaban en la calle tomando ca\u00f1as,  cuatro bares de mi barrio tienen el cartel de se vende, y tres tiendas, y dos despachos&#8230; El presidente dice que quiere lo mejor para el pa\u00eds pero el personal  no se f\u00eda de su palabra, ya no solo se tiene licencia para mentir en  las costosas campa\u00f1as electorales.  \u00bfQue ocurre cuando las personas no se f\u00edan del diagn\u00f3stico de su m\u00e9dico?, \u00bfel alumno de su profesor? o \u00bfun hijo sabe que su padre le miente? Que sentimientos de  seguridad se desarrolla  cuando se tienen dudas de que lo dicho sea cierto. Queremos m\u00e1s que nunca saber, queremos justicia, \u00bfpero que pensar de la justicia cuando su mayor representante hace lo que hace y le parece que esta bien?, y el fiscal General del Estado, ese hombre al que conoc\u00edamos de su gran cultura cinematogr\u00e1fica dice que es dif\u00edcil diferenciar la actividad p\u00fablica de la privada, la ficci\u00f3n de la realidad.<br \/>\nEl personal esta expectante, resignado,mentalizado para  ser quien pague las consecuencias del desaguisado. \u00bfDurante cuanto tiempo se puede permanecer callado?<\/p>\n<!-- AddThis Advanced Settings generic via filter on the_content --><!-- AddThis Share Buttons generic via filter on the_content -->","protected":false},"excerpt":{"rendered":"<p>El personal anda revuelto, asustado, expectante, oye radio, lee peri\u00f3dicos, ve telediarios, pregunta a los sindicatos, intenta descubrir el significado de la palabra rescate,sobre todo las consecuencias, , El personal de la calle no sabe que son cien mil millones de euros al 3 por ciento. No entiende que lo que ayer era muy malo [&hellip;]<!-- AddThis Advanced Settings generic via filter on get_the_excerpt --><!-- AddThis Share Buttons generic via filter on get_the_excerpt --><\/p>\n","protected":false},"author":10,"featured_media":0,"comment_status":"open","ping_status":"closed","sticky":false,"template":"","format":"standard","meta":[],"categories":[4],"tags":[],"_links":{"self":[{"href":"https:\/\/blogs.hoy.es\/migas-canas\/wp-json\/wp\/v2\/posts\/117"}],"collection":[{"href":"https:\/\/blogs.hoy.es\/migas-canas\/wp-json\/wp\/v2\/posts"}],"about":[{"href":"https:\/\/blogs.hoy.es\/migas-canas\/wp-json\/wp\/v2\/types\/post"}],"author":[{"embeddable":true,"href":"https:\/\/blogs.hoy.es\/migas-canas\/wp-json\/wp\/v2\/users\/10"}],"replies":[{"embeddable":true,"href":"https:\/\/blogs.hoy.es\/migas-canas\/wp-json\/wp\/v2\/comments?post=117"}],"version-history":[{"count":0,"href":"https:\/\/blogs.hoy.es\/migas-canas\/wp-json\/wp\/v2\/posts\/117\/revisions"}],"wp:attachment":[{"href":"https:\/\/blogs.hoy.es\/migas-canas\/wp-json\/wp\/v2\/media?parent=117"}],"wp:term":[{"taxonomy":"category","embeddable":true,"href":"https:\/\/blogs.hoy.es\/migas-canas\/wp-json\/wp\/v2\/categories?post=117"},{"taxonomy":"post_tag","embeddable":true,"href":"https:\/\/blogs.hoy.es\/migas-canas\/wp-json\/wp\/v2\/tags?post=117"}],"curies":[{"name":"wp","href":"https:\/\/api.w.org\/{rel}","templated":true}]}}