{"id":1170,"date":"2017-08-17T18:11:01","date_gmt":"2017-08-17T17:11:01","guid":{"rendered":"http:\/\/blogs.hoy.es\/migas-canas\/?p=1170"},"modified":"2017-08-17T18:23:08","modified_gmt":"2017-08-17T17:23:08","slug":"llerena","status":"publish","type":"post","link":"https:\/\/blogs.hoy.es\/migas-canas\/2017\/08\/17\/llerena\/","title":{"rendered":"LLERENA"},"content":{"rendered":"<div id=\"attachment_1171\" style=\"width: 650px\" class=\"wp-caption alignnone\"><a href=\"https:\/\/static-blogs.hoy.es\/wp-content\/uploads\/sites\/8\/2017\/08\/conjunto-historico-artistico-llerena.jpg\"><img aria-describedby=\"caption-attachment-1171\" loading=\"lazy\" class=\"size-full wp-image-1171\" src=\"https:\/\/static-blogs.hoy.es\/wp-content\/uploads\/sites\/8\/2017\/08\/conjunto-historico-artistico-llerena.jpg\" alt=\"Foto subida de internet\" width=\"640\" height=\"428\" srcset=\"https:\/\/static-blogs.hoy.es\/wp-content\/uploads\/sites\/8\/2017\/08\/conjunto-historico-artistico-llerena.jpg 640w, https:\/\/static-blogs.hoy.es\/wp-content\/uploads\/sites\/8\/2017\/08\/conjunto-historico-artistico-llerena-300x201.jpg 300w\" sizes=\"(max-width: 640px) 100vw, 640px\" \/><\/a><p id=\"caption-attachment-1171\" class=\"wp-caption-text\">Foto subida de internet<\/p><\/div>\n<p class=\"western\"><strong>Leo en el HOY un reportaje sobre los cortos de Llerena.<\/strong> Cada a\u00f1o se presentan m\u00e1s pel\u00edculas, este 870. <strong>Los mejores cortos que se hacen en Espa\u00f1a pasan por este concurso<\/strong> que tiene un origen curioso.<\/p>\n<p class=\"western\"><a href=\"https:\/\/static-blogs.hoy.es\/wp-content\/uploads\/sites\/8\/2017\/08\/DSC00382-3.jpg\"><img loading=\"lazy\" class=\"alignnone size-full wp-image-1174\" src=\"https:\/\/static-blogs.hoy.es\/wp-content\/uploads\/sites\/8\/2017\/08\/DSC00382-3.jpg\" alt=\"dsc00382-3\" width=\"585\" height=\"439\" srcset=\"https:\/\/static-blogs.hoy.es\/wp-content\/uploads\/sites\/8\/2017\/08\/DSC00382-3.jpg 585w, https:\/\/static-blogs.hoy.es\/wp-content\/uploads\/sites\/8\/2017\/08\/DSC00382-3-300x225.jpg 300w\" sizes=\"(max-width: 585px) 100vw, 585px\" \/><\/a>Cuando empez\u00f3 todo <strong>yo viv\u00eda en Llerena.<\/strong> <strong>Paco Freire<\/strong> se fue a estudiar audiovisuales a Sevilla. Eran pocos los que hac\u00edan esa carrera. Una vacaciones que Paco estaba en al pueblo, por la Virgen, se fueron a los alrededores del <strong>castillo de Reina<\/strong> con una c\u00e1mara e improvisaron su primer corto que trataba sobre la pesca en secano. Con un ca\u00f1a y subidos a un olivo empezaron a improvisar ocurrencias y qued\u00f3 una grabaci\u00f3n graciosa y surrealista a esa hora de la ma\u00f1ana en la que empezaba a salir el sol y los bares nocturnos echaban el cierre para inundarse el pueblo con el olor a caf\u00e9 y churros de la Coronela. De aquella an\u00e9cdota viene esto. Las pel\u00edculas de un grupo de amigos que se pusieron el nombre de<strong> Morrimer<\/strong> y cuya obra mas conocida ha sido <strong>La<\/strong> <strong>columna de los ocho mil.<\/strong> Las pel\u00edculas se proyectan en las paredes blancas de un pueblo de cine que no tiene cine. Este a\u00f1os ha ganado en el apartado de la Campi\u00f1a Sur y Tentud\u00eda el corto &#8220;<strong>La Venganza&#8221; de Rogelio S\u00e1nchez.<\/strong> Conoc\u00ed a Rogelio cuando era un ni\u00f1o delgaducho y t\u00edmido que hablaba poco y observaba mucho. La pel\u00edcula la protagoniza <strong>Tere Montero,<\/strong> que participa en algunas ocasiones en la secci\u00f3n de cartas al director de est\u00e9 peri\u00f3dico y que es<\/p>\n<div id=\"attachment_1172\" style=\"width: 409px\" class=\"wp-caption alignnone\"><a href=\"https:\/\/static-blogs.hoy.es\/wp-content\/uploads\/sites\/8\/2017\/08\/45236759.jpg\"><img aria-describedby=\"caption-attachment-1172\" loading=\"lazy\" class=\"size-full wp-image-1172\" src=\"https:\/\/static-blogs.hoy.es\/wp-content\/uploads\/sites\/8\/2017\/08\/45236759.jpg\" alt=\"Foto subida de internet\" width=\"399\" height=\"600\" srcset=\"https:\/\/static-blogs.hoy.es\/wp-content\/uploads\/sites\/8\/2017\/08\/45236759.jpg 399w, https:\/\/static-blogs.hoy.es\/wp-content\/uploads\/sites\/8\/2017\/08\/45236759-200x300.jpg 200w\" sizes=\"(max-width: 399px) 100vw, 399px\" \/><\/a><p id=\"caption-attachment-1172\" class=\"wp-caption-text\">Foto subida de internet<\/p><\/div>\n<p class=\"western\">autora de 9 libros o libretos, como le gusta decir a ella.<\/p>\n<p class=\"western\">Veo por televisi\u00f3n a<strong> Alvaro Mart\u00edn Uriol Batuecas<\/strong>. Cuando viv\u00eda en <strong>Llerena<\/strong>, yo corr\u00eda medias maratones. Sal\u00eda a entrenar por el camino que va al pantano. Al contrario que ahora, que sales a a correr y tienes que ir sorteando corredores, cuando lo hac\u00eda en Llerena \u00edbamos <strong>Lola Labrador<\/strong> y yo solo por caminos v\u00edrgenes de pisadas deportivas y llenos de huellas de herraduras. De pronto empezamos a cruzarnos con dos jovencitos que ven\u00edan en sentido contrario, y si ya era raro encontrar a alguien corriendo m\u00e1s raro era verlos haciendo marcha. Lola, que era maestra y conoc\u00eda a los muchachos del pueblo, me dijo que eran <strong>el hijo de Basilio el abogado, y Alvaro, de Macarena, la veterinaria.<\/strong> Ahora, a\u00f1os despu\u00e9s, sentado frente a la televisi\u00f3n veo emocionado a aquel muchacho pecoso como queda noveno del mundo.<\/p>\n<p class=\"western\">Para conseguir los sue\u00f1os se necesita fe y constancia. Llerena sabe mucho de eso.<\/p>\n<!-- AddThis Advanced Settings generic via filter on the_content --><!-- AddThis Share Buttons generic via filter on the_content -->","protected":false},"excerpt":{"rendered":"<p>Leo en el HOY un reportaje sobre los cortos de Llerena. Cada a\u00f1o se presentan m\u00e1s pel\u00edculas, este 870. Los mejores cortos que se hacen en Espa\u00f1a pasan por este concurso que tiene un origen curioso. Cuando empez\u00f3 todo yo viv\u00eda en Llerena. Paco Freire se fue a estudiar audiovisuales a Sevilla. Eran pocos los [&hellip;]<!-- AddThis Advanced Settings generic via filter on get_the_excerpt --><!-- AddThis Share Buttons generic via filter on get_the_excerpt --><\/p>\n","protected":false},"author":11,"featured_media":0,"comment_status":"open","ping_status":"closed","sticky":false,"template":"","format":"standard","meta":[],"categories":[2],"tags":[1200,1193,1199,1196,1201,1195,1194,1197,965,1198],"_links":{"self":[{"href":"https:\/\/blogs.hoy.es\/migas-canas\/wp-json\/wp\/v2\/posts\/1170"}],"collection":[{"href":"https:\/\/blogs.hoy.es\/migas-canas\/wp-json\/wp\/v2\/posts"}],"about":[{"href":"https:\/\/blogs.hoy.es\/migas-canas\/wp-json\/wp\/v2\/types\/post"}],"author":[{"embeddable":true,"href":"https:\/\/blogs.hoy.es\/migas-canas\/wp-json\/wp\/v2\/users\/11"}],"replies":[{"embeddable":true,"href":"https:\/\/blogs.hoy.es\/migas-canas\/wp-json\/wp\/v2\/comments?post=1170"}],"version-history":[{"count":3,"href":"https:\/\/blogs.hoy.es\/migas-canas\/wp-json\/wp\/v2\/posts\/1170\/revisions"}],"predecessor-version":[{"id":1176,"href":"https:\/\/blogs.hoy.es\/migas-canas\/wp-json\/wp\/v2\/posts\/1170\/revisions\/1176"}],"wp:attachment":[{"href":"https:\/\/blogs.hoy.es\/migas-canas\/wp-json\/wp\/v2\/media?parent=1170"}],"wp:term":[{"taxonomy":"category","embeddable":true,"href":"https:\/\/blogs.hoy.es\/migas-canas\/wp-json\/wp\/v2\/categories?post=1170"},{"taxonomy":"post_tag","embeddable":true,"href":"https:\/\/blogs.hoy.es\/migas-canas\/wp-json\/wp\/v2\/tags?post=1170"}],"curies":[{"name":"wp","href":"https:\/\/api.w.org\/{rel}","templated":true}]}}