{"id":1182,"date":"2017-08-31T06:35:00","date_gmt":"2017-08-31T05:35:00","guid":{"rendered":"http:\/\/blogs.hoy.es\/migas-canas\/?p=1182"},"modified":"2017-08-31T06:35:00","modified_gmt":"2017-08-31T05:35:00","slug":"colas-en-agosto-2","status":"publish","type":"post","link":"https:\/\/blogs.hoy.es\/migas-canas\/2017\/08\/31\/colas-en-agosto-2\/","title":{"rendered":"COLAS EN AGOSTO"},"content":{"rendered":"<p class=\"western\"><a href=\"https:\/\/static-blogs.hoy.es\/wp-content\/uploads\/sites\/8\/2017\/08\/DSC01285-2.jpg\"><img loading=\"lazy\" class=\"alignnone size-full wp-image-1178\" src=\"https:\/\/static-blogs.hoy.es\/wp-content\/uploads\/sites\/8\/2017\/08\/DSC01285-2.jpg\" alt=\"dsc01285-2\" width=\"1308\" height=\"871\" srcset=\"https:\/\/static-blogs.hoy.es\/wp-content\/uploads\/sites\/8\/2017\/08\/DSC01285-2.jpg 1308w, https:\/\/static-blogs.hoy.es\/wp-content\/uploads\/sites\/8\/2017\/08\/DSC01285-2-300x200.jpg 300w, https:\/\/static-blogs.hoy.es\/wp-content\/uploads\/sites\/8\/2017\/08\/DSC01285-2-768x511.jpg 768w, https:\/\/static-blogs.hoy.es\/wp-content\/uploads\/sites\/8\/2017\/08\/DSC01285-2-1024x682.jpg 1024w\" sizes=\"(max-width: 1308px) 100vw, 1308px\" \/><\/a>El term\u00f3metro que mide las ausencias de Badajoz en agosto son los huecos libres en los aparcamientos y en este agosto hay muchos. Sin embargo, para los que nos quedamos,las colas y horas de espera aumentan.<\/p>\n<p class=\"western\">Fui a desayunar el domingo, dando un paseo en bici, a uno de los chiringuitos del r\u00edo. Los de Badajoz nos hemos acostumbrado a desayunar en la calle as\u00ed que solo hab\u00eda una mesa libre. Me sent\u00e9. Hab\u00eda una camarera. Una camarera que ten\u00eda m\u00e1s aspecto de estudiante universitaria gan\u00e1ndose unas perrillas que de profesional de la hosteler\u00eda. (ya escrib\u00ed un art\u00edculo sobre la Marina y aquellos camareros de antes) Ella, sola, atend\u00eda todas las mesas. No daba abasto. Hacia un trabajo disciplinado: apuntaba a bol\u00edgrafo la consumici\u00f3n, luego lo comunicaba a la cocina, despu\u00e9s ven\u00eda con una remesa de caf\u00e9s, luego sal\u00eda con otra bandeja de tostadas para repartir entre las mesas. Me puso el caf\u00e9 al cuarto de hora de pedirlo, cuando lo hab\u00eda tomado, me dijo, Ya queda poco para que salga la tostada\u201d. Contest\u00e9 que no se preocupase por la tostada. Pagu\u00e9 el caf\u00e9, 1,40 y me fui. Me pidi\u00f3 disculpa, pero ella no ten\u00eda la culpa, estaba sola para atender a todas las mesas y a los que hab\u00eda en la barra.<\/p>\n<p class=\"western\"><a href=\"https:\/\/static-blogs.hoy.es\/wp-content\/uploads\/sites\/8\/2017\/08\/DSC01045.jpg\"><img loading=\"lazy\" class=\"alignnone size-full wp-image-1183\" src=\"https:\/\/static-blogs.hoy.es\/wp-content\/uploads\/sites\/8\/2017\/08\/DSC01045.jpg\" alt=\"dsc01045\" width=\"1364\" height=\"908\" srcset=\"https:\/\/static-blogs.hoy.es\/wp-content\/uploads\/sites\/8\/2017\/08\/DSC01045.jpg 1364w, https:\/\/static-blogs.hoy.es\/wp-content\/uploads\/sites\/8\/2017\/08\/DSC01045-300x200.jpg 300w, https:\/\/static-blogs.hoy.es\/wp-content\/uploads\/sites\/8\/2017\/08\/DSC01045-768x511.jpg 768w, https:\/\/static-blogs.hoy.es\/wp-content\/uploads\/sites\/8\/2017\/08\/DSC01045-1024x682.jpg 1024w\" sizes=\"(max-width: 1364px) 100vw, 1364px\" \/><\/a>Nos hemos acostumbrado, amparados en la crisis, a que un solo trabajador realice el trabajo de dos o tres.<\/p>\n<p class=\"western\">En el Centro de Salud, donde en invierno hay cuatro personas atendiendo al p\u00fablico en verano hay una. Una administrativa corriendo para atr\u00e1s y para adelante,un tel\u00e9fono sonando sin ninguna mano para poderlo coger. Entran ganas de sentarse en alguna de las sillas que han quedado libre por vacaciones y no han sido ocupadas por ning\u00fan sustituto, para echar una mano. El trabajador atiende a dos o tres cosas a la vez. Personas enfermas guardando colas, gente enfadada, y un solo trabajador realizando la tarea de los compa\u00f1eros ausentes.<\/p>\n<p class=\"western\"><a href=\"https:\/\/static-blogs.hoy.es\/wp-content\/uploads\/sites\/8\/2017\/08\/DSC00104.jpg\"><img loading=\"lazy\" class=\"alignnone size-full wp-image-1185\" src=\"https:\/\/static-blogs.hoy.es\/wp-content\/uploads\/sites\/8\/2017\/08\/DSC00104.jpg\" alt=\"dsc00104\" width=\"1364\" height=\"908\" srcset=\"https:\/\/static-blogs.hoy.es\/wp-content\/uploads\/sites\/8\/2017\/08\/DSC00104.jpg 1364w, https:\/\/static-blogs.hoy.es\/wp-content\/uploads\/sites\/8\/2017\/08\/DSC00104-300x200.jpg 300w, https:\/\/static-blogs.hoy.es\/wp-content\/uploads\/sites\/8\/2017\/08\/DSC00104-768x511.jpg 768w, https:\/\/static-blogs.hoy.es\/wp-content\/uploads\/sites\/8\/2017\/08\/DSC00104-1024x682.jpg 1024w\" sizes=\"(max-width: 1364px) 100vw, 1364px\" \/><\/a>Dicen que ya no estamos en la misma situaci\u00f3n, que la econom\u00eda ha mejorado, pero los trabajadores siguen haciendo el mismo esfuerzo que se les exig\u00eda al principio de la crisis. Uno realizando el trabajo de tres.<\/p>\n<p class=\"western\">Las colas de Badajoz en agosto son como las de los museos de las grandes capitales cuando anuncian una exposici\u00f3n de Sorolla, de Dal\u00ed,o exhiben de nuevo el Guernica.<\/p>\n<!-- AddThis Advanced Settings generic via filter on the_content --><!-- AddThis Share Buttons generic via filter on the_content -->","protected":false},"excerpt":{"rendered":"<p>El term\u00f3metro que mide las ausencias de Badajoz en agosto son los huecos libres en los aparcamientos y en este agosto hay muchos. Sin embargo, para los que nos quedamos,las colas y horas de espera aumentan. Fui a desayunar el domingo, dando un paseo en bici, a uno de los chiringuitos del r\u00edo. Los de [&hellip;]<!-- AddThis Advanced Settings generic via filter on get_the_excerpt --><!-- AddThis Share Buttons generic via filter on get_the_excerpt --><\/p>\n","protected":false},"author":11,"featured_media":0,"comment_status":"open","ping_status":"closed","sticky":false,"template":"","format":"standard","meta":[],"categories":[2],"tags":[103,129,1205,1208,1206,389,1207,605,1209,1210],"_links":{"self":[{"href":"https:\/\/blogs.hoy.es\/migas-canas\/wp-json\/wp\/v2\/posts\/1182"}],"collection":[{"href":"https:\/\/blogs.hoy.es\/migas-canas\/wp-json\/wp\/v2\/posts"}],"about":[{"href":"https:\/\/blogs.hoy.es\/migas-canas\/wp-json\/wp\/v2\/types\/post"}],"author":[{"embeddable":true,"href":"https:\/\/blogs.hoy.es\/migas-canas\/wp-json\/wp\/v2\/users\/11"}],"replies":[{"embeddable":true,"href":"https:\/\/blogs.hoy.es\/migas-canas\/wp-json\/wp\/v2\/comments?post=1182"}],"version-history":[{"count":1,"href":"https:\/\/blogs.hoy.es\/migas-canas\/wp-json\/wp\/v2\/posts\/1182\/revisions"}],"predecessor-version":[{"id":1186,"href":"https:\/\/blogs.hoy.es\/migas-canas\/wp-json\/wp\/v2\/posts\/1182\/revisions\/1186"}],"wp:attachment":[{"href":"https:\/\/blogs.hoy.es\/migas-canas\/wp-json\/wp\/v2\/media?parent=1182"}],"wp:term":[{"taxonomy":"category","embeddable":true,"href":"https:\/\/blogs.hoy.es\/migas-canas\/wp-json\/wp\/v2\/categories?post=1182"},{"taxonomy":"post_tag","embeddable":true,"href":"https:\/\/blogs.hoy.es\/migas-canas\/wp-json\/wp\/v2\/tags?post=1182"}],"curies":[{"name":"wp","href":"https:\/\/api.w.org\/{rel}","templated":true}]}}