{"id":1188,"date":"2017-09-15T22:52:54","date_gmt":"2017-09-15T21:52:54","guid":{"rendered":"http:\/\/blogs.hoy.es\/migas-canas\/?p=1188"},"modified":"2017-09-15T22:52:54","modified_gmt":"2017-09-15T21:52:54","slug":"donde-nace-la-envidia","status":"publish","type":"post","link":"https:\/\/blogs.hoy.es\/migas-canas\/2017\/09\/15\/donde-nace-la-envidia\/","title":{"rendered":"DONDE NACE LA ENVIDIA"},"content":{"rendered":"<p class=\"western\"><a href=\"https:\/\/static-blogs.hoy.es\/wp-content\/uploads\/sites\/8\/2017\/09\/DSC01777-2.jpg\"><img loading=\"lazy\" class=\"alignnone size-full wp-image-1189\" src=\"https:\/\/static-blogs.hoy.es\/wp-content\/uploads\/sites\/8\/2017\/09\/DSC01777-2.jpg\" alt=\"dsc01777-2\" width=\"1364\" height=\"908\" srcset=\"https:\/\/static-blogs.hoy.es\/wp-content\/uploads\/sites\/8\/2017\/09\/DSC01777-2.jpg 1364w, https:\/\/static-blogs.hoy.es\/wp-content\/uploads\/sites\/8\/2017\/09\/DSC01777-2-300x200.jpg 300w, https:\/\/static-blogs.hoy.es\/wp-content\/uploads\/sites\/8\/2017\/09\/DSC01777-2-768x511.jpg 768w, https:\/\/static-blogs.hoy.es\/wp-content\/uploads\/sites\/8\/2017\/09\/DSC01777-2-1024x682.jpg 1024w\" sizes=\"(max-width: 1364px) 100vw, 1364px\" \/><\/a>Escribo esta Plaza Alta desde otra ciudad donde se siente Badajoz como al hijo al que no vemos sus defectos. Desde esa otra ciudad castellana que cuando respiras el aire de sus calles sientes el deseo de matricularse en una de las filolog\u00edas, y cuando entras en su <strong>Plaza Mayor<\/strong> quieres sentarte en una terraza para mirar, para ver a otras personas con vidas diferentes, marcadas por costumbres distintas. Aunque nos diferencie de ellos el paro, el tren, la pobreza&#8230; somos iguales o parecidos. La mano que da y la mano que espera. <a href=\"https:\/\/static-blogs.hoy.es\/wp-content\/uploads\/sites\/8\/2017\/09\/DSC01778-2.jpg\"><img loading=\"lazy\" class=\"alignnone size-full wp-image-1190\" src=\"https:\/\/static-blogs.hoy.es\/wp-content\/uploads\/sites\/8\/2017\/09\/DSC01778-2.jpg\" alt=\"dsc01778-2\" width=\"1364\" height=\"908\" srcset=\"https:\/\/static-blogs.hoy.es\/wp-content\/uploads\/sites\/8\/2017\/09\/DSC01778-2.jpg 1364w, https:\/\/static-blogs.hoy.es\/wp-content\/uploads\/sites\/8\/2017\/09\/DSC01778-2-300x200.jpg 300w, https:\/\/static-blogs.hoy.es\/wp-content\/uploads\/sites\/8\/2017\/09\/DSC01778-2-768x511.jpg 768w, https:\/\/static-blogs.hoy.es\/wp-content\/uploads\/sites\/8\/2017\/09\/DSC01778-2-1024x682.jpg 1024w\" sizes=\"(max-width: 1364px) 100vw, 1364px\" \/><\/a>Una plaza que absorbe mi atenci\u00f3n sin olvidar que en los pr\u00f3ximos d\u00edas me espera <strong>San Francisco<\/strong> con su olor a bocadillos de calamares, sus palomas y sus roedores. Si en <strong>Sevilla<\/strong> se te pone el cuerpo rumbero, en <strong>Salamanca<\/strong> se impregna del olor de la tinta de los libros colocados en la estanter\u00edas de sus librer\u00edas. Hay tantas y tan bonitas como en<strong> Badajoz<\/strong> bares. En Salamanca entran ganas de sentarte en el <strong>huerto de Melibea a<\/strong> leer la <strong>Celestina<\/strong>, o a orillas del <strong>Tormes<\/strong> junto a la estatua del Ciego y el <strong>Lazarillo <\/strong>para leer sus aventuras y desventuras, igual que en nuestro r\u00edo de nen\u00fafares mexicanos apetece leer a <a href=\"https:\/\/static-blogs.hoy.es\/wp-content\/uploads\/sites\/8\/2017\/09\/DSC01851-2.jpg\"><img loading=\"lazy\" class=\"alignnone size-full wp-image-1191\" src=\"https:\/\/static-blogs.hoy.es\/wp-content\/uploads\/sites\/8\/2017\/09\/DSC01851-2.jpg\" alt=\"dsc01851-2\" width=\"1124\" height=\"748\" srcset=\"https:\/\/static-blogs.hoy.es\/wp-content\/uploads\/sites\/8\/2017\/09\/DSC01851-2.jpg 1124w, https:\/\/static-blogs.hoy.es\/wp-content\/uploads\/sites\/8\/2017\/09\/DSC01851-2-300x200.jpg 300w, https:\/\/static-blogs.hoy.es\/wp-content\/uploads\/sites\/8\/2017\/09\/DSC01851-2-768x511.jpg 768w, https:\/\/static-blogs.hoy.es\/wp-content\/uploads\/sites\/8\/2017\/09\/DSC01851-2-1024x681.jpg 1024w\" sizes=\"(max-width: 1124px) 100vw, 1124px\" \/><\/a><strong>Valhondo, Lencero o Pacheco.<\/strong> Y c\u00f3mo no hacerte una fotograf\u00eda abrazado a la estatua de Unamuno igual que en Badajoz lo hacemos a altas horas de la madrugada con el Porrina y su guitarrista. Turistas con m\u00e1quinas de fotos de grandes objetivos colgadas del cuello, que intentan llevar a la pantalla de su ordenador la<strong> Catedral, la Casa de las Conchas, el Palacio de Fonseca,<\/strong> o captar la luz del embrujo de las calles de color del oro, tan misteriosas y diferentes como los atardeceres naranjas del <strong>Guadiana<\/strong> fotografiados con nuestros m\u00f3viles.<\/p>\n<p class=\"western\">En los alrededores de <strong>Salamanca<\/strong> la gente habla terminando las palabras en s y ado y dice mucho majo, aunque la plaza mayor sea una<strong> Babel<\/strong> de idiomas y acentos diferentes donde de vez en cuando se alza entre las voces un acho.<\/p>\n<p class=\"western\">Salamanca y su casco antiguo es una zona para fotografiar, para leer, para entrar en sus librer\u00edas y en sus bares aunque no te pongan a mediod\u00eda aperitivos como en Badajoz, y una voz familiar te diga, \u00bfDiego, lo de siempre? Y ah\u00ed es donde les nace la envidia.<\/p>\n<p class=\"western\">\n<p class=\"western\">\n<p class=\"western\">\n<!-- AddThis Advanced Settings generic via filter on the_content --><!-- AddThis Share Buttons generic via filter on the_content -->","protected":false},"excerpt":{"rendered":"<p>Escribo esta Plaza Alta desde otra ciudad donde se siente Badajoz como al hijo al que no vemos sus defectos. Desde esa otra ciudad castellana que cuando respiras el aire de sus calles sientes el deseo de matricularse en una de las filolog\u00edas, y cuando entras en su Plaza Mayor quieres sentarte en una terraza [&hellip;]<!-- AddThis Advanced Settings generic via filter on get_the_excerpt --><!-- AddThis Share Buttons generic via filter on get_the_excerpt --><\/p>\n","protected":false},"author":11,"featured_media":0,"comment_status":"open","ping_status":"closed","sticky":false,"template":"","format":"standard","meta":[],"categories":[2],"tags":[1220,1215,1211,1214,1221,632,1219,1212,1216,1213,1217,1218],"_links":{"self":[{"href":"https:\/\/blogs.hoy.es\/migas-canas\/wp-json\/wp\/v2\/posts\/1188"}],"collection":[{"href":"https:\/\/blogs.hoy.es\/migas-canas\/wp-json\/wp\/v2\/posts"}],"about":[{"href":"https:\/\/blogs.hoy.es\/migas-canas\/wp-json\/wp\/v2\/types\/post"}],"author":[{"embeddable":true,"href":"https:\/\/blogs.hoy.es\/migas-canas\/wp-json\/wp\/v2\/users\/11"}],"replies":[{"embeddable":true,"href":"https:\/\/blogs.hoy.es\/migas-canas\/wp-json\/wp\/v2\/comments?post=1188"}],"version-history":[{"count":1,"href":"https:\/\/blogs.hoy.es\/migas-canas\/wp-json\/wp\/v2\/posts\/1188\/revisions"}],"predecessor-version":[{"id":1192,"href":"https:\/\/blogs.hoy.es\/migas-canas\/wp-json\/wp\/v2\/posts\/1188\/revisions\/1192"}],"wp:attachment":[{"href":"https:\/\/blogs.hoy.es\/migas-canas\/wp-json\/wp\/v2\/media?parent=1188"}],"wp:term":[{"taxonomy":"category","embeddable":true,"href":"https:\/\/blogs.hoy.es\/migas-canas\/wp-json\/wp\/v2\/categories?post=1188"},{"taxonomy":"post_tag","embeddable":true,"href":"https:\/\/blogs.hoy.es\/migas-canas\/wp-json\/wp\/v2\/tags?post=1188"}],"curies":[{"name":"wp","href":"https:\/\/api.w.org\/{rel}","templated":true}]}}